{"id":5702,"date":"2023-12-14T14:19:34","date_gmt":"2023-12-14T14:19:34","guid":{"rendered":"https:\/\/livingmultimediosde.net.ar\/INDEX\/?p=5702"},"modified":"2023-12-14T14:19:34","modified_gmt":"2023-12-14T14:19:34","slug":"adorni-lo-que-se-vio-hasta-aqui-ha-sido-un-paquete-de-medidas-urgentes","status":"publish","type":"post","link":"https:\/\/livingmultimediosde.net.ar\/INDEX\/2023\/12\/adorni-lo-que-se-vio-hasta-aqui-ha-sido-un-paquete-de-medidas-urgentes\/","title":{"rendered":"Adorni: \u00abLo que se vio hasta aqu\u00ed ha sido un paquete de medidas urgentes\u00bb"},"content":{"rendered":"<div class=\"entry-content\">\n<div class=\"paragraph\">El Gobierno reiter\u00f3 sus cuestionamientos a la ley de Movilidad Jubilatoria por entender que genera una \u00abp\u00e9rdida del poder adquisitivo\u00bb para la clase pasiva, adelant\u00f3 que \u00abseguramente habr\u00e1 novedades\u00bb en cuanto a la modificaci\u00f3n de una ley de Alquileres que caus\u00f3 \u00abmucho da\u00f1o al mercado inmobiliario\u00bb, y critic\u00f3 el\u00a0<strong>\u00abesquema absolutamente injusto\u00bb de los subsidios al transporte p\u00fablico de pasajeros.<\/strong>&nbsp;<\/p>\n<p>As\u00ed lo se\u00f1al\u00f3 el vocero presidencial, Manuel Adorni, en su habitual conferencia de prensa matutina, en la que reiter\u00f3 conceptos que hab\u00eda formulado la noche de este mi\u00e9rcoles el ministro de Econom\u00eda, Luis Caputo, en cuanto a que las medidas anunciadas son \u00abun paquete de emergencia\u00bb y que en el Gobierno no est\u00e1n \u00abc\u00f3modos\u00bb ni \u00abde acuerdo\u00bb con muchos de sus puntos.<\/p>\n<p>En ese sentido, en referencia a la suba de al\u00edcuotas impositivas y la posible reversi\u00f3n de la modificaci\u00f3n del impuesto a las\u00a0<strong>Ganancias<\/strong>\u00a0aprobada meses atr\u00e1s, Adorni afirm\u00f3 que\u00a0<strong>\u00abcualquier correcci\u00f3n al alza de un impuesto va a ser de cort\u00edsimo plazo\u00bb<\/strong>\u00a0y formar\u00e1 parte del \u00abtel\u00f3n de fondo para lo que viene\u00bb.<\/p>\n<p>Luego de recalcar que\u00a0<strong>\u00ablo que se vio hasta aqu\u00ed ha sido un paquete de medidas urgentes\u00bb<\/strong>\u00a0para alcanzar el equilibrio fiscal, el portavoz del presidente Javier Milei indic\u00f3 que una vez que se supere esa etapa inicial se encarar\u00e1n reformas en varios aspectos de la econom\u00eda, entre los que destac\u00f3 las jubilaciones, los alquileres y los subsidios al transporte.<\/p>\n<p>Sobre sesto,<strong>\u00a0el vocero admiti\u00f3 que el presidente Javier Milei, vot\u00f3 como diputado nacional la eliminaci\u00f3n de la cuarta categor\u00eda del impuesto a las Ganancias<\/strong>, que fue impulsada por el entonces ministro de Econom\u00eda, Sergio Massa, pero aclar\u00f3 que el actual mandatario \u00abjam\u00e1s dej\u00f3 de decir que esa iniciativa ten\u00eda que ir acompa\u00f1ada por una reducci\u00f3n del gasto\u00bb p\u00fablico.<\/p>\n<p>\u00abEl presidente Milei, en su calidad de diputado, efectivamente vot\u00f3 una rebaja o modificaci\u00f3n del impuesto a las Ganancias. Jam\u00e1s dej\u00f3 de decir, de aclarar en su momento, que ten\u00eda que ir acompa\u00f1ada por una reducci\u00f3n del gasto y que eso ten\u00eda que ser ejecutada el Gobierno nacional. \u00c9l actu\u00f3 en su calidad de legislador y perfectamente y en l\u00ednea con su pensamiento\u00bb, remarc\u00f3 esta ma\u00f1ana Adorni, en su habitual conferencia de prensa diaria.<\/p>\n<p>Al respecto,\u00a0<strong>el vocero presidencial insisti\u00f3 en que las medidas anunciadas por el ministro de Econom\u00eda, Luis Caputo, \u00abes un paquete de emergencia y cualquier correcci\u00f3n ser\u00e1 de primero de cort\u00edsimo plazo\u00bb<\/strong>, y sostuvo que el Ejecutivo \u00absiempre hablar\u00e1 con la verdad\u00bb.<\/p>\n<p>En septiembre pasado, la C\u00e1mara de Diputados vot\u00f3 la rebaja en Ganancias impulsada por el oficialismo de Uni\u00f3n por la Patria y Milei, al fundamentar su apoyo, se\u00f1al\u00f3 que acompa\u00f1aba \u00abesa baja de impuestos porque es m\u00e1s libertad y porque devolv\u00eda derechos a la ciudadan\u00eda\u00bb.<br \/>\nAnte la posibilidad de suspender la vigencia de la ley de Movilidad Jubilatoria, Adorni dijo que \u00aben los c\u00e1lculos t\u00e9cnicos\u00bb que realiz\u00f3 el Ministerio de Econom\u00eda, se comprob\u00f3 que con la actual normativa \u00abse espera que el jubilado tenga una gran p\u00e9rdida del poder adquisitivo\u00bb.<\/p>\n<blockquote class=\"\"><p>\u00abLa decisi\u00f3n est\u00e1 tomada, el subsidio a la oferta va a desaparecer\u00bb<\/p><\/blockquote>\n<p>\u00abNo podemos permitir que un jubilado pierda un 40% de su poder adquisitivo en el corto plazo, eso efectivamente hay que corregirlo\u00bb, sentenci\u00f3, aunque prefiri\u00f3 no dar precisiones sobre qu\u00e9 modalidad se tomar\u00e1 como reemplazo de la ley vigente: \u00abhablamos sobre verdades y hechos ciertos, no sobre especulaciones y deseos\u00bb, manifest\u00f3, para agregar que informar\u00e1 al respecto \u00abcuando tengamos cada una de las precisiones\u00bb.<\/p>\n<p>Respecto de la\u00a0<strong>ley de Alquileres<\/strong>, advirti\u00f3 que \u00abha hecho mucho da\u00f1o al mercado inmobiliario y todo lo que hace da\u00f1o a la gente va a ser subsanado y corregido\u00bb.<\/p>\n<p>Sobre el tema, remarc\u00f3 que en<strong>\u00a0el oficialismo se promueve \u00absiempre la libertad de las partes en los contratos privados\u00bb, y que \u00abseguramente haya novedades\u00bb.<\/strong><\/p>\n<figure class=\"mb-3\"><img decoding=\"async\" data-src=\"https:\/\/www.telam.com.ar\/thumbs\/bluesteel\/advf\/imagenes\/2023\/12\/657ae66271a2e_1200.jpg\" class=\"lazy lazyload\" src=\"data:image\/gif;base64,R0lGODlhAQABAIAAAAAAAP\/\/\/yH5BAEAAAAALAAAAAABAAEAAAIBRAA7\" alt=\"Foto Gustavo Amarelle\" width=\"100%\" height=\"100%\" \/><noscript><img decoding=\"async\" class=\" lazy \" src=\"https:\/\/www.telam.com.ar\/thumbs\/bluesteel\/advf\/imagenes\/2023\/12\/657ae66271a2e_1200.jpg\" alt=\"Foto Gustavo Amarelle\" width=\"100%\" height=\"100%\"><\/noscript>&nbsp;<\/p>\n<div class=\"media-icons\"><\/div><figcaption>Foto: Gustavo Amarelle.<\/figcaption><\/figure>\n<p>Adorni tuvo una referencia extensa en su conferencia a los subsidios al transporte p\u00fablico de pasajeros, cuestionando tanto las inequidades regionales como las que existen entre usuarios de diferente poder adquisitivo dentro de una misma localidad.<\/p>\n<p>\u00abHoy hay gente que paga mucho m\u00e1s de lo que se pagan en el AMBA (\u00c1rea Metropolitana de Buenos Aires\u00bb, regi\u00f3n a la que calific\u00f3 como \u00abla madre de todo el esquema de subsidios), que es absolutamente injusto\u00bb.<\/p>\n<p>Tambi\u00e9n se puso como ejemplo para dejar en evidencia una \u00abinequidad\u00bb que, subray\u00f3, \u00abhay que pulverizarla: \u00abSi salgo de la Casa Rosada y me subo a un colectivo, aquel ni\u00f1o que hoy no tiene para alimentarse como corresponde me est\u00e1 pagando parte del boleto de colectivo que yo s\u00ed puedo pagar\u00bb, plante\u00f3.<\/p>\n<p><strong>\u00abLa decisi\u00f3n est\u00e1 tomada, el subsidio a la oferta va a desaparecer\u00bb<\/strong>, sostuvo, luego de asegurar que \u00ablo racional es que est\u00e9 focalizado en la demanda\u00bb.<\/p>\n<p>Adem\u00e1s, se refiri\u00f3 al \u00edndice de pobreza en el pa\u00eds y dijo que sobre \u00absorprende que quienes guardaron silencio ante el incremento de la pobreza y que acompa\u00f1aron pol\u00edticas que generaron inflaci\u00f3n cuestionen hoy las medidas econ\u00f3micas que anunci\u00f3 el ministro de Econom\u00eda, Luis Caputo. Estamos enfocados a evitar un desastre y siempre vamos a ser sinceros sobre la situaci\u00f3n que heredamos\u00bb.<\/p>\n<p>Indic\u00f3 que se trata de un \u00absector de la pol\u00edtica con un grado de \u00abresponsabilidad\u00bb en el gobierno anterior y lo acus\u00f3 de \u00abguardar silencio ante la inflaci\u00f3n \u00abdescontrolada\u00bb y los salarios \u00abmagros\u00bb que dej\u00f3 la administraci\u00f3n de Alberto Fern\u00e1ndez.<\/p>\n<p>De esa manera,\u00a0<strong>hizo referencia a un comunicado emitido por el bloque de diputados nacionales de Uni\u00f3n por la Patria (UxP) que afirma que \u00abhay una profundizaci\u00f3n en el rumbo tomado de los hist\u00f3ricos planes de ajuste en\u00a0Argentina\u00bb.<\/strong><\/p>\n<p>Los legisladores peronistas criticaron de esta forma las primeras medidas anunciadas por el ministro de Econom\u00eda, Luis Caputo, sobre \u00abparalizaci\u00f3n\u00bb de obras p\u00fablicas y \u00abeliminaci\u00f3n de los subsidios\u00bb, al tiempo que evaluaron que a causa de esas iniciativas, el \u00abtejido social se ver\u00e1 profundamente da\u00f1ado\u00bb.<\/p>\n<figure class=\"mb-3\"><img decoding=\"async\" data-src=\"https:\/\/www.telam.com.ar\/thumbs\/bluesteel\/advf\/imagenes\/2023\/12\/657ae6625970f_1200.jpg\" class=\"lazy lazyload\" src=\"data:image\/gif;base64,R0lGODlhAQABAIAAAAAAAP\/\/\/yH5BAEAAAAALAAAAAABAAEAAAIBRAA7\" alt=\"Foto Gustavo Amarelle\" width=\"100%\" height=\"100%\" \/><noscript><img decoding=\"async\" class=\" lazy \" src=\"https:\/\/www.telam.com.ar\/thumbs\/bluesteel\/advf\/imagenes\/2023\/12\/657ae6625970f_1200.jpg\" alt=\"Foto Gustavo Amarelle\" width=\"100%\" height=\"100%\"><\/noscript>&nbsp;<\/p>\n<div class=\"media-icons\"><\/div><figcaption>Foto: Gustavo Amarelle.<\/figcaption><\/figure>\n<p>Adorni, al responder a ese \u00abcomunicado\u00bb, subray\u00f3 que la \u00abdecisi\u00f3n\u00bb del gobierno de La Libertad Avanza (LLA) es \u00abhacer todo lo necesario\u00bb para\u00a0\u00abno apelar a los parches que da\u00f1aron\u00bb a Argentina.<\/p>\n<p>El funcionario apel\u00f3 a la \u00abhonestidad intelectual particularmente de quienes critican habiendo pertenecido\u00bb al anterior gobierno y \u00abapelaron al silencio\u00bb.<\/p>\n<p>\u00abEsto de cuestionarnos preventivamente nos llama la atenci\u00f3n cuando tiene que entenderse que creemos que efectivamente\u00a0estamos haciendo lo correcto en virtud de lo que tenemos, en virtud de lo que nos dejaron y en virtud de evitar cat\u00e1strofe mayor\u00bb, remarc\u00f3.<\/p>\n<p><strong>Al ser consultado sobre si se refer\u00eda a los pronunciamientos que formularon el pasado mi\u00e9rcoles los sectores sindicales sobre las iniciativas anunciadas por Caputo<\/strong>, el vocero presidencial aclar\u00f3 que se refer\u00eda a \u00abcr\u00edticas lanzadas por un grupo de diputados\u00bb que acompa\u00f1aron las pol\u00edticas que implement\u00f3 el exministro de Econom\u00eda Sergio Massa.<\/p>\n<p>\u00abNo me refiero a los sindicatos, con quienes aspiramos a tener la mejor relaci\u00f3n. Queremos que las paritarias sigan siendo libres\u00bb, remarc\u00f3 Adorni en el encuentro diario que mantiene con los medios de prensa acreditados en Casa Rosada.<\/p>\n<p>Al respecto, dijo que<strong>\u00a0se \u00absabe que los trabajadores est\u00e1n mal y no se puede seguir en esta Argentina de decadencia con estos niveles inflacionarios descontrolados\u00bb.<\/strong><\/p>\n<p>Por otro lado, en l\u00ednea con lo asegurado en la noche del pasado mi\u00e9rcoles por Caputo en una entrevista con la se\u00f1al de cable TN,\u00a0<strong>Adorni confirm\u00f3 la intenci\u00f3n del Gobierno de dar marcha atr\u00e1s con la ley de movilidad jubilatoria, seg\u00fan la cual -indic\u00f3- \u00ablos jubilados pueden perder un 40%\u00bb.<\/strong><\/p>\n<p>\u00abNo podemos admitir que un jubilado pierda un 40% de su poder adquisitivo en el corto plazo y esto hay que corregirlo\u00bb, puntualiz\u00f3.<\/p>\n<\/div>\n<div class=\"tags mt-4\"><\/div>\n<\/div>\n","protected":false},"excerpt":{"rendered":"<p>El Gobierno reiter\u00f3 sus cuestionamientos a la ley de Movilidad Jubilatoria por entender que genera una \u00abp\u00e9rdida del poder adquisitivo\u00bb para la clase pasiva, adelant\u00f3 que \u00abseguramente habr\u00e1 novedades\u00bb en cuanto a la modificaci\u00f3n de una ley de Alquileres que caus\u00f3 \u00abmucho da\u00f1o al mercado inmobiliario\u00bb, y critic\u00f3 el\u00a0\u00abesquema absolutamente injusto\u00bb de los subsidios al transporte p\u00fablico de pasajeros.&nbsp; As\u00ed lo se\u00f1al\u00f3 el vocero presidencial, Manuel Adorni, en su habitual conferencia de prensa matutina, en la que reiter\u00f3 conceptos que hab\u00eda formulado la noche de este mi\u00e9rcoles el ministro de&hellip;<\/p>\n","protected":false},"author":1,"featured_media":0,"comment_status":"open","ping_status":"closed","sticky":false,"template":"","format":"standard","meta":{"footnotes":""},"categories":[4],"tags":[],"class_list":["post-5702","post","type-post","status-publish","format-standard","hentry","category-interes-general"],"rttpg_featured_image_url":null,"rttpg_author":{"display_name":"rober","author_link":"https:\/\/livingmultimediosde.net.ar\/INDEX\/author\/rober\/"},"rttpg_comment":0,"rttpg_category":"<a href=\"https:\/\/livingmultimediosde.net.ar\/INDEX\/category\/interes-general\/\" rel=\"category tag\">INTERES GENERAL<\/a>","rttpg_excerpt":"El Gobierno reiter\u00f3 sus cuestionamientos a la ley de Movilidad Jubilatoria por entender que genera una \u00abp\u00e9rdida del poder adquisitivo\u00bb para la clase pasiva, adelant\u00f3 que \u00abseguramente habr\u00e1 novedades\u00bb en cuanto a la modificaci\u00f3n de una ley de Alquileres que caus\u00f3 \u00abmucho da\u00f1o al mercado inmobiliario\u00bb, y critic\u00f3 el\u00a0\u00abesquema absolutamente injusto\u00bb de los subsidios al&hellip;","_links":{"self":[{"href":"https:\/\/livingmultimediosde.net.ar\/INDEX\/wp-json\/wp\/v2\/posts\/5702","targetHints":{"allow":["GET"]}}],"collection":[{"href":"https:\/\/livingmultimediosde.net.ar\/INDEX\/wp-json\/wp\/v2\/posts"}],"about":[{"href":"https:\/\/livingmultimediosde.net.ar\/INDEX\/wp-json\/wp\/v2\/types\/post"}],"author":[{"embeddable":true,"href":"https:\/\/livingmultimediosde.net.ar\/INDEX\/wp-json\/wp\/v2\/users\/1"}],"replies":[{"embeddable":true,"href":"https:\/\/livingmultimediosde.net.ar\/INDEX\/wp-json\/wp\/v2\/comments?post=5702"}],"version-history":[{"count":1,"href":"https:\/\/livingmultimediosde.net.ar\/INDEX\/wp-json\/wp\/v2\/posts\/5702\/revisions"}],"predecessor-version":[{"id":5704,"href":"https:\/\/livingmultimediosde.net.ar\/INDEX\/wp-json\/wp\/v2\/posts\/5702\/revisions\/5704"}],"wp:attachment":[{"href":"https:\/\/livingmultimediosde.net.ar\/INDEX\/wp-json\/wp\/v2\/media?parent=5702"}],"wp:term":[{"taxonomy":"category","embeddable":true,"href":"https:\/\/livingmultimediosde.net.ar\/INDEX\/wp-json\/wp\/v2\/categories?post=5702"},{"taxonomy":"post_tag","embeddable":true,"href":"https:\/\/livingmultimediosde.net.ar\/INDEX\/wp-json\/wp\/v2\/tags?post=5702"}],"curies":[{"name":"wp","href":"https:\/\/api.w.org\/{rel}","templated":true}]}}