{"id":5696,"date":"2023-12-14T14:16:04","date_gmt":"2023-12-14T14:16:04","guid":{"rendered":"https:\/\/livingmultimediosde.net.ar\/INDEX\/?p=5696"},"modified":"2023-12-14T14:16:04","modified_gmt":"2023-12-14T14:16:04","slug":"el-gobernador-inauguro-el-moderno-edificio-de-la-policia-cientifica","status":"publish","type":"post","link":"https:\/\/livingmultimediosde.net.ar\/INDEX\/2023\/12\/el-gobernador-inauguro-el-moderno-edificio-de-la-policia-cientifica\/","title":{"rendered":"EL GOBERNADOR INAUGUR\u00d3 EL MODERNO EDIFICIO DE LA POLIC\u00cdA CIENT\u00cdFICA"},"content":{"rendered":"<div class=\"entry-content\">\n<p>El gobernador Gerardo Zamora dej\u00f3 inaugurado este mi\u00e9rcoles por la tarde el edificio de la Direcci\u00f3n General de Polic\u00eda Cient\u00edfica, ubicado en avenida S\u00e1enz Pe\u00f1a al 1200 de ciudad Capital.<br \/>\nEstuvo acompa\u00f1ado por el vicegobernador Carlos Silva Neder; el senador Jos\u00e9 Neder; el ministro de Gobierno, Marcelo Barbur; el secretario de Seguridad, Marcelo Pato; el jefe de Polic\u00eda, Roger Coronel; legisladoras provinciales; entre otros funcionarios de las fuerzas de seguridad.<br \/>\nEste lugar posee dos plantas. En la baja se encuentran la recepci\u00f3n, los departamentos de Laboratorio y de Investigaci\u00f3n Forense; las divisiones de Identificaci\u00f3n, Accidentolog\u00eda Vial, Antropolog\u00eda, Reconstrucci\u00f3n Virtual, Bal\u00edstica, Documentolog\u00eda y Grafolog\u00eda.<br \/>\nMientras que en planta alta est\u00e1n las oficinas administrativas, el despacho del director, secretar\u00eda, sala de reuniones, oficina de Desarrollo Organizacional, dep\u00f3sito de secuestros de m\u00e1xima y mediana seguridad.<br \/>\nEn lo que respecta al equipamiento tecnol\u00f3gico, el edificio de la Direcci\u00f3n General de Polic\u00eda Cient\u00edfica cuenta con un microscopio de barrido electr\u00f3nico SEM; Sistema E-graphing: software y tableta wacom 540; lupa UV; microscopio arcano; estaci\u00f3n digital para el an\u00e1lisis de evidencia; sonicador de 15 litros para limpieza a trav\u00e9s de microburbujas; lupa leica anal\u00f3gica y digital con c\u00e1mara integrada; gabinete DrySafe; equipo levantador de impresiones dactilares con caucho l\u00edquido; equipo de vaporizaci\u00f3n port\u00e1til; fumigador; c\u00e1mara de vaporizaci\u00f3n con cianocrilato; equipo Mini Blue Maxx III; microscopio comparador; video visor VIS-IR y dos microscopios binoculares de rutina con tablet.<br \/>\nLuego del corte de cintas, descubrimiento de placa y la invocaci\u00f3n religiosa a cargo del padre Luis Cruz, el mandatario recorri\u00f3 las dependencias donde pudo dialogar con el personal de cada una de las \u00e1reas e interiorizarse sobre el trabajo que realizan.<\/p>\n<div class=\"sharedaddy sd-sharing-enabled\"><\/div>\n<\/div>\n","protected":false},"excerpt":{"rendered":"<p>El gobernador Gerardo Zamora dej\u00f3 inaugurado este mi\u00e9rcoles por la tarde el edificio de la Direcci\u00f3n General de Polic\u00eda Cient\u00edfica, ubicado en avenida S\u00e1enz Pe\u00f1a al 1200 de ciudad Capital. Estuvo acompa\u00f1ado por el vicegobernador Carlos Silva Neder; el senador Jos\u00e9 Neder; el ministro de Gobierno, Marcelo Barbur; el secretario de Seguridad, Marcelo Pato; el jefe de Polic\u00eda, Roger Coronel; legisladoras provinciales; entre otros funcionarios de las fuerzas de seguridad. Este lugar posee dos plantas. En la baja se encuentran la recepci\u00f3n, los departamentos de Laboratorio y de Investigaci\u00f3n Forense;&hellip;<\/p>\n","protected":false},"author":1,"featured_media":0,"comment_status":"open","ping_status":"closed","sticky":false,"template":"","format":"standard","meta":{"footnotes":""},"categories":[1],"tags":[],"class_list":["post-5696","post","type-post","status-publish","format-standard","hentry","category-uncategorized"],"rttpg_featured_image_url":null,"rttpg_author":{"display_name":"rober","author_link":"https:\/\/livingmultimediosde.net.ar\/INDEX\/author\/rober\/"},"rttpg_comment":0,"rttpg_category":"<a href=\"https:\/\/livingmultimediosde.net.ar\/INDEX\/category\/uncategorized\/\" rel=\"category tag\">Uncategorized<\/a>","rttpg_excerpt":"El gobernador Gerardo Zamora dej\u00f3 inaugurado este mi\u00e9rcoles por la tarde el edificio de la Direcci\u00f3n General de Polic\u00eda Cient\u00edfica, ubicado en avenida S\u00e1enz Pe\u00f1a al 1200 de ciudad Capital. Estuvo acompa\u00f1ado por el vicegobernador Carlos Silva Neder; el senador Jos\u00e9 Neder; el ministro de Gobierno, Marcelo Barbur; el secretario de Seguridad, Marcelo Pato; el&hellip;","_links":{"self":[{"href":"https:\/\/livingmultimediosde.net.ar\/INDEX\/wp-json\/wp\/v2\/posts\/5696","targetHints":{"allow":["GET"]}}],"collection":[{"href":"https:\/\/livingmultimediosde.net.ar\/INDEX\/wp-json\/wp\/v2\/posts"}],"about":[{"href":"https:\/\/livingmultimediosde.net.ar\/INDEX\/wp-json\/wp\/v2\/types\/post"}],"author":[{"embeddable":true,"href":"https:\/\/livingmultimediosde.net.ar\/INDEX\/wp-json\/wp\/v2\/users\/1"}],"replies":[{"embeddable":true,"href":"https:\/\/livingmultimediosde.net.ar\/INDEX\/wp-json\/wp\/v2\/comments?post=5696"}],"version-history":[{"count":1,"href":"https:\/\/livingmultimediosde.net.ar\/INDEX\/wp-json\/wp\/v2\/posts\/5696\/revisions"}],"predecessor-version":[{"id":5698,"href":"https:\/\/livingmultimediosde.net.ar\/INDEX\/wp-json\/wp\/v2\/posts\/5696\/revisions\/5698"}],"wp:attachment":[{"href":"https:\/\/livingmultimediosde.net.ar\/INDEX\/wp-json\/wp\/v2\/media?parent=5696"}],"wp:term":[{"taxonomy":"category","embeddable":true,"href":"https:\/\/livingmultimediosde.net.ar\/INDEX\/wp-json\/wp\/v2\/categories?post=5696"},{"taxonomy":"post_tag","embeddable":true,"href":"https:\/\/livingmultimediosde.net.ar\/INDEX\/wp-json\/wp\/v2\/tags?post=5696"}],"curies":[{"name":"wp","href":"https:\/\/api.w.org\/{rel}","templated":true}]}}