{"id":5690,"date":"2023-12-13T12:57:13","date_gmt":"2023-12-13T12:57:13","guid":{"rendered":"https:\/\/livingmultimediosde.net.ar\/INDEX\/?p=5690"},"modified":"2023-12-13T12:57:13","modified_gmt":"2023-12-13T12:57:13","slug":"condenaron-a-40-anos-de-carcel-a-un-policia-que-mato-a-un-abogado-en-bogota","status":"publish","type":"post","link":"https:\/\/livingmultimediosde.net.ar\/INDEX\/2023\/12\/condenaron-a-40-anos-de-carcel-a-un-policia-que-mato-a-un-abogado-en-bogota\/","title":{"rendered":"Condenaron a 40 a\u00f1os de c\u00e1rcel a un polic\u00eda que mat\u00f3 a un abogado en Bogot\u00e1"},"content":{"rendered":"<div class=\"entry-content\">\n<p>Un polic\u00eda fue condenado en Colombia a 40 a\u00f1os de prisi\u00f3n acusado de asesinar a un abogado en Bogot\u00e1 en septiembre de 2020.<\/p>\n<p>Se trata del polic\u00eda\u00a0<strong>Harvey Dami\u00e1n Rodr\u00edguez<\/strong>, acusado del asesinato del abogado\u00a0<strong>Javier Ord\u00f3\u00f1ez<\/strong>\u00a0en septiembre de 2020 en Bogot\u00e1, hechos que se hicieron virales y que desataron una protesta social inusitada en la capital, que dej\u00f3 varias personas muertas y varios estaciones de polic\u00eda destruidas.<\/p>\n<p>El juez de la causa tambi\u00e9n\u00a0<strong>conden\u00f3 al patrullero al pago de una sanci\u00f3n econ\u00f3mica<\/strong>, tras se\u00f1alarlo de ser responsable de la coautor\u00eda de los delitos de homicidio agravado en concurso heterog\u00e9neo con tortura agravada, inform\u00f3 la agencia Ansa.<\/p>\n<p><strong>Ord\u00f3\u00f1ez fue sometido a repetidas descargas el\u00e9ctricas<\/strong>\u00a0bajo la falsa idea de que se opon\u00eda al arresto, luego trasladado a una peque\u00f1a estaci\u00f3n de Polic\u00eda donde f<strong>ue golpeado hasta causarle la muerte<\/strong>\u00a0y posteriormente llevado a un hospital simulando que se hab\u00eda golpeado.<\/p>\n<\/div>\n","protected":false},"excerpt":{"rendered":"<p>Un polic\u00eda fue condenado en Colombia a 40 a\u00f1os de prisi\u00f3n acusado de asesinar a un abogado en Bogot\u00e1 en septiembre de 2020. Se trata del polic\u00eda\u00a0Harvey Dami\u00e1n Rodr\u00edguez, acusado del asesinato del abogado\u00a0Javier Ord\u00f3\u00f1ez\u00a0en septiembre de 2020 en Bogot\u00e1, hechos que se hicieron virales y que desataron una protesta social inusitada en la capital, que dej\u00f3 varias personas muertas y varios estaciones de polic\u00eda destruidas. El juez de la causa tambi\u00e9n\u00a0conden\u00f3 al patrullero al pago de una sanci\u00f3n econ\u00f3mica, tras se\u00f1alarlo de ser responsable de la coautor\u00eda de los&hellip;<\/p>\n","protected":false},"author":1,"featured_media":0,"comment_status":"open","ping_status":"closed","sticky":false,"template":"","format":"standard","meta":{"footnotes":""},"categories":[4],"tags":[],"class_list":["post-5690","post","type-post","status-publish","format-standard","hentry","category-interes-general"],"rttpg_featured_image_url":null,"rttpg_author":{"display_name":"rober","author_link":"https:\/\/livingmultimediosde.net.ar\/INDEX\/author\/rober\/"},"rttpg_comment":0,"rttpg_category":"<a href=\"https:\/\/livingmultimediosde.net.ar\/INDEX\/category\/interes-general\/\" rel=\"category tag\">INTERES GENERAL<\/a>","rttpg_excerpt":"Un polic\u00eda fue condenado en Colombia a 40 a\u00f1os de prisi\u00f3n acusado de asesinar a un abogado en Bogot\u00e1 en septiembre de 2020. Se trata del polic\u00eda\u00a0Harvey Dami\u00e1n Rodr\u00edguez, acusado del asesinato del abogado\u00a0Javier Ord\u00f3\u00f1ez\u00a0en septiembre de 2020 en Bogot\u00e1, hechos que se hicieron virales y que desataron una protesta social inusitada en la capital,&hellip;","_links":{"self":[{"href":"https:\/\/livingmultimediosde.net.ar\/INDEX\/wp-json\/wp\/v2\/posts\/5690","targetHints":{"allow":["GET"]}}],"collection":[{"href":"https:\/\/livingmultimediosde.net.ar\/INDEX\/wp-json\/wp\/v2\/posts"}],"about":[{"href":"https:\/\/livingmultimediosde.net.ar\/INDEX\/wp-json\/wp\/v2\/types\/post"}],"author":[{"embeddable":true,"href":"https:\/\/livingmultimediosde.net.ar\/INDEX\/wp-json\/wp\/v2\/users\/1"}],"replies":[{"embeddable":true,"href":"https:\/\/livingmultimediosde.net.ar\/INDEX\/wp-json\/wp\/v2\/comments?post=5690"}],"version-history":[{"count":1,"href":"https:\/\/livingmultimediosde.net.ar\/INDEX\/wp-json\/wp\/v2\/posts\/5690\/revisions"}],"predecessor-version":[{"id":5692,"href":"https:\/\/livingmultimediosde.net.ar\/INDEX\/wp-json\/wp\/v2\/posts\/5690\/revisions\/5692"}],"wp:attachment":[{"href":"https:\/\/livingmultimediosde.net.ar\/INDEX\/wp-json\/wp\/v2\/media?parent=5690"}],"wp:term":[{"taxonomy":"category","embeddable":true,"href":"https:\/\/livingmultimediosde.net.ar\/INDEX\/wp-json\/wp\/v2\/categories?post=5690"},{"taxonomy":"post_tag","embeddable":true,"href":"https:\/\/livingmultimediosde.net.ar\/INDEX\/wp-json\/wp\/v2\/tags?post=5690"}],"curies":[{"name":"wp","href":"https:\/\/api.w.org\/{rel}","templated":true}]}}