{"id":5684,"date":"2023-12-13T12:53:57","date_gmt":"2023-12-13T12:53:57","guid":{"rendered":"https:\/\/livingmultimediosde.net.ar\/INDEX\/?p=5684"},"modified":"2023-12-13T12:53:57","modified_gmt":"2023-12-13T12:53:57","slug":"adorni-las-medidas-anunciadas-por-caputo-eran-inevitables-para-evitar-una-catastrofe","status":"publish","type":"post","link":"https:\/\/livingmultimediosde.net.ar\/INDEX\/2023\/12\/adorni-las-medidas-anunciadas-por-caputo-eran-inevitables-para-evitar-una-catastrofe\/","title":{"rendered":"Adorni: Las medidas anunciadas por Caputo \u00aberan inevitables para evitar una cat\u00e1strofe\u00bb"},"content":{"rendered":"<p>El vocero presidencial afirm\u00f3 que el objetivo es \u201cel equilibrio de las cuentas p\u00fablicas\u201d y asegur\u00f3 que el Banco Central \u201cno va a financiar un solo peso del Tesoro\u201d. El ministro de Econom\u00eda dio a conocer el martes las primeras diez medidas que conforman el paquete de urgencia econ\u00f3mica.<\/p>\n<p>El vocero presidencial, Manuel Adorni, afirm\u00f3 este mi\u00e9rcoles que las\u00a0<strong>medidas anunciadas<\/strong>\u00a0por el ministro de Econom\u00eda, Luis Caputo,\u00a0<strong>\u201ceran inevitables para evitar una cat\u00e1strofe\u201d<\/strong>, y afirm\u00f3 que\u00a0<strong>el objetivo es \u201cel equilibrio de las cuentas p\u00fablicas\u201d<\/strong>, al ofrecer una conferencia de prensa en la Casa Rosada, donde el presidente Javier Milei encabezar\u00e1 su tercera reuni\u00f3n de Gabinete.<\/p>\n<p>Adorni consider\u00f3 que \u201clos acreedores privados y los bancos no creen en Argentina\u201d, y asegur\u00f3 que\u00a0<strong>el Banco Central \u201cno va a financiar un solo peso del Tesoro\u201d<\/strong>.<\/p>\n","protected":false},"excerpt":{"rendered":"<p>El vocero presidencial afirm\u00f3 que el objetivo es \u201cel equilibrio de las cuentas p\u00fablicas\u201d y asegur\u00f3 que el Banco Central \u201cno va a financiar un solo peso del Tesoro\u201d. El ministro de Econom\u00eda dio a conocer el martes las primeras diez medidas que conforman el paquete de urgencia econ\u00f3mica. El vocero presidencial, Manuel Adorni, afirm\u00f3 este mi\u00e9rcoles que las\u00a0medidas anunciadas\u00a0por el ministro de Econom\u00eda, Luis Caputo,\u00a0\u201ceran inevitables para evitar una cat\u00e1strofe\u201d, y afirm\u00f3 que\u00a0el objetivo es \u201cel equilibrio de las cuentas p\u00fablicas\u201d, al ofrecer una conferencia de prensa en la&hellip;<\/p>\n","protected":false},"author":1,"featured_media":0,"comment_status":"open","ping_status":"closed","sticky":false,"template":"","format":"standard","meta":{"footnotes":""},"categories":[4],"tags":[],"class_list":["post-5684","post","type-post","status-publish","format-standard","hentry","category-interes-general"],"rttpg_featured_image_url":null,"rttpg_author":{"display_name":"rober","author_link":"https:\/\/livingmultimediosde.net.ar\/INDEX\/author\/rober\/"},"rttpg_comment":0,"rttpg_category":"<a href=\"https:\/\/livingmultimediosde.net.ar\/INDEX\/category\/interes-general\/\" rel=\"category tag\">INTERES GENERAL<\/a>","rttpg_excerpt":"El vocero presidencial afirm\u00f3 que el objetivo es \u201cel equilibrio de las cuentas p\u00fablicas\u201d y asegur\u00f3 que el Banco Central \u201cno va a financiar un solo peso del Tesoro\u201d. El ministro de Econom\u00eda dio a conocer el martes las primeras diez medidas que conforman el paquete de urgencia econ\u00f3mica. El vocero presidencial, Manuel Adorni, afirm\u00f3&hellip;","_links":{"self":[{"href":"https:\/\/livingmultimediosde.net.ar\/INDEX\/wp-json\/wp\/v2\/posts\/5684","targetHints":{"allow":["GET"]}}],"collection":[{"href":"https:\/\/livingmultimediosde.net.ar\/INDEX\/wp-json\/wp\/v2\/posts"}],"about":[{"href":"https:\/\/livingmultimediosde.net.ar\/INDEX\/wp-json\/wp\/v2\/types\/post"}],"author":[{"embeddable":true,"href":"https:\/\/livingmultimediosde.net.ar\/INDEX\/wp-json\/wp\/v2\/users\/1"}],"replies":[{"embeddable":true,"href":"https:\/\/livingmultimediosde.net.ar\/INDEX\/wp-json\/wp\/v2\/comments?post=5684"}],"version-history":[{"count":1,"href":"https:\/\/livingmultimediosde.net.ar\/INDEX\/wp-json\/wp\/v2\/posts\/5684\/revisions"}],"predecessor-version":[{"id":5686,"href":"https:\/\/livingmultimediosde.net.ar\/INDEX\/wp-json\/wp\/v2\/posts\/5684\/revisions\/5686"}],"wp:attachment":[{"href":"https:\/\/livingmultimediosde.net.ar\/INDEX\/wp-json\/wp\/v2\/media?parent=5684"}],"wp:term":[{"taxonomy":"category","embeddable":true,"href":"https:\/\/livingmultimediosde.net.ar\/INDEX\/wp-json\/wp\/v2\/categories?post=5684"},{"taxonomy":"post_tag","embeddable":true,"href":"https:\/\/livingmultimediosde.net.ar\/INDEX\/wp-json\/wp\/v2\/tags?post=5684"}],"curies":[{"name":"wp","href":"https:\/\/api.w.org\/{rel}","templated":true}]}}