{"id":5681,"date":"2023-12-13T05:24:47","date_gmt":"2023-12-13T05:24:47","guid":{"rendered":"https:\/\/livingmultimediosde.net.ar\/INDEX\/?p=5681"},"modified":"2023-12-13T05:24:47","modified_gmt":"2023-12-13T05:24:47","slug":"zamora-se-reunio-con-miembros-de-su-gabinete-y-analizaron-las-medidas-de-luis-caputo","status":"publish","type":"post","link":"https:\/\/livingmultimediosde.net.ar\/INDEX\/2023\/12\/zamora-se-reunio-con-miembros-de-su-gabinete-y-analizaron-las-medidas-de-luis-caputo\/","title":{"rendered":"Zamora se reuni\u00f3 con miembros de su gabinete y analizaron las medidas de Luis Caputo"},"content":{"rendered":"<div class=\"entry-content\">\n<p>El gobernador Gerardo Zamora se reuni\u00f3 este martes por la tarde con integrantes de su gabinete y representantes de la C\u00e1mara de Diputados para evaluar las medidas que podr\u00edan ser adoptadas en la provincia, tras los anuncios que realiz\u00f3 el ministro de Econom\u00eda de la Naci\u00f3n, Luis Caputo.<\/p>\n<p>El mandatario encabez\u00f3 la reuni\u00f3n en el Sal\u00f3n de Acuerdos con la presencia del vicegobernador Carlos Silva Neder; el jefe de Gabinete, El\u00edas Su\u00e1rez; los ministros de Econom\u00eda, Atilio Chara; de Justicia, Matilde O\u00b4Mill; de Producci\u00f3n, Miguel Mandrille y de Gobierno, Marcelo Barbur. Adem\u00e1s del vicepresidente primero de la Legislatura, Juan Manuel Beltramino.<\/p>\n<p>En este marco, se analiz\u00f3 cada uno de los puntos que forman parte del paquete de medidas que dio a conocer el funcionario nacional y la preocupaci\u00f3n por el impacto en las cuentas p\u00fablicas y en la comunidad santiague\u00f1a.<\/p>\n<p>Esta fue la primera de una serie de reuniones que el gobernador mantendr\u00e1 en el transcurso de los pr\u00f3ximos d\u00edas con los miembros de su gabinete y representantes de los equipos t\u00e9cnicos de las diferentes \u00e1reas de Gobierno, como tambi\u00e9n del Poder Legislativo.<\/p>\n<\/div>\n","protected":false},"excerpt":{"rendered":"<p>El gobernador Gerardo Zamora se reuni\u00f3 este martes por la tarde con integrantes de su gabinete y representantes de la C\u00e1mara de Diputados para evaluar las medidas que podr\u00edan ser adoptadas en la provincia, tras los anuncios que realiz\u00f3 el ministro de Econom\u00eda de la Naci\u00f3n, Luis Caputo. El mandatario encabez\u00f3 la reuni\u00f3n en el Sal\u00f3n de Acuerdos con la presencia del vicegobernador Carlos Silva Neder; el jefe de Gabinete, El\u00edas Su\u00e1rez; los ministros de Econom\u00eda, Atilio Chara; de Justicia, Matilde O\u00b4Mill; de Producci\u00f3n, Miguel Mandrille y de Gobierno, Marcelo&hellip;<\/p>\n","protected":false},"author":1,"featured_media":0,"comment_status":"open","ping_status":"closed","sticky":false,"template":"","format":"standard","meta":{"footnotes":""},"categories":[1],"tags":[],"class_list":["post-5681","post","type-post","status-publish","format-standard","hentry","category-uncategorized"],"rttpg_featured_image_url":null,"rttpg_author":{"display_name":"rober","author_link":"https:\/\/livingmultimediosde.net.ar\/INDEX\/author\/rober\/"},"rttpg_comment":0,"rttpg_category":"<a href=\"https:\/\/livingmultimediosde.net.ar\/INDEX\/category\/uncategorized\/\" rel=\"category tag\">Uncategorized<\/a>","rttpg_excerpt":"El gobernador Gerardo Zamora se reuni\u00f3 este martes por la tarde con integrantes de su gabinete y representantes de la C\u00e1mara de Diputados para evaluar las medidas que podr\u00edan ser adoptadas en la provincia, tras los anuncios que realiz\u00f3 el ministro de Econom\u00eda de la Naci\u00f3n, Luis Caputo. El mandatario encabez\u00f3 la reuni\u00f3n en el&hellip;","_links":{"self":[{"href":"https:\/\/livingmultimediosde.net.ar\/INDEX\/wp-json\/wp\/v2\/posts\/5681","targetHints":{"allow":["GET"]}}],"collection":[{"href":"https:\/\/livingmultimediosde.net.ar\/INDEX\/wp-json\/wp\/v2\/posts"}],"about":[{"href":"https:\/\/livingmultimediosde.net.ar\/INDEX\/wp-json\/wp\/v2\/types\/post"}],"author":[{"embeddable":true,"href":"https:\/\/livingmultimediosde.net.ar\/INDEX\/wp-json\/wp\/v2\/users\/1"}],"replies":[{"embeddable":true,"href":"https:\/\/livingmultimediosde.net.ar\/INDEX\/wp-json\/wp\/v2\/comments?post=5681"}],"version-history":[{"count":1,"href":"https:\/\/livingmultimediosde.net.ar\/INDEX\/wp-json\/wp\/v2\/posts\/5681\/revisions"}],"predecessor-version":[{"id":5683,"href":"https:\/\/livingmultimediosde.net.ar\/INDEX\/wp-json\/wp\/v2\/posts\/5681\/revisions\/5683"}],"wp:attachment":[{"href":"https:\/\/livingmultimediosde.net.ar\/INDEX\/wp-json\/wp\/v2\/media?parent=5681"}],"wp:term":[{"taxonomy":"category","embeddable":true,"href":"https:\/\/livingmultimediosde.net.ar\/INDEX\/wp-json\/wp\/v2\/categories?post=5681"},{"taxonomy":"post_tag","embeddable":true,"href":"https:\/\/livingmultimediosde.net.ar\/INDEX\/wp-json\/wp\/v2\/tags?post=5681"}],"curies":[{"name":"wp","href":"https:\/\/api.w.org\/{rel}","templated":true}]}}