{"id":5675,"date":"2023-12-12T20:00:58","date_gmt":"2023-12-12T20:00:58","guid":{"rendered":"https:\/\/livingmultimediosde.net.ar\/INDEX\/?p=5675"},"modified":"2023-12-12T20:00:58","modified_gmt":"2023-12-12T20:00:58","slug":"el-gobernador-recibio-a-miembros-de-la-policia-nacional-de-colombia","status":"publish","type":"post","link":"https:\/\/livingmultimediosde.net.ar\/INDEX\/2023\/12\/el-gobernador-recibio-a-miembros-de-la-policia-nacional-de-colombia\/","title":{"rendered":"EL GOBERNADOR RECIBI\u00d3 A MIEMBROS DE LA POLIC\u00cdA NACIONAL DE COLOMBIA"},"content":{"rendered":"<p>El gobernador Gerardo Zamora recibi\u00f3 este martes la visita de integrantes de la Polic\u00eda Nacional de Colombia, quienes permanecer\u00e1n en Santiago del Estero hasta el 16 de diciembre como parte de un intercambio de experiencias con la fuerza local en materia de seguridad, estructuraci\u00f3n y organizaci\u00f3n en base a normas t\u00e9cnicas de calidad certificada.<br \/>\nTambi\u00e9n fueron parte del encuentro que se desarroll\u00f3 en el Sal\u00f3n de Acuerdos de Casa de Gobierno el ministro de Gobierno, Seguridad y Culto, Marcelo Barbur; el secretario de Seguridad, Marcelo Pato; el jefe de Polic\u00eda, Roger Coronel; el Dr. David Pato y el comisario Ciro Rojas Paz.<br \/>\nEn tanto, la comitiva colombiana estuvo encabezada por el teniente coronel Andr\u00e9s \u00c1vila Reyes, junto con el intendente jefe Juan Fernando Galicia Uribe; los intendentes H\u00e9ctor Julio Cartagena S\u00e1nchez, Leyder Piendo Murayari, Arley Galicia Guti\u00e9rrez y Winer Esmith Canelo Villarreal; y el patrullero Edwin Quijano Duarte.<br \/>\nTras la reuni\u00f3n el teniente coronel \u00c1vila Reyes agradeci\u00f3 la invitaci\u00f3n y la importancia de compartir \u201cexperiencias exitosas que tuvimos en Colombia y la transformaci\u00f3n institucional\u201d. \u201cTambi\u00e9n felicitarlos por la visi\u00f3n futurista que tiene la Polic\u00eda de Santiago del Estero, el liderazgo de sus jefes\u201d, remarc\u00f3.<br \/>\nAgreg\u00f3: \u00abEstamos en una provincia que envidiamos por tener \u00edndices delictivos muy bajos y quedamos en continuar el intercambio de informaci\u00f3n con nuestras polic\u00edas\u00bb.<\/p>\n","protected":false},"excerpt":{"rendered":"<p>El gobernador Gerardo Zamora recibi\u00f3 este martes la visita de integrantes de la Polic\u00eda Nacional de Colombia, quienes permanecer\u00e1n en Santiago del Estero hasta el 16 de diciembre como parte de un intercambio de experiencias con la fuerza local en materia de seguridad, estructuraci\u00f3n y organizaci\u00f3n en base a normas t\u00e9cnicas de calidad certificada. Tambi\u00e9n fueron parte del encuentro que se desarroll\u00f3 en el Sal\u00f3n de Acuerdos de Casa de Gobierno el ministro de Gobierno, Seguridad y Culto, Marcelo Barbur; el secretario de Seguridad, Marcelo Pato; el jefe de Polic\u00eda,&hellip;<\/p>\n","protected":false},"author":1,"featured_media":0,"comment_status":"open","ping_status":"closed","sticky":false,"template":"","format":"standard","meta":{"footnotes":""},"categories":[1],"tags":[],"class_list":["post-5675","post","type-post","status-publish","format-standard","hentry","category-uncategorized"],"rttpg_featured_image_url":null,"rttpg_author":{"display_name":"rober","author_link":"https:\/\/livingmultimediosde.net.ar\/INDEX\/author\/rober\/"},"rttpg_comment":0,"rttpg_category":"<a href=\"https:\/\/livingmultimediosde.net.ar\/INDEX\/category\/uncategorized\/\" rel=\"category tag\">Uncategorized<\/a>","rttpg_excerpt":"El gobernador Gerardo Zamora recibi\u00f3 este martes la visita de integrantes de la Polic\u00eda Nacional de Colombia, quienes permanecer\u00e1n en Santiago del Estero hasta el 16 de diciembre como parte de un intercambio de experiencias con la fuerza local en materia de seguridad, estructuraci\u00f3n y organizaci\u00f3n en base a normas t\u00e9cnicas de calidad certificada. Tambi\u00e9n&hellip;","_links":{"self":[{"href":"https:\/\/livingmultimediosde.net.ar\/INDEX\/wp-json\/wp\/v2\/posts\/5675","targetHints":{"allow":["GET"]}}],"collection":[{"href":"https:\/\/livingmultimediosde.net.ar\/INDEX\/wp-json\/wp\/v2\/posts"}],"about":[{"href":"https:\/\/livingmultimediosde.net.ar\/INDEX\/wp-json\/wp\/v2\/types\/post"}],"author":[{"embeddable":true,"href":"https:\/\/livingmultimediosde.net.ar\/INDEX\/wp-json\/wp\/v2\/users\/1"}],"replies":[{"embeddable":true,"href":"https:\/\/livingmultimediosde.net.ar\/INDEX\/wp-json\/wp\/v2\/comments?post=5675"}],"version-history":[{"count":1,"href":"https:\/\/livingmultimediosde.net.ar\/INDEX\/wp-json\/wp\/v2\/posts\/5675\/revisions"}],"predecessor-version":[{"id":5677,"href":"https:\/\/livingmultimediosde.net.ar\/INDEX\/wp-json\/wp\/v2\/posts\/5675\/revisions\/5677"}],"wp:attachment":[{"href":"https:\/\/livingmultimediosde.net.ar\/INDEX\/wp-json\/wp\/v2\/media?parent=5675"}],"wp:term":[{"taxonomy":"category","embeddable":true,"href":"https:\/\/livingmultimediosde.net.ar\/INDEX\/wp-json\/wp\/v2\/categories?post=5675"},{"taxonomy":"post_tag","embeddable":true,"href":"https:\/\/livingmultimediosde.net.ar\/INDEX\/wp-json\/wp\/v2\/tags?post=5675"}],"curies":[{"name":"wp","href":"https:\/\/api.w.org\/{rel}","templated":true}]}}