{"id":5668,"date":"2023-12-12T14:47:06","date_gmt":"2023-12-12T14:47:06","guid":{"rendered":"https:\/\/livingmultimediosde.net.ar\/INDEX\/?p=5668"},"modified":"2023-12-12T14:47:06","modified_gmt":"2023-12-12T14:47:06","slug":"adorni-anuncio-la-revision-de-contratos-y-la-suspension-de-la-pauta-en-los-medios-por-un-ano","status":"publish","type":"post","link":"https:\/\/livingmultimediosde.net.ar\/INDEX\/2023\/12\/adorni-anuncio-la-revision-de-contratos-y-la-suspension-de-la-pauta-en-los-medios-por-un-ano\/","title":{"rendered":"Adorni anunci\u00f3 la revisi\u00f3n de contratos y la \u00absuspensi\u00f3n de la pauta en los medios por un a\u00f1o\u00bb"},"content":{"rendered":"<div class=\"entry-content\">\n<div class=\"paragraph\">El vocero presidencial, Manuel Adorni, afirm\u00f3 este martes que \u00abtodos los contratos que se firmaron en el Estado en el \u00faltimo a\u00f1o est\u00e1n en revisi\u00f3n\u00bb, y anunci\u00f3 la \u00absuspensi\u00f3n de la pauta publicitaria en los medios por un a\u00f1o\u00bb, durante una conferencia de prensa en Casa Rosada que ofreci\u00f3 en la sede gubernamental.&nbsp;<\/p>\n<p>\u00abSe inici\u00f3 la revisi\u00f3n\u00a0de los contratos y de cada uno de los nombramientos del Estado nacional del \u00faltimo a\u00f1o. Todos est\u00e1n bajo revisi\u00f3n y todo funcionario que no quiera dar la informaci\u00f3n que el presidente Milei y sus ministros\u00a0est\u00e1n solicitando tendr\u00e1 la sanci\u00f3n correspondiente\u00bb, se\u00f1al\u00f3 Adorni durante un encuentro con la prensa.<\/p>\n<p>Asimismo, Adorni indic\u00f3 que\u00a0<strong>\u00abqueda suspendida la pauta (publicitaria) por un a\u00f1o a los medios\u00bb<\/strong>, con lo que ratific\u00f3 una de las proclamas de Milie durante la campa\u00f1a, y dej\u00f3 claro que \u201cla libertad de expresi\u00f3n no se negocia\u201d.<\/p>\n<blockquote class=\"\"><p>\u00abEstamos inmersos en una de las crisis m\u00e1s profundas\u00a0de la historia econ\u00f3mica argentina y adem\u00e1s nos encaminamos hacia una hiperinflaci\u00f3n y la decisi\u00f3n es\u00a0evitarla\u00bb<\/p><\/blockquote>\n<p>Ante una consulta respecto al objetivo mencionado el pasado lunes en su primera conferencia de prensa de acabar con el \u00abempleo militante\u00bb, Adorni explic\u00f3 que incluye al empleo que \u00abnace por cuestiones pol\u00edticas, por cuesti\u00f3n de caja y de campa\u00f1a\u00bb, al tiempo que reiter\u00f3 que se busca la \u00abreducci\u00f3n de cargos pol\u00edticos\u00bb.<\/p>\n<p><strong>\u00abArgentina pas\u00f3 de la esfera nacional de 18 ministerios a tener nueve\u00bb, dijo sobre las nuevas medidas<\/strong>\u00a0tomadas por el gobierno de Milei al respecto.<\/p>\n<figure class=\"mb-3\"><img decoding=\"async\" data-src=\"https:\/\/www.telam.com.ar\/thumbs\/bluesteel\/advf\/imagenes\/2023\/12\/65784206985ec_1200.jpg\" class=\"lazy lazyload\" src=\"data:image\/gif;base64,R0lGODlhAQABAIAAAAAAAP\/\/\/yH5BAEAAAAALAAAAAABAAEAAAIBRAA7\" alt=\"Adorni Todos los contratos que se firmaron en el Estado en el ltimo ao estn en revisin Foto Alejandro Santa Cruz\" width=\"100%\" height=\"100%\" \/><noscript><img decoding=\"async\" class=\" lazy \" src=\"https:\/\/www.telam.com.ar\/thumbs\/bluesteel\/advf\/imagenes\/2023\/12\/65784206985ec_1200.jpg\" alt=\"Adorni Todos los contratos que se firmaron en el Estado en el ltimo ao estn en revisin Foto Alejandro Santa Cruz\" width=\"100%\" height=\"100%\"><\/noscript>&nbsp;<\/p>\n<div class=\"media-icons\"><\/div><figcaption>Adorni: \u201cTodos los contratos que se firmaron en el Estado en el \u00faltimo a\u00f1o est\u00e1n en revisi\u00f3n\u201d. Foto: Alejandro Santa Cruz.<\/figcaption><\/figure>\n<p>Precis\u00f3 luego que \u00aben t\u00e9rminos de Secretar\u00edas, hasta el 10 de diciembre eran 106 y ahora habr\u00e1 54, por lo que la reducci\u00f3n\u00a0ha sido del 49%\u00bb y que \u00aben t\u00e9rminos de Subsecretar\u00edas, eran 182 y ahora ser\u00e1n 140, con una reducci\u00f3n de un 23%\u00bb.<\/p>\n<p><strong>\u00abLa reducci\u00f3n\u00a0de diferentes niveles de funcionarios fue del 34 %\u00bb<\/strong>, complet\u00f3 y explic\u00f3 que el objetivo que busca el Gobierno con las nuevas medidas es \u201chacer lo imposible en el cort\u00edsimo plazo para cumplir lo prometido y evitar la cat\u00e1strofe\u201d.<\/p>\n<p>\u00abEstamos inmersos en una de las crisis m\u00e1s profundas\u00a0de la historia econ\u00f3mica argentina y adem\u00e1s nos encaminamos hacia una hiperinflaci\u00f3n y la decisi\u00f3n es\u00a0evitarla\u00bb, advirti\u00f3 el funcionario.<\/p>\n<p>Adorni reiter\u00f3 que el objetivo del Ejecutivo es \u00abrevalorizar el empleo (p\u00fablico) como se debe\u00bb y que \u00abquien\u00a0no trabaja deje de pertenecer a la planta estatal\u00bb.<\/p>\n<blockquote class=\"\"><p>\u00abLa situaci\u00f3n es cr\u00edtica lo vemos en la foto de Argentina pobre, con 45% de pobreza, 200% de\u00a0inflaci\u00f3n anualizada, con problema de\u00a0empleo,\u00a0de salario y en el comercio exterior\u00bb<\/p><\/blockquote>\n<p><strong>En relaci\u00f3n a la situaci\u00f3n de Argentina<\/strong>, Adorni, la evalu\u00f3 como \u00abcr\u00edtica\u00bb, porque hoy es un pa\u00eds que tiene \u00abun 45% de pobreza y 200% de inflaci\u00f3n anualizada\u00bb.<\/p>\n<p>\u00abLa situaci\u00f3n es cr\u00edtica lo vemos en la foto de Argentina pobre, con 45% de pobreza, 200% de\u00a0inflaci\u00f3n anualizada, con problema de\u00a0empleo,\u00a0de salario y en el comercio exterior y en otros \u00e1mbitos como el educativo o el sistema de salud. No hay plata y se deben tomar medidas concretas como la reducci\u00f3n de estructura\u00a0pol\u00edtica\u00bb, fundament\u00f3.<\/p>\n<p>El vocero remarc\u00f3 que \u00abhay que entender que los sueldos p\u00fablicos\u00a0lo pagan los 47 millones de argentinos\u00bb y advirti\u00f3\u00a0que \u00abhay que terminar con esta l\u00f3gica de ver normal cosas que no lo son\u00bb.<\/p>\n<figure class=\"mb-3\"><img decoding=\"async\" data-src=\"https:\/\/www.telam.com.ar\/thumbs\/bluesteel\/advf\/imagenes\/2023\/12\/65733fc157312_1200.jpg\" class=\"lazy lazyload\" src=\"data:image\/gif;base64,R0lGODlhAQABAIAAAAAAAP\/\/\/yH5BAEAAAAALAAAAAABAAEAAAIBRAA7\" alt=\"El vocero presidencial sostuvo que la situacin es crtica y que el Estado tamao elefante no puede seguir existiendo \" width=\"100%\" height=\"100%\" \/><noscript><img decoding=\"async\" class=\" lazy \" src=\"https:\/\/www.telam.com.ar\/thumbs\/bluesteel\/advf\/imagenes\/2023\/12\/65733fc157312_1200.jpg\" alt=\"El vocero presidencial sostuvo que la situacin es crtica y que el Estado tamao elefante no puede seguir existiendo \" width=\"100%\" height=\"100%\"><\/noscript>&nbsp;<\/p>\n<div class=\"media-icons\"><\/div><figcaption>El vocero presidencial sostuvo que la situaci\u00f3n es cr\u00edtica y que \u00abel Estado tama\u00f1o elefante no puede seguir existiendo\u00bb .<\/figcaption><\/figure>\n<p>Consultado acerca de la reacci\u00f3n que pueden tener las medidas que toma el Gobierno por parte de los movimientos sociales, sostuvo que el \u00abajuste fiscal va\u00a0a tener como contrapartida, de ser necesaria, la contenci\u00f3n social\u00bb y dej\u00f3 claro que \u00abnadie va a dejar de ayudar a alguien que lo necesita\u00bb.<\/p>\n<p>En tanto,\u00a0<strong>acerca de las marchas, expres\u00f3:<\/strong>\u00a0\u00abDentro de la ley todo fuera de la ley nada, y se va a cumplir a rajatabla, no va a haber excepciones porque es la intenci\u00f3n del presidente Milei que la\u00a0ley se respete\u00bb.<\/p>\n<p>Por otra parte, ante otra consulta, el vocero presidencial dijo que en adelante seguir\u00e1 la reducci\u00f3n en un \u00abtama\u00f1o similar\u00bb de direcciones\u00a0generales y nacionales y\u00a0coordinaciones,<\/p>\n<p>\u00abEs relevante entender que el Estado tiene que achicarse, tenemos un Estado tama\u00f1o elefante\u00bb<\/p>\n<p>Asimismo, consultado por marchas programadas para el 20 de diciembre, insisti\u00f3: \u00abDentro de la ley todo, fuera de la ley nada. La libertad de expresi\u00f3n no es negociable,\u00a0en ning\u00fan \u00e1mbito, bajo ninguna circunstancia y en cualquier situaci\u00f3n\u00bb.<\/p>\n<p>\u00abLa libertad de expresi\u00f3n no se discute en Argentina. Y en cuanto a las marchas, piquetes, 20 de diciembre,\u00a0y de aqu\u00ed al\u00a0fin del gobierno de Javier Milei dentro\u00a0de la ley todo,\u00a0fuera de la ley absolutamente nada\u00bb, concluy\u00f3 Adorni.<\/p>\n<\/div>\n<div class=\"tags mt-4\"><\/div>\n<\/div>\n","protected":false},"excerpt":{"rendered":"<p>El vocero presidencial, Manuel Adorni, afirm\u00f3 este martes que \u00abtodos los contratos que se firmaron en el Estado en el \u00faltimo a\u00f1o est\u00e1n en revisi\u00f3n\u00bb, y anunci\u00f3 la \u00absuspensi\u00f3n de la pauta publicitaria en los medios por un a\u00f1o\u00bb, durante una conferencia de prensa en Casa Rosada que ofreci\u00f3 en la sede gubernamental.&nbsp; \u00abSe inici\u00f3 la revisi\u00f3n\u00a0de los contratos y de cada uno de los nombramientos del Estado nacional del \u00faltimo a\u00f1o. Todos est\u00e1n bajo revisi\u00f3n y todo funcionario que no quiera dar la informaci\u00f3n que el presidente Milei y&hellip;<\/p>\n","protected":false},"author":1,"featured_media":0,"comment_status":"open","ping_status":"closed","sticky":false,"template":"","format":"standard","meta":{"footnotes":""},"categories":[4],"tags":[],"class_list":["post-5668","post","type-post","status-publish","format-standard","hentry","category-interes-general"],"rttpg_featured_image_url":null,"rttpg_author":{"display_name":"rober","author_link":"https:\/\/livingmultimediosde.net.ar\/INDEX\/author\/rober\/"},"rttpg_comment":0,"rttpg_category":"<a href=\"https:\/\/livingmultimediosde.net.ar\/INDEX\/category\/interes-general\/\" rel=\"category tag\">INTERES GENERAL<\/a>","rttpg_excerpt":"El vocero presidencial, Manuel Adorni, afirm\u00f3 este martes que \u00abtodos los contratos que se firmaron en el Estado en el \u00faltimo a\u00f1o est\u00e1n en revisi\u00f3n\u00bb, y anunci\u00f3 la \u00absuspensi\u00f3n de la pauta publicitaria en los medios por un a\u00f1o\u00bb, durante una conferencia de prensa en Casa Rosada que ofreci\u00f3 en la sede gubernamental.&nbsp; \u00abSe inici\u00f3&hellip;","_links":{"self":[{"href":"https:\/\/livingmultimediosde.net.ar\/INDEX\/wp-json\/wp\/v2\/posts\/5668","targetHints":{"allow":["GET"]}}],"collection":[{"href":"https:\/\/livingmultimediosde.net.ar\/INDEX\/wp-json\/wp\/v2\/posts"}],"about":[{"href":"https:\/\/livingmultimediosde.net.ar\/INDEX\/wp-json\/wp\/v2\/types\/post"}],"author":[{"embeddable":true,"href":"https:\/\/livingmultimediosde.net.ar\/INDEX\/wp-json\/wp\/v2\/users\/1"}],"replies":[{"embeddable":true,"href":"https:\/\/livingmultimediosde.net.ar\/INDEX\/wp-json\/wp\/v2\/comments?post=5668"}],"version-history":[{"count":1,"href":"https:\/\/livingmultimediosde.net.ar\/INDEX\/wp-json\/wp\/v2\/posts\/5668\/revisions"}],"predecessor-version":[{"id":5670,"href":"https:\/\/livingmultimediosde.net.ar\/INDEX\/wp-json\/wp\/v2\/posts\/5668\/revisions\/5670"}],"wp:attachment":[{"href":"https:\/\/livingmultimediosde.net.ar\/INDEX\/wp-json\/wp\/v2\/media?parent=5668"}],"wp:term":[{"taxonomy":"category","embeddable":true,"href":"https:\/\/livingmultimediosde.net.ar\/INDEX\/wp-json\/wp\/v2\/categories?post=5668"},{"taxonomy":"post_tag","embeddable":true,"href":"https:\/\/livingmultimediosde.net.ar\/INDEX\/wp-json\/wp\/v2\/tags?post=5668"}],"curies":[{"name":"wp","href":"https:\/\/api.w.org\/{rel}","templated":true}]}}