{"id":5662,"date":"2023-12-12T14:44:49","date_gmt":"2023-12-12T14:44:49","guid":{"rendered":"https:\/\/livingmultimediosde.net.ar\/INDEX\/?p=5662"},"modified":"2023-12-12T14:44:49","modified_gmt":"2023-12-12T14:44:49","slug":"kicillof-nos-eligieron-para-seguir-transformando-la-provincia","status":"publish","type":"post","link":"https:\/\/livingmultimediosde.net.ar\/INDEX\/2023\/12\/kicillof-nos-eligieron-para-seguir-transformando-la-provincia\/","title":{"rendered":"Kicillof: \u00abNos eligieron para seguir transformando la provincia\u00bb"},"content":{"rendered":"<div class=\"entry-content\">\n<div class=\"paragraph\">El reelecto gobernador bonaerense, Axel Kicillof, se comprometi\u00f3 este lunes a \u00ab<strong>seguir transformando la Provincia\u00bb<\/strong>\u00a0y a garantizar \u00abm\u00e1s derechos y m\u00e1s Estado\u00bb, a la vez que volvi\u00f3 a reclamar los puntos de coparticipaci\u00f3n en funci\u00f3n de lo que aporta el territorio provincial, tras jurar para un segundo mandato al frente del Ejecutivo ante la Asamblea Legislativa en La Plata.&nbsp;<\/p>\n<p>\u00ab<strong>Los bonaerenses no nos eligieron para seguir haciendo lo mismo ni para mantener lo hecho. Nos eligieron para seguir transformando la Provincia. Ese es el contrato electoral que vamos a honrar en los pr\u00f3ximos 4 a\u00f1os\u00bb<\/strong>, dijo Kicillof, quien reconoci\u00f3 que estaba \u00abmuy emocionado\u00bb tras jurar \u00abpor la Patria y el pueblo de la provincia de Buenos Aires\u00bb.<\/p>\n<p>Frente a la Asamblea Legislativa, en la capital bonaerense, remarc\u00f3 que su compromiso \u00abes seguir gobernando para todos, sin distinci\u00f3n\u00bb.<\/p>\n<p>\u00abEstamos ingresando en un escenario muy particular. Es uno de los pocos episodios en la historia de nuestra democracia en que fuerzas pol\u00edticas tan distintas van a gobernar la naci\u00f3n y la provincia de Buenos Aires. Esto no es producto del azar, ni de un experimento, es el resultado de lo m\u00e1s sagrado que tiene la democracia, la voluntad popular\u00bb, reconoci\u00f3.<\/p>\n<figure class=\"mb-3\"><img decoding=\"async\" data-src=\"https:\/\/www.telam.com.ar\/thumbs\/bluesteel\/advf\/imagenes\/2023\/12\/65779924828da_1200.jpg\" class=\"lazy lazyload\" src=\"data:image\/gif;base64,R0lGODlhAQABAIAAAAAAAP\/\/\/yH5BAEAAAAALAAAAAABAAEAAAIBRAA7\" alt=\"Kicillof con el bastn de mando de la provincia de Buenos Aires junto a la vicegobernadora Vernica Magario Foto Eva Cabrera\" width=\"100%\" height=\"100%\" \/><noscript><img decoding=\"async\" class=\" lazy \" src=\"https:\/\/www.telam.com.ar\/thumbs\/bluesteel\/advf\/imagenes\/2023\/12\/65779924828da_1200.jpg\" alt=\"Kicillof con el bastn de mando de la provincia de Buenos Aires junto a la vicegobernadora Vernica Magario Foto Eva Cabrera\" width=\"100%\" height=\"100%\"><\/noscript>&nbsp;<\/p>\n<div class=\"media-icons\"><\/div><figcaption>Kicillof con el bast\u00f3n de mando de la provincia de Buenos Aires, junto a la vicegobernadora Ver\u00f3nica Magario \/ Foto: Eva Cabrera.<\/figcaption><\/figure>\n<p>Destac\u00f3 que \u00aben octubre fuimos elegidos para continuar en la gobernaci\u00f3n con una contundente diferencia de casi 20 puntos. Los bonaerenses respaldaron as\u00ed lo que se hizo, respaldaron las nuevas escuelas, respaldaron los nuevos centros de salud, respaldaron la obra p\u00fablica, respaldaron la gesti\u00f3n de seguridad y lo realizado en cada una de las \u00e1reas de gobierno\u00bb.<\/p>\n<p>Kicillof precis\u00f3 que \u00ablos bonaerenses dijeron que no sobran derechos, que no sobra Estado. Exactamente al rev\u00e9s. Hacen falta m\u00e1s derechos, hacen falta m\u00e1s y mejor Estado. Sabemos que nada de eso se consigue sin recursos\u00bb.<\/p>\n<div class=\"twitter-tweet twitter-tweet-rendered\"><iframe data-src=\"https:\/\/platform.twitter.com\/embed\/Tweet.html?creatorScreenName=agenciatelam&amp;dnt=false&amp;embedId=twitter-widget-0&amp;features=eyJ0ZndfdGltZWxpbmVfbGlzdCI6eyJidWNrZXQiOltdLCJ2ZXJzaW9uIjpudWxsfSwidGZ3X2ZvbGxvd2VyX2NvdW50X3N1bnNldCI6eyJidWNrZXQiOnRydWUsInZlcnNpb24iOm51bGx9LCJ0ZndfdHdlZXRfZWRpdF9iYWNrZW5kIjp7ImJ1Y2tldCI6Im9uIiwidmVyc2lvbiI6bnVsbH0sInRmd19yZWZzcmNfc2Vzc2lvbiI6eyJidWNrZXQiOiJvbiIsInZlcnNpb24iOm51bGx9LCJ0ZndfZm9zbnJfc29mdF9pbnRlcnZlbnRpb25zX2VuYWJsZWQiOnsiYnVja2V0Ijoib24iLCJ2ZXJzaW9uIjpudWxsfSwidGZ3X21peGVkX21lZGlhXzE1ODk3Ijp7ImJ1Y2tldCI6InRyZWF0bWVudCIsInZlcnNpb24iOm51bGx9LCJ0ZndfZXhwZXJpbWVudHNfY29va2llX2V4cGlyYXRpb24iOnsiYnVja2V0IjoxMjA5NjAwLCJ2ZXJzaW9uIjpudWxsfSwidGZ3X3Nob3dfYmlyZHdhdGNoX3Bpdm90c19lbmFibGVkIjp7ImJ1Y2tldCI6Im9uIiwidmVyc2lvbiI6bnVsbH0sInRmd19kdXBsaWNhdGVfc2NyaWJlc190b19zZXR0aW5ncyI6eyJidWNrZXQiOiJvbiIsInZlcnNpb24iOm51bGx9LCJ0ZndfdXNlX3Byb2ZpbGVfaW1hZ2Vfc2hhcGVfZW5hYmxlZCI6eyJidWNrZXQiOiJvbiIsInZlcnNpb24iOm51bGx9LCJ0ZndfdmlkZW9faGxzX2R5bmFtaWNfbWFuaWZlc3RzXzE1MDgyIjp7ImJ1Y2tldCI6InRydWVfYml0cmF0ZSIsInZlcnNpb24iOm51bGx9LCJ0ZndfbGVnYWN5X3RpbWVsaW5lX3N1bnNldCI6eyJidWNrZXQiOnRydWUsInZlcnNpb24iOm51bGx9LCJ0ZndfdHdlZXRfZWRpdF9mcm9udGVuZCI6eyJidWNrZXQiOiJvbiIsInZlcnNpb24iOm51bGx9fQ%3D%3D&amp;frame=false&amp;hideCard=false&amp;hideThread=false&amp;id=1734332707365150951&amp;lang=es&amp;origin=https%3A%2F%2Fwww.telam.com.ar%2Fnotas%2F202312%2F649152-kicillof-asuncion-gobierno-provincia-buenos-aires.html&amp;sessionId=802464ef27d119cf1b7ee6987e15e486b1292758&amp;siteScreenName=agenciatelam&amp;theme=light&amp;widgetsVersion=2615f7e52b7e0%3A1702314776716&amp;width=550px\" id=\"twitter-widget-0\" class=\"lazyload\" title=\"X Post\"  frameborder=\"0\" scrolling=\"no\" allowfullscreen=\"allowfullscreen\" data-tweet-id=\"1734332707365150951\" data-mce-fragment=\"1\"><\/iframe><\/div>\n<p>\u00abLa provincia de Buenos Aires es la que proporcionalmente menos recursos recibe de la coparticipaci\u00f3n. M\u00e1s all\u00e1 del compromiso solidario que nuestra provincia tiene con las restantes provincias, esta situaci\u00f3n constituye una enorme injusticia. Aportamos casi el 40% de la coparticipaci\u00f3n. Recibimos poco m\u00e1s del 20%\u00bb, detall\u00f3 el mandatario provincial.<\/p>\n<p>Asegur\u00f3 que \u00abcon semejante desproporci\u00f3n entre lo que producimos y aportamos y lo que recibimos es imposible dar respuestas adecuadas. Hago una invitaci\u00f3n a todos los partidos pol\u00edticos representados en este \u00e1mbito legislativo, lo que nos toca como generaci\u00f3n de dirigentes bonaerenses es recuperar los recursos que le fueron quitados a nuestra provincia\u00bb.<\/p>\n<figure class=\"mb-3\"><img decoding=\"async\" data-src=\"https:\/\/www.telam.com.ar\/thumbs\/bluesteel\/advf\/imagenes\/2023\/12\/6577992495b5c_1200.jpg\" class=\"lazy lazyload\" src=\"data:image\/gif;base64,R0lGODlhAQABAIAAAAAAAP\/\/\/yH5BAEAAAAALAAAAAABAAEAAAIBRAA7\" alt=\"Foto Eva Cabrera\" width=\"100%\" height=\"100%\" \/><noscript><img decoding=\"async\" class=\" lazy \" src=\"https:\/\/www.telam.com.ar\/thumbs\/bluesteel\/advf\/imagenes\/2023\/12\/6577992495b5c_1200.jpg\" alt=\"Foto Eva Cabrera\" width=\"100%\" height=\"100%\"><\/noscript>&nbsp;<\/p>\n<div class=\"media-icons\"><\/div><figcaption>Foto: Eva Cabrera.<\/figcaption><\/figure>\n<p>\u00abNo soy el gobernador de una isla. Soy gobernador de casi el 40% de los argentinos cuya calidad de vida depende en mucho de lo que haga o deje de hacer el gobierno nacional. Sin embargo, la realidad es que a nivel nacional se perdi\u00f3 una elecci\u00f3n y en una primera opini\u00f3n sobre el resultado electoral creo que se lograron muchos avances, pero creo tambi\u00e9n que falt\u00f3 m\u00e1s rebeld\u00eda, que falt\u00f3 m\u00e1s justicia social, que falt\u00f3 m\u00e1s distribuci\u00f3n de la riqueza, que falt\u00f3 m\u00e1s igualdad\u00bb, remarc\u00f3.<\/p>\n<p>\u00ab<strong>La sociedad argentina eligi\u00f3 un nuevo presidente cuyas ideas y propuestas no compartimos, pero en democracia el pueblo es el que manda. Por eso, corresponde en primer lugar respetar la esperanza de los millones de argentinos que lo eligieron a la espera de un tiempo mejor. Sin embargo, no les voy a mentir, en mi opini\u00f3n las propuestas de la fuerza que gan\u00f3 no conducen ni a una mejor sociedad ni a una mejor econom\u00eda\u00bb<\/strong>, a\u00f1adi\u00f3.<\/p>\n<p>Con todo, expres\u00f3 su deseo d que \u00ablas cosas salgan bien\u00bb y sostuvo que le tocar\u00e1 \u00abconvivir con un gobierno nacional cuyas prioridades no compartimos, pero cuya legitimidad popular respetamos\u00bb.<\/p>\n<p>Kicillof sostuvo que \u00abel mandato que tenemos es defender lo que se consigui\u00f3 y seguir trabajando por lo que falta. No esperamos que el gobierno nacional comparta plenamente estas prioridades, pero s\u00ed que las respete y que las acompa\u00f1e\u00bb.<\/p>\n<figure class=\"mb-3\"><img decoding=\"async\" data-src=\"https:\/\/www.telam.com.ar\/thumbs\/bluesteel\/advf\/imagenes\/2023\/12\/65779924a9db3_1200.jpg\" class=\"lazy lazyload\" src=\"data:image\/gif;base64,R0lGODlhAQABAIAAAAAAAP\/\/\/yH5BAEAAAAALAAAAAABAAEAAAIBRAA7\" alt=\"Foto Eva Cabrera\" width=\"100%\" height=\"100%\" \/><noscript><img decoding=\"async\" class=\" lazy \" src=\"https:\/\/www.telam.com.ar\/thumbs\/bluesteel\/advf\/imagenes\/2023\/12\/65779924a9db3_1200.jpg\" alt=\"Foto Eva Cabrera\" width=\"100%\" height=\"100%\"><\/noscript>&nbsp;<\/p>\n<div class=\"media-icons\"><\/div><figcaption>Foto: Eva Cabrera.<\/figcaption><\/figure>\n<p>\u00abCelebro algunos gestos pacificadores que tuvo estos \u00faltimos d\u00edas el nuevo presidente, pero expreso mi en\u00e9rgico repudio para cualquier discurso que estimule el odio y el rencor entre los argentinos. Los discursos del odio hist\u00f3ricamente, siempre, conducen a la violencia y a la persecuci\u00f3n. A 40 a\u00f1os de democracia, sigamos eligiendo debatir y resolver nuestros desacuerdos en paz\u00bb, reclam\u00f3.<\/p>\n<p>Remarc\u00f3 que<strong>\u00a0\u00abla libertad solo es posible si hay igualdad. La vida no es un mercado. Y la patria no se vende\u00bb<\/strong>.<\/p>\n<p>La jura del Kicillof y su vicegobernadora Veronica Magario fue presenciada por la exvicepresidenta Cristina Fern\u00e1ndez de Kirchner y las Madres de Plaza de Mayo, Herenia S\u00e1nchez de Viamonte y Taty Almeida, adem\u00e1s de la presidenta de Abuelas de Plaza de Mayo, Estela de Carlotto.<\/p>\n<div class=\"video_repositive\">\n<div id=\"TY9Dm5V7oDk\" class=\"video_telam\">\n<div class=\"feature_article_inner\">\n<div class=\"feature_article_title\">\n<h2 class=\"text-center\">Kicillof jur\u00f3 como gobernador de la provincia de Buenos Aires<\/h2>\n<\/div>\n<\/div>\n<div class=\"definition\">VER VIDEO\u00a0<i class=\"fas fa-play\"><\/i><\/div>\n<\/div>\n<\/div>\n<h2 class=\"\">El gabinete<\/h2>\n<p>Gabriel Katopodis ser\u00e1 el nuevo ministro de Infraestructura y Servicios P\u00fablicos; la economista Silvina Batakis se har\u00e1 cargo del Ministerio de H\u00e1bitat; y en la cartera de Justicia desembarcar\u00e1 Juan Mart\u00edn Mena, mientras que Malena Galmarini ser\u00e1 propuesta para la presidencia del Grupo Banco Provincia (Grupo Bapro).<\/p>\n<p>Adem\u00e1s, el gobernador mantuvo en sus cargos a Andr\u00e9s Larroque (Desarrollo de la Comunidad); Pablo L\u00f3pez (Hacienda); Augusto Costa (Producci\u00f3n); Nicol\u00e1s Kreplak (Salud); Walter Correa (Trabajo); Alberto Sileoni (Educaci\u00f3n); Daniela Vilar (Ambiente), Javier Rodr\u00edguez (Desarrollo Agrario) y Agustina Vila (Secretar\u00eda General).<\/p>\n<blockquote class=\"\"><p>El nuevo gabinete se nutre de dirigentes con experiencia en la gesti\u00f3n y un amplio conocimiento del territorio bonaerense<\/p><\/blockquote>\n<p>Tambi\u00e9n contin\u00faan Jesica Rey (Comunicaci\u00f3n P\u00fablica); Florencia Saintout (Instituto Cultural de la provincia de Buenos Aires); Jorge D\u2019Onofrio (Transporte); Cristian Girard (ARBA), Juan Cuattromo (Banco Provincia); Santiago P\u00e9rez Teruel (Asesor\u00eda General de Gobierno) y Estela D\u00edaz (Mujeres).<\/p>\n<p>En tanto, Cristina \u00c1lvarez Rodr\u00edguez ser\u00e1 la nueva jefa de Asesores del Gobernador, mientras que Carlos Bianco asumir\u00e1 como ministro de Gobierno.<\/p>\n<p>Por \u00faltimo, en el Ministerio de Seguridad asumir\u00e1 Javier Alonso, en tanto que Sergio Berni fue designado en el Instituto Universitario Juan Vucetich.<\/p>\n<\/div>\n<div class=\"tags mt-4\"><\/div>\n<\/div>\n","protected":false},"excerpt":{"rendered":"<p>El reelecto gobernador bonaerense, Axel Kicillof, se comprometi\u00f3 este lunes a \u00abseguir transformando la Provincia\u00bb\u00a0y a garantizar \u00abm\u00e1s derechos y m\u00e1s Estado\u00bb, a la vez que volvi\u00f3 a reclamar los puntos de coparticipaci\u00f3n en funci\u00f3n de lo que aporta el territorio provincial, tras jurar para un segundo mandato al frente del Ejecutivo ante la Asamblea Legislativa en La Plata.&nbsp; \u00abLos bonaerenses no nos eligieron para seguir haciendo lo mismo ni para mantener lo hecho. Nos eligieron para seguir transformando la Provincia. Ese es el contrato electoral que vamos a honrar&hellip;<\/p>\n","protected":false},"author":1,"featured_media":0,"comment_status":"open","ping_status":"closed","sticky":false,"template":"","format":"standard","meta":{"footnotes":""},"categories":[4],"tags":[],"class_list":["post-5662","post","type-post","status-publish","format-standard","hentry","category-interes-general"],"rttpg_featured_image_url":null,"rttpg_author":{"display_name":"rober","author_link":"https:\/\/livingmultimediosde.net.ar\/INDEX\/author\/rober\/"},"rttpg_comment":0,"rttpg_category":"<a href=\"https:\/\/livingmultimediosde.net.ar\/INDEX\/category\/interes-general\/\" rel=\"category tag\">INTERES GENERAL<\/a>","rttpg_excerpt":"El reelecto gobernador bonaerense, Axel Kicillof, se comprometi\u00f3 este lunes a \u00abseguir transformando la Provincia\u00bb\u00a0y a garantizar \u00abm\u00e1s derechos y m\u00e1s Estado\u00bb, a la vez que volvi\u00f3 a reclamar los puntos de coparticipaci\u00f3n en funci\u00f3n de lo que aporta el territorio provincial, tras jurar para un segundo mandato al frente del Ejecutivo ante la Asamblea&hellip;","_links":{"self":[{"href":"https:\/\/livingmultimediosde.net.ar\/INDEX\/wp-json\/wp\/v2\/posts\/5662","targetHints":{"allow":["GET"]}}],"collection":[{"href":"https:\/\/livingmultimediosde.net.ar\/INDEX\/wp-json\/wp\/v2\/posts"}],"about":[{"href":"https:\/\/livingmultimediosde.net.ar\/INDEX\/wp-json\/wp\/v2\/types\/post"}],"author":[{"embeddable":true,"href":"https:\/\/livingmultimediosde.net.ar\/INDEX\/wp-json\/wp\/v2\/users\/1"}],"replies":[{"embeddable":true,"href":"https:\/\/livingmultimediosde.net.ar\/INDEX\/wp-json\/wp\/v2\/comments?post=5662"}],"version-history":[{"count":1,"href":"https:\/\/livingmultimediosde.net.ar\/INDEX\/wp-json\/wp\/v2\/posts\/5662\/revisions"}],"predecessor-version":[{"id":5664,"href":"https:\/\/livingmultimediosde.net.ar\/INDEX\/wp-json\/wp\/v2\/posts\/5662\/revisions\/5664"}],"wp:attachment":[{"href":"https:\/\/livingmultimediosde.net.ar\/INDEX\/wp-json\/wp\/v2\/media?parent=5662"}],"wp:term":[{"taxonomy":"category","embeddable":true,"href":"https:\/\/livingmultimediosde.net.ar\/INDEX\/wp-json\/wp\/v2\/categories?post=5662"},{"taxonomy":"post_tag","embeddable":true,"href":"https:\/\/livingmultimediosde.net.ar\/INDEX\/wp-json\/wp\/v2\/tags?post=5662"}],"curies":[{"name":"wp","href":"https:\/\/api.w.org\/{rel}","templated":true}]}}