{"id":5659,"date":"2023-12-12T14:43:17","date_gmt":"2023-12-12T14:43:17","guid":{"rendered":"https:\/\/livingmultimediosde.net.ar\/INDEX\/?p=5659"},"modified":"2023-12-12T14:43:17","modified_gmt":"2023-12-12T14:43:17","slug":"alumnos-de-ojo-de-agua-visitaron-casa-de-gobierno-2","status":"publish","type":"post","link":"https:\/\/livingmultimediosde.net.ar\/INDEX\/2023\/12\/alumnos-de-ojo-de-agua-visitaron-casa-de-gobierno-2\/","title":{"rendered":"ALUMNOS DE OJO DE AGUA VISITARON CASA DE GOBIERNO"},"content":{"rendered":"<p>Este martes por la ma\u00f1ana 14 alumnos de la Escuela N\u00b0 1.213 \u201cMar\u00eda Remedios del Valle\u201d de la ciudad de Villa Ojo de Agua visitaron Casa de Gobierno.<br \/>\nLa delegaci\u00f3n fue recibida por el ministro de Gobierno, Marcelo Barbur, quien en nombre del gobernador Gerardo Zamora les brind\u00f3 un afectuoso saludo y una c\u00e1lida bienvenida.<br \/>\nLos chicos que pertenecen a sexto y s\u00e9ptimo grado estuvieron acompa\u00f1ados por la directora de la instituci\u00f3n, Roxana Villar.<\/p>\n","protected":false},"excerpt":{"rendered":"<p>Este martes por la ma\u00f1ana 14 alumnos de la Escuela N\u00b0 1.213 \u201cMar\u00eda Remedios del Valle\u201d de la ciudad de Villa Ojo de Agua visitaron Casa de Gobierno. La delegaci\u00f3n fue recibida por el ministro de Gobierno, Marcelo Barbur, quien en nombre del gobernador Gerardo Zamora les brind\u00f3 un afectuoso saludo y una c\u00e1lida bienvenida. Los chicos que pertenecen a sexto y s\u00e9ptimo grado estuvieron acompa\u00f1ados por la directora de la instituci\u00f3n, Roxana Villar.<\/p>\n","protected":false},"author":1,"featured_media":0,"comment_status":"open","ping_status":"closed","sticky":false,"template":"","format":"standard","meta":{"footnotes":""},"categories":[1],"tags":[],"class_list":["post-5659","post","type-post","status-publish","format-standard","hentry","category-uncategorized"],"rttpg_featured_image_url":null,"rttpg_author":{"display_name":"rober","author_link":"https:\/\/livingmultimediosde.net.ar\/INDEX\/author\/rober\/"},"rttpg_comment":0,"rttpg_category":"<a href=\"https:\/\/livingmultimediosde.net.ar\/INDEX\/category\/uncategorized\/\" rel=\"category tag\">Uncategorized<\/a>","rttpg_excerpt":"Este martes por la ma\u00f1ana 14 alumnos de la Escuela N\u00b0 1.213 \u201cMar\u00eda Remedios del Valle\u201d de la ciudad de Villa Ojo de Agua visitaron Casa de Gobierno. La delegaci\u00f3n fue recibida por el ministro de Gobierno, Marcelo Barbur, quien en nombre del gobernador Gerardo Zamora les brind\u00f3 un afectuoso saludo y una c\u00e1lida bienvenida.&hellip;","_links":{"self":[{"href":"https:\/\/livingmultimediosde.net.ar\/INDEX\/wp-json\/wp\/v2\/posts\/5659","targetHints":{"allow":["GET"]}}],"collection":[{"href":"https:\/\/livingmultimediosde.net.ar\/INDEX\/wp-json\/wp\/v2\/posts"}],"about":[{"href":"https:\/\/livingmultimediosde.net.ar\/INDEX\/wp-json\/wp\/v2\/types\/post"}],"author":[{"embeddable":true,"href":"https:\/\/livingmultimediosde.net.ar\/INDEX\/wp-json\/wp\/v2\/users\/1"}],"replies":[{"embeddable":true,"href":"https:\/\/livingmultimediosde.net.ar\/INDEX\/wp-json\/wp\/v2\/comments?post=5659"}],"version-history":[{"count":1,"href":"https:\/\/livingmultimediosde.net.ar\/INDEX\/wp-json\/wp\/v2\/posts\/5659\/revisions"}],"predecessor-version":[{"id":5661,"href":"https:\/\/livingmultimediosde.net.ar\/INDEX\/wp-json\/wp\/v2\/posts\/5659\/revisions\/5661"}],"wp:attachment":[{"href":"https:\/\/livingmultimediosde.net.ar\/INDEX\/wp-json\/wp\/v2\/media?parent=5659"}],"wp:term":[{"taxonomy":"category","embeddable":true,"href":"https:\/\/livingmultimediosde.net.ar\/INDEX\/wp-json\/wp\/v2\/categories?post=5659"},{"taxonomy":"post_tag","embeddable":true,"href":"https:\/\/livingmultimediosde.net.ar\/INDEX\/wp-json\/wp\/v2\/tags?post=5659"}],"curies":[{"name":"wp","href":"https:\/\/api.w.org\/{rel}","templated":true}]}}