{"id":5656,"date":"2023-12-12T14:40:13","date_gmt":"2023-12-12T14:40:13","guid":{"rendered":"https:\/\/livingmultimediosde.net.ar\/INDEX\/?p=5656"},"modified":"2023-12-12T14:40:13","modified_gmt":"2023-12-12T14:40:13","slug":"el-poder-ejecutivo-decidio-intervenir-la-comision-municipal-de-vinara","status":"publish","type":"post","link":"https:\/\/livingmultimediosde.net.ar\/INDEX\/2023\/12\/el-poder-ejecutivo-decidio-intervenir-la-comision-municipal-de-vinara\/","title":{"rendered":"El Poder Ejecutivo decidi\u00f3 intervenir la Comisi\u00f3n Municipal de Vinar\u00e1"},"content":{"rendered":"<p>El Gobernador de la Provincia, Gerardo Zamora determin\u00f3 la intervenci\u00f3n de la Comisi\u00f3n Municipal de la localidad de Vinar\u00e1, Departamento R\u00edo Hondo, mediante decreto 2023- 2706 que rige a partir del 6 de diciembre.<\/p>\n<p>En este sentido entre los considerandos del documento se expresa que la decisi\u00f3n fue tomada debido a los sucesos de p\u00fablico conocimiento que involucran a la m\u00e1xima autoridad de la comuna.<\/p>\n<p>Por \u00faltimo, a trav\u00e9s del decreto se estableci\u00f3 que con el objetivo de asegurar el funcionamiento de esta comuna hasta que se convoque a elecciones, se design\u00f3 como interventora a la se\u00f1ora Alicia del Valle Ju\u00e1rez.<\/p>\n<p>El Decreto<\/p>\n<p><a href=\"http:\/\/rdmsantiago.com.ar\/wp-content\/uploads\/2023\/12\/DECRE-2023-10090439-GDESDE-GSDE.pdf\">DECRE-2023-10090439-GDESDE-GSDE<\/a><\/p>\n","protected":false},"excerpt":{"rendered":"<p>El Gobernador de la Provincia, Gerardo Zamora determin\u00f3 la intervenci\u00f3n de la Comisi\u00f3n Municipal de la localidad de Vinar\u00e1, Departamento R\u00edo Hondo, mediante decreto 2023- 2706 que rige a partir del 6 de diciembre. En este sentido entre los considerandos del documento se expresa que la decisi\u00f3n fue tomada debido a los sucesos de p\u00fablico conocimiento que involucran a la m\u00e1xima autoridad de la comuna. Por \u00faltimo, a trav\u00e9s del decreto se estableci\u00f3 que con el objetivo de asegurar el funcionamiento de esta comuna hasta que se convoque a elecciones,&hellip;<\/p>\n","protected":false},"author":1,"featured_media":0,"comment_status":"open","ping_status":"closed","sticky":false,"template":"","format":"standard","meta":{"footnotes":""},"categories":[1],"tags":[],"class_list":["post-5656","post","type-post","status-publish","format-standard","hentry","category-uncategorized"],"rttpg_featured_image_url":null,"rttpg_author":{"display_name":"rober","author_link":"https:\/\/livingmultimediosde.net.ar\/INDEX\/author\/rober\/"},"rttpg_comment":0,"rttpg_category":"<a href=\"https:\/\/livingmultimediosde.net.ar\/INDEX\/category\/uncategorized\/\" rel=\"category tag\">Uncategorized<\/a>","rttpg_excerpt":"El Gobernador de la Provincia, Gerardo Zamora determin\u00f3 la intervenci\u00f3n de la Comisi\u00f3n Municipal de la localidad de Vinar\u00e1, Departamento R\u00edo Hondo, mediante decreto 2023- 2706 que rige a partir del 6 de diciembre. En este sentido entre los considerandos del documento se expresa que la decisi\u00f3n fue tomada debido a los sucesos de p\u00fablico&hellip;","_links":{"self":[{"href":"https:\/\/livingmultimediosde.net.ar\/INDEX\/wp-json\/wp\/v2\/posts\/5656","targetHints":{"allow":["GET"]}}],"collection":[{"href":"https:\/\/livingmultimediosde.net.ar\/INDEX\/wp-json\/wp\/v2\/posts"}],"about":[{"href":"https:\/\/livingmultimediosde.net.ar\/INDEX\/wp-json\/wp\/v2\/types\/post"}],"author":[{"embeddable":true,"href":"https:\/\/livingmultimediosde.net.ar\/INDEX\/wp-json\/wp\/v2\/users\/1"}],"replies":[{"embeddable":true,"href":"https:\/\/livingmultimediosde.net.ar\/INDEX\/wp-json\/wp\/v2\/comments?post=5656"}],"version-history":[{"count":1,"href":"https:\/\/livingmultimediosde.net.ar\/INDEX\/wp-json\/wp\/v2\/posts\/5656\/revisions"}],"predecessor-version":[{"id":5658,"href":"https:\/\/livingmultimediosde.net.ar\/INDEX\/wp-json\/wp\/v2\/posts\/5656\/revisions\/5658"}],"wp:attachment":[{"href":"https:\/\/livingmultimediosde.net.ar\/INDEX\/wp-json\/wp\/v2\/media?parent=5656"}],"wp:term":[{"taxonomy":"category","embeddable":true,"href":"https:\/\/livingmultimediosde.net.ar\/INDEX\/wp-json\/wp\/v2\/categories?post=5656"},{"taxonomy":"post_tag","embeddable":true,"href":"https:\/\/livingmultimediosde.net.ar\/INDEX\/wp-json\/wp\/v2\/tags?post=5656"}],"curies":[{"name":"wp","href":"https:\/\/api.w.org\/{rel}","templated":true}]}}