{"id":5644,"date":"2023-12-11T04:34:39","date_gmt":"2023-12-11T04:34:39","guid":{"rendered":"https:\/\/livingmultimediosde.net.ar\/INDEX\/?p=5644"},"modified":"2023-12-11T04:34:39","modified_gmt":"2023-12-11T04:34:39","slug":"el-presidente-celebro-su-asuncion-en-una-funcion-de-gala-en-el-teatro-colon","status":"publish","type":"post","link":"https:\/\/livingmultimediosde.net.ar\/INDEX\/2023\/12\/el-presidente-celebro-su-asuncion-en-una-funcion-de-gala-en-el-teatro-colon\/","title":{"rendered":"El Presidente celebr\u00f3 su asunci\u00f3n en una funci\u00f3n de gala en el Teatro Col\u00f3n"},"content":{"rendered":"<div class=\"entry-content\">\n<div class=\"paragraph\">El presidente Javier Milei particip\u00f3 este domingo por la noche de la gala presidencial de asunci\u00f3n en el Teatro Col\u00f3n, acompa\u00f1ado por dirigentes pol\u00edticos y referentes art\u00edsticos, que disfrutaron una puesta en escena que inici\u00f3 con \u00abBalada para un loco\u00bb.&nbsp;<\/p>\n<p><a href=\"https:\/\/www.telam.com.ar\/notas\/202312\/649113-arzobispo-actividad-catedral.html\" target=\"_blank\" rel=\"noopener\">Al concluir la ceremonia interreligiosa en la Catedral Metropolitana<\/a>, el presidente Milei arrib\u00f3 al Teatro Col\u00f3n pasadas las 21.45 acompa\u00f1ado por su hermana y secretaria general de la Presidencia, Karina Milei.<\/p>\n<p>El mandatario fue recibido en el teatro por el jefe de Gobierno porte\u00f1o, Jorge Macri, junto a su esposa, la periodista Bel\u00e9n Ludue\u00f1a, quienes lo escoltaron hacia el interior.<\/p>\n<p>Los primeros invitados a la gala comenzaron a ingresar poco antes de las 21, a la espera de la llegada del primer mandatario para dar comienzo a la funci\u00f3n, que seg\u00fan se hab\u00eda informado desde Presidencia estaba prevista para las 20.30, pero se vio demorada por el retraso de la ceremonia en la Catedral.<\/p>\n<figure class=\"mb-3\"><img decoding=\"async\" data-src=\"https:\/\/www.telam.com.ar\/thumbs\/bluesteel\/advf\/imagenes\/2023\/12\/6576645e601bd_1200.jpg\" class=\"lazy lazyload\" src=\"data:image\/gif;base64,R0lGODlhAQABAIAAAAAAAP\/\/\/yH5BAEAAAAALAAAAAABAAEAAAIBRAA7\" alt=\"Foto Maximiliano Luna\" width=\"100%\" height=\"100%\" \/><noscript><img decoding=\"async\" class=\" lazy \" src=\"https:\/\/www.telam.com.ar\/thumbs\/bluesteel\/advf\/imagenes\/2023\/12\/6576645e601bd_1200.jpg\" alt=\"Foto Maximiliano Luna\" width=\"100%\" height=\"100%\"><\/noscript>&nbsp;<\/p>\n<div class=\"media-icons\"><\/div><figcaption>Foto: Maximiliano Luna.<\/figcaption><\/figure>\n<p>Entre los primeros en llegar estuvieron el ministro de Defensa, Luis Petri, acompa\u00f1ado por su pareja la periodista, Cristina P\u00e9rez, y tambi\u00e9n arrib\u00f3 la diputada espa\u00f1ola del Partido Popular (PP) de Espa\u00f1a, Cayetana Alvarez de Toledo y varias comitivas extranjeras.<\/p>\n<p>Cerca las 21 lleg\u00f3 a la explanada del Teatro Col\u00f3n la actriz y pareja del presidente, F\u00e1tima Fl\u00f3rez, a bordo de una camioneta blanca y luego la diputada Lilia Lemoine.<\/p>\n<p>M\u00e1s tarde se present\u00f3 la ministra de Seguridad, Patricia Bullrich, y detr\u00e1s suyo la vicepresidenta Victoria Villarruel ingres\u00f3 al teatro, luego de saludar a lo lejos a los militantes presentes.<\/p>\n<p>Posteriormente, arrib\u00f3 la canciller Diana Mondino, con su marido, y tambi\u00e9n el presidente de la Corte Suprema de Justicia, Horacio Rosatti.<\/p>\n<figure class=\"mb-3\"><img decoding=\"async\" data-src=\"https:\/\/www.telam.com.ar\/thumbs\/bluesteel\/advf\/imagenes\/2023\/12\/6576535fdd170_1200.jpg\" class=\"lazy lazyload\" src=\"data:image\/gif;base64,R0lGODlhAQABAIAAAAAAAP\/\/\/yH5BAEAAAAALAAAAAABAAEAAAIBRAA7\" alt=\"Foto Maximiliano Luna\" width=\"100%\" height=\"100%\" \/><noscript><img decoding=\"async\" class=\" lazy \" src=\"https:\/\/www.telam.com.ar\/thumbs\/bluesteel\/advf\/imagenes\/2023\/12\/6576535fdd170_1200.jpg\" alt=\"Foto Maximiliano Luna\" width=\"100%\" height=\"100%\"><\/noscript>&nbsp;<\/p>\n<div class=\"media-icons\"><\/div><figcaption>Foto: Maximiliano Luna.<\/figcaption><\/figure>\n<p>La funci\u00f3n de gala estaba prevista para las 20.30 pero se demor\u00f3 hasta las 21.50, luego de la llegada de Milei.<\/p>\n<p>En los alrededores del teatro, cientos de seguidores del presidente se agruparon para saludarlo.<\/p>\n<p>Entre los mismos, hab\u00edan carteles con la frase<strong>\u00a0\u00ablas fuerzas del cielo\u00bb, banderas argentinas y amarillas con la denominaci\u00f3n \u00abDon\u2019t Thread me\u00bb.<\/strong><\/p>\n<p>Durante la llegada del presidente Milei, el p\u00fablico celebr\u00f3 al grito de\u00a0<strong>\u00abviva el presidente\u00bb\u00a0<\/strong>y\u00a0<strong>\u00abvamos Milei\u00bb\u00a0<\/strong>a lo cual el jefe de Estado respondi\u00f3 levantando levemente la mano para saludar al p\u00fablico y r\u00e1pidamente aceler\u00f3 para ingresar al teatro.<\/p>\n<figure class=\"mb-3\"><img decoding=\"async\" data-src=\"https:\/\/www.telam.com.ar\/thumbs\/bluesteel\/advf\/imagenes\/2023\/12\/6576536010d67_1200.jpg\" class=\"lazy lazyload\" src=\"data:image\/gif;base64,R0lGODlhAQABAIAAAAAAAP\/\/\/yH5BAEAAAAALAAAAAABAAEAAAIBRAA7\" alt=\"Foto Maximiliano Luna\" width=\"100%\" height=\"100%\" \/><noscript><img decoding=\"async\" class=\" lazy \" src=\"https:\/\/www.telam.com.ar\/thumbs\/bluesteel\/advf\/imagenes\/2023\/12\/6576536010d67_1200.jpg\" alt=\"Foto Maximiliano Luna\" width=\"100%\" height=\"100%\"><\/noscript>&nbsp;<\/p>\n<div class=\"media-icons\"><\/div><figcaption>Foto: Maximiliano Luna.<\/figcaption><\/figure>\n<p>Ya en el interior del auditorio recibieron con aplausos al primer mandatario, quien se ubic\u00f3 en el palco donde lo esperaba Villarruel y all\u00ed salud\u00f3 a los asistentes que coreaban \u00ablibertad, libertad\u00bb.<\/p>\n<p>Al momento de apagar las luces de la sala apareci\u00f3 en el escenario el cantante Ra\u00fal Lavi\u00e9 quien comenz\u00f3 a interpretar tango \u00abBalada para un loco\u00bb y la funci\u00f3n continu\u00f3 sin transmisi\u00f3n p\u00fablica.<\/p>\n<\/div>\n<div class=\"tags mt-4\"><\/div>\n<\/div>\n","protected":false},"excerpt":{"rendered":"<p>El presidente Javier Milei particip\u00f3 este domingo por la noche de la gala presidencial de asunci\u00f3n en el Teatro Col\u00f3n, acompa\u00f1ado por dirigentes pol\u00edticos y referentes art\u00edsticos, que disfrutaron una puesta en escena que inici\u00f3 con \u00abBalada para un loco\u00bb.&nbsp; Al concluir la ceremonia interreligiosa en la Catedral Metropolitana, el presidente Milei arrib\u00f3 al Teatro Col\u00f3n pasadas las 21.45 acompa\u00f1ado por su hermana y secretaria general de la Presidencia, Karina Milei. El mandatario fue recibido en el teatro por el jefe de Gobierno porte\u00f1o, Jorge Macri, junto a su esposa,&hellip;<\/p>\n","protected":false},"author":1,"featured_media":0,"comment_status":"open","ping_status":"closed","sticky":false,"template":"","format":"standard","meta":{"footnotes":""},"categories":[4],"tags":[],"class_list":["post-5644","post","type-post","status-publish","format-standard","hentry","category-interes-general"],"rttpg_featured_image_url":null,"rttpg_author":{"display_name":"rober","author_link":"https:\/\/livingmultimediosde.net.ar\/INDEX\/author\/rober\/"},"rttpg_comment":0,"rttpg_category":"<a href=\"https:\/\/livingmultimediosde.net.ar\/INDEX\/category\/interes-general\/\" rel=\"category tag\">INTERES GENERAL<\/a>","rttpg_excerpt":"El presidente Javier Milei particip\u00f3 este domingo por la noche de la gala presidencial de asunci\u00f3n en el Teatro Col\u00f3n, acompa\u00f1ado por dirigentes pol\u00edticos y referentes art\u00edsticos, que disfrutaron una puesta en escena que inici\u00f3 con \u00abBalada para un loco\u00bb.&nbsp; Al concluir la ceremonia interreligiosa en la Catedral Metropolitana, el presidente Milei arrib\u00f3 al Teatro&hellip;","_links":{"self":[{"href":"https:\/\/livingmultimediosde.net.ar\/INDEX\/wp-json\/wp\/v2\/posts\/5644","targetHints":{"allow":["GET"]}}],"collection":[{"href":"https:\/\/livingmultimediosde.net.ar\/INDEX\/wp-json\/wp\/v2\/posts"}],"about":[{"href":"https:\/\/livingmultimediosde.net.ar\/INDEX\/wp-json\/wp\/v2\/types\/post"}],"author":[{"embeddable":true,"href":"https:\/\/livingmultimediosde.net.ar\/INDEX\/wp-json\/wp\/v2\/users\/1"}],"replies":[{"embeddable":true,"href":"https:\/\/livingmultimediosde.net.ar\/INDEX\/wp-json\/wp\/v2\/comments?post=5644"}],"version-history":[{"count":1,"href":"https:\/\/livingmultimediosde.net.ar\/INDEX\/wp-json\/wp\/v2\/posts\/5644\/revisions"}],"predecessor-version":[{"id":5646,"href":"https:\/\/livingmultimediosde.net.ar\/INDEX\/wp-json\/wp\/v2\/posts\/5644\/revisions\/5646"}],"wp:attachment":[{"href":"https:\/\/livingmultimediosde.net.ar\/INDEX\/wp-json\/wp\/v2\/media?parent=5644"}],"wp:term":[{"taxonomy":"category","embeddable":true,"href":"https:\/\/livingmultimediosde.net.ar\/INDEX\/wp-json\/wp\/v2\/categories?post=5644"},{"taxonomy":"post_tag","embeddable":true,"href":"https:\/\/livingmultimediosde.net.ar\/INDEX\/wp-json\/wp\/v2\/tags?post=5644"}],"curies":[{"name":"wp","href":"https:\/\/api.w.org\/{rel}","templated":true}]}}