{"id":5638,"date":"2023-12-11T04:12:50","date_gmt":"2023-12-11T04:12:50","guid":{"rendered":"https:\/\/livingmultimediosde.net.ar\/INDEX\/?p=5638"},"modified":"2023-12-11T04:12:50","modified_gmt":"2023-12-11T04:12:50","slug":"milei-le-tomo-juramento-a-los-nueve-ministros-que-integran-el-gabinete-de-gobierno","status":"publish","type":"post","link":"https:\/\/livingmultimediosde.net.ar\/INDEX\/2023\/12\/milei-le-tomo-juramento-a-los-nueve-ministros-que-integran-el-gabinete-de-gobierno\/","title":{"rendered":"Milei le tom\u00f3 juramento a los nueve ministros que integran el gabinete de Gobierno"},"content":{"rendered":"<p>El presidente Javier Milei firm\u00f3 este domingo un decreto para<strong>\u00a0reducir a nueve el total de los ministerios que funcionar\u00e1n en su Gobierno y tom\u00f3 juramento a los ministros del Gabinete Nacional en el Sal\u00f3n Blanco de la Casa Rosada, durante una ceremonia en la que no se permiti\u00f3 el acceso a los periodistas ni fue transmitida en directo al p\u00fablico<\/strong>.<\/p>\n<p>La reducci\u00f3n de carteras fue confirmada por la Oficina del Presidente Javier Milei en su cuenta de la red social X, mientras por fuentes oficiales se dej\u00f3 trascender el nuevo organigrama.<\/p>\n<div class=\"twitter-tweet twitter-tweet-rendered\"><iframe data-src=\"https:\/\/platform.twitter.com\/embed\/Tweet.html?creatorScreenName=agenciatelam&amp;dnt=false&amp;embedId=twitter-widget-0&amp;features=eyJ0ZndfdGltZWxpbmVfbGlzdCI6eyJidWNrZXQiOltdLCJ2ZXJzaW9uIjpudWxsfSwidGZ3X2ZvbGxvd2VyX2NvdW50X3N1bnNldCI6eyJidWNrZXQiOnRydWUsInZlcnNpb24iOm51bGx9LCJ0ZndfdHdlZXRfZWRpdF9iYWNrZW5kIjp7ImJ1Y2tldCI6Im9uIiwidmVyc2lvbiI6bnVsbH0sInRmd19yZWZzcmNfc2Vzc2lvbiI6eyJidWNrZXQiOiJvbiIsInZlcnNpb24iOm51bGx9LCJ0ZndfZm9zbnJfc29mdF9pbnRlcnZlbnRpb25zX2VuYWJsZWQiOnsiYnVja2V0Ijoib24iLCJ2ZXJzaW9uIjpudWxsfSwidGZ3X21peGVkX21lZGlhXzE1ODk3Ijp7ImJ1Y2tldCI6InRyZWF0bWVudCIsInZlcnNpb24iOm51bGx9LCJ0ZndfZXhwZXJpbWVudHNfY29va2llX2V4cGlyYXRpb24iOnsiYnVja2V0IjoxMjA5NjAwLCJ2ZXJzaW9uIjpudWxsfSwidGZ3X3Nob3dfYmlyZHdhdGNoX3Bpdm90c19lbmFibGVkIjp7ImJ1Y2tldCI6Im9uIiwidmVyc2lvbiI6bnVsbH0sInRmd19kdXBsaWNhdGVfc2NyaWJlc190b19zZXR0aW5ncyI6eyJidWNrZXQiOiJvbiIsInZlcnNpb24iOm51bGx9LCJ0ZndfdXNlX3Byb2ZpbGVfaW1hZ2Vfc2hhcGVfZW5hYmxlZCI6eyJidWNrZXQiOiJvbiIsInZlcnNpb24iOm51bGx9LCJ0ZndfdmlkZW9faGxzX2R5bmFtaWNfbWFuaWZlc3RzXzE1MDgyIjp7ImJ1Y2tldCI6InRydWVfYml0cmF0ZSIsInZlcnNpb24iOm51bGx9LCJ0ZndfbGVnYWN5X3RpbWVsaW5lX3N1bnNldCI6eyJidWNrZXQiOnRydWUsInZlcnNpb24iOm51bGx9LCJ0ZndfdHdlZXRfZWRpdF9mcm9udGVuZCI6eyJidWNrZXQiOiJvbiIsInZlcnNpb24iOm51bGx9fQ%3D%3D&amp;frame=false&amp;hideCard=false&amp;hideThread=false&amp;id=1733972256420761655&amp;lang=es&amp;origin=https%3A%2F%2Fwww.telam.com.ar%2Fnotas%2F202312%2F649132-milei-jura-ministros.html&amp;sessionId=ad72782dfbefd1b1201986f08591830f199a34cc&amp;siteScreenName=agenciatelam&amp;theme=light&amp;widgetsVersion=b2c2611296916%3A1702048662315&amp;width=550px\" id=\"twitter-widget-0\" class=\"lazyload\" title=\"X Post\"  frameborder=\"0\" scrolling=\"no\" allowfullscreen=\"allowfullscreen\" data-tweet-id=\"1733972256420761655\" data-mce-fragment=\"1\"><\/iframe><\/div>\n<p>E<strong>l equipo que estar\u00e1 junto al flamante mandatario ser\u00e1 coordinado por Nicol\u00e1s Posse<\/strong>, quien se desempe\u00f1ar\u00e1 como Jefe de Gabinete.<\/p>\n<p><strong>Diana Mondino estar\u00e1 a cargo de la Canciller\u00eda, Luis Caputo del Ministerio de Econom\u00eda y Guillermo Francos de la cartera de Interior.<\/strong><\/p>\n<p><strong>El flamante Ministerio de Capital Humano estar\u00e1 conducido por Sandra Pettovello; Mario Russo dirigir\u00e1 la cartera de Salud, Mariano C\u00faneo Libarona estar\u00e1 a cargo del Ministerio de Justicia y Guillermo Ferraro encabezar\u00e1 Infraestructura<\/strong>.<\/p>\n<p>Y los integrantes de la f\u00f3rmula presidencial que compiti\u00f3 por Juntos por el Cambio (JxC),\u00a0<strong>Patricia Bullrich y Luis Petri, juraron como ministros de Seguridad y de Defensa<\/strong>, respectivamente.<\/p>\n<p>Karina Milei, hermana del jefe del Estado, jur\u00f3 como Secretaria General de la Presidencia.<\/p>\n<p>El acto se realiz\u00f3 en el Sal\u00f3n Blanco de la Casa Rosada, el mismo utilizado horas antes para la recepci\u00f3n que Milei hizo a los mandatarios y representantes de gobiernos extranjeros.<\/p>\n<p>De acuerdo a un documento difundido a los medios los compromisos y obligaciones asumidos por el actual ministerio de Ciencia, Tecnolog\u00eda e Innovaci\u00f3n quedar\u00e1n a cargo de la Jefatura de Gabinete de ministros, al igual que la secretar\u00eda de Asuntos Estrat\u00e9gicos.<\/p>\n<figure class=\"mb-3\"><img decoding=\"async\" data-src=\"https:\/\/www.telam.com.ar\/thumbs\/bluesteel\/advf\/imagenes\/2023\/12\/65763935f355c_1200.jpg\" class=\"lazy lazyload\" src=\"data:image\/gif;base64,R0lGODlhAQABAIAAAAAAAP\/\/\/yH5BAEAAAAALAAAAAABAAEAAAIBRAA7\" alt=\"Milei firmando su primer decreto presidencial para reducir los ministerios Foto Prensa\" width=\"100%\" height=\"100%\" \/><noscript><img decoding=\"async\" class=\" lazy \" src=\"https:\/\/www.telam.com.ar\/thumbs\/bluesteel\/advf\/imagenes\/2023\/12\/65763935f355c_1200.jpg\" alt=\"Milei firmando su primer decreto presidencial para reducir los ministerios Foto Prensa\" width=\"100%\" height=\"100%\"><\/noscript>&nbsp;<\/p>\n<div class=\"media-icons\"><\/div><figcaption>Milei firmando su primer decreto presidencial para reducir los ministerios \/ Foto: Prensa.<\/figcaption><\/figure>\n<p>Por otra parte, el ministerio de Ambiente y Desarrollo Sostenible y la cartera de Turismo y Deporte ser\u00e1n absorbidos por el Ministerio de Interior.<\/p>\n<p>Asimismo, las \u00e1reas de Transporte, Obras P\u00fablicas, y Desarrollo Territorial y Habitat estar\u00e1n bajo la \u00f3rbita del ministerio de Infraestructura.<\/p>\n<p>En tanto, el ministerio de Justicia y Derechos Humanos pasar\u00e1 a denominarse solamente de Justicia, mientras que Educaci\u00f3n, Cultura, Trabajo, Desarrollo Social y Mujeres estar\u00e1n a cargo del Ministerio de Capital Humano.<\/p>\n<p>Dentro de esta cartera funcionar\u00e1 adem\u00e1s el Instituto Nacional de Asociativismo y Econom\u00eda Social (INAES) y el Instituto Nacional de la Agricultura Familiar, Campesina e Ind\u00edgena.<\/p>\n<p>El Servicio Penitenciario Federal dejar\u00e1 de pertenecer a la cartera de Justicia pero continuar\u00e1 dentro del Poder Ejecutivo Nacional al quedar bajo la \u00f3rbita del ministerio de Seguridad, al mando de Patricia Bullrich.<\/p>\n<p>Se cre\u00f3 tambi\u00e9n la Agencia Nacional de Materiales Controlados, ente descentralizado en el \u00e1mbito del ministerio de Seguridad, con autarqu\u00eda econ\u00f3mica financiara, personer\u00eda jur\u00eddica propia y capacidad de actuaci\u00f3n en el derecho p\u00fablico y privado.<\/p>\n<h2 class=\"\">La carrera de los ministros<\/h2>\n<p>Posse es ingeniero industrial, egresado del Instituto Tecnol\u00f3gico de Buenos Aires (ITBA), con estudios en la Universidad de Cambridge.<\/p>\n<p>Fue gerente general de la Unidad de Negocios Sur de Aeropuertos Argentina 2000, del conglomerado Corporaci\u00f3n Am\u00e9rica del empresario Eduardo Eurnekian, y CEO responsable de los Duty Free en los aeropuertos.<\/p>\n<p>Luego estuvo a cargo, por el mismo conglomerado, de la direcci\u00f3n de proyectos en el \u00abCorredor Bioce\u00e1nico Aconcagua\u00bb, una iniciativa para unir los oc\u00e9anos Atl\u00e1ntico y Pac\u00edfico a trav\u00e9s de un corredor ferroviario de alta tecnolog\u00eda; y luego fue gerente del Aeropuerto de El Palomar.<\/p>\n<p>Mondino es una economista egresada de la Universidad Nacional de C\u00f3rdoba y con una maestr\u00eda en Administraci\u00f3n de Empresas por la Universidad de Navarra, en Espa\u00f1a.<\/p>\n<p>Fue cofundadora de Risk Analysis, una firma calificadora de riesgo que luego fue adquirida por Standard and Poor\u2019s, a ra\u00edz de lo cual pas\u00f3 a ser la directora de S&amp;P para Am\u00e9rica Latina; y dirigi\u00f3 empresas locales como Pampa Energ\u00eda, Banco Supervielle y Loma Negra.<\/p>\n<p>Hasta ingresar a la pol\u00edtica fue directora de Relaciones Institucionales y profesora de Finanzas de la Universidad (CEMA) y en las \u00faltimas elecciones encabez\u00f3 la lista de diputados nacionales por la Ciudad de Buenos Aires.<\/p>\n<p>Luis \u00abToto\u00bb Caputo es licenciado en Econom\u00eda, egresado de la Universidad de Buenos Aires, y profesor de Econom\u00eda y Finanzas en el Posgrado de la Universidad Cat\u00f3lica Argentina.<\/p>\n<p>Fue secretario de Finanzas en el gobierno de Mauricio Macri (2015-2017) y luego trabaj\u00f3 en ese \u00e1mbito con rango de ministro (2017-2018), tras la divisi\u00f3n del Ministerio de Hacienda y Finanzas P\u00fablicas.<\/p>\n<p>Adem\u00e1s fue presidente del Banco Central en 2018, tambi\u00e9n durante el gobierno del l\u00edder del PRO.<\/p>\n<figure class=\"mb-3\"><img decoding=\"async\" data-src=\"https:\/\/www.telam.com.ar\/thumbs\/bluesteel\/advf\/imagenes\/2023\/12\/65761487127d3_1200.jpg\" class=\"lazy lazyload\" src=\"data:image\/gif;base64,R0lGODlhAQABAIAAAAAAAP\/\/\/yH5BAEAAAAALAAAAAABAAEAAAIBRAA7\" alt=\"Foto Eliana Obregn\" width=\"100%\" height=\"100%\" \/><noscript><img decoding=\"async\" class=\" lazy \" src=\"https:\/\/www.telam.com.ar\/thumbs\/bluesteel\/advf\/imagenes\/2023\/12\/65761487127d3_1200.jpg\" alt=\"Foto Eliana Obregn\" width=\"100%\" height=\"100%\"><\/noscript>&nbsp;<\/p>\n<div class=\"media-icons\"><\/div><figcaption>Foto: Eliana Obreg\u00f3n.<\/figcaption><\/figure>\n<p>En tanto, Francos fue directivo de la Corporaci\u00f3n Am\u00e9rica y a fines de los a\u00f1os \u201990 ocup\u00f3 una banca en el Congreso como diputado por Acci\u00f3n por la Rep\u00fablica, el partido que conduc\u00eda el exministro de Econom\u00eda Domingo Cavallo.<\/p>\n<p>Tambi\u00e9n fue presidente del Banco de la Provincia de Buenos Aires durante la gobernaci\u00f3n de Daniel Scioli y represent\u00f3 al gobierno de Alberto Fern\u00e1ndez en el Banco Interamericano de Desarrollo (BID). Luego se convirti\u00f3 en una pieza clave del armado libertario.<\/p>\n<p>Pettovello es licenciada en Periodismo por la Universidad de Belgrano (UB) y licenciada en Ciencias para la Familia de la Universidad Austral, con posgrados en neuropsicoeducaci\u00f3n y pol\u00edticas familiares.<\/p>\n<p>Consultora en orientaci\u00f3n laboral y vocacional, fue vicepresidenta de la Uni\u00f3n del Centro Democr\u00e1tico (Uced\u00e9), partido fundado por el economista \u00c1lvaro Alsogaray en 1982.<\/p>\n<p>En las \u00faltimas elecciones ocup\u00f3 el tercer lugar en la lista de candidatos a diputados nacionales por este espacio en la Ciudad de Buenos Aires.<\/p>\n<p>Russo es un m\u00e9dico cardi\u00f3logo que fue titular de Salud en los municipios bonaerenses de San Miguel y Mor\u00f3n, y con cercan\u00edas pol\u00edticas con el exintendente de San Miguel y exsenador bonaerense Joaqu\u00edn De La Torre.<\/p>\n<p>Tambi\u00e9n estuvo al frente de la direcci\u00f3n de Asuntos Gubernamentales en Aguas y Saneamientos Argentinos (AySA), entre 2020 y 2022, durante la gesti\u00f3n que Malena Galmarini cumpli\u00f3 al frente de esa empresa estatal.<\/p>\n<p>C\u00faneo Libarona es un abogado penalista que adquiri\u00f3 notoriedad en la d\u00e9cada de los \u201990 al asumir la representaci\u00f3n legal de Guillermo Coppola, exrepresentante de Diego Armando Maradona.<\/p>\n<p>C\u00faneo Libarona tambi\u00e9n patrocin\u00f3 en causas por presuntos delitos a los hermanos Amira y Emir Yoma, excu\u00f1ados del exmandatario Carlos Menem, entre otras figuras de la vida p\u00fablica de Argentina.<\/p>\n<p>Ferraro tiene una profusa experiencia en cargos p\u00fablicos, tras haber sido subsecretario de Infraestructura y Telecomunicaciones de la provincia de Buenos Aires durante la gesti\u00f3n del exgobernador Antonio Cafiero, entre 1988 y 1991, subsecretario de Industria en la administraci\u00f3n del expresidente Eduardo Duhalde (2002-2003), entre 2005 y 2007 vicepresidente de Naci\u00f3n Servicios (empresa del Grupo Banco Naci\u00f3n), durante la presidencia de N\u00e9stor Kirchner, y asesor del ministerio de Hacienda porte\u00f1o en 2009 en la gesti\u00f3n de Mauricio Macri como alcalde (2007-2015), entre otros.<\/p>\n<p>Bullrich vuelve a ocupar la cartera de Seguridad, que ya hab\u00eda dirigido durante el gobierno del expresidente Mauricio Macri.<\/p>\n<p>La extitular del PRO y excandidata presidencial de Juntos por el Cambio (JxC) fue adem\u00e1s diputada en dos per\u00edodos (1993-1997 y 2007-2015) y ministra de Trabajo y Seguridad Social durante el Gobierno de Fernando De La R\u00faa (1999-2001).<\/p>\n<p>Petri, afiliado a la Uni\u00f3n C\u00edvica Radical, fue compa\u00f1ero de f\u00f3rmula de Bullrich en Juntos por el Cambio en las \u00faltimas elecciones.<\/p>\n<p>Anteriormente hab\u00eda sido diputado provincial en Mendoza (2006-2013) y diputado nacional (2013-2021), adem\u00e1s de ocupar en la C\u00e1mara baja la vicepresidencia segunda (2017-2019).<\/p>\n<h2 class=\"\">El detalle<\/h2>\n<p>&nbsp;<\/p>\n<h2 class=\"\">Jefe de Gabinete<\/h2>\n<p>Nicol\u00e1s Posse.<\/p>\n<h2 class=\"\">Ministro de Interior<\/h2>\n<p>Guillermo Francos.<\/p>\n<h2 class=\"\">Ministro de Econom\u00eda<\/h2>\n<p>Luis Caputo.<\/p>\n<h2 class=\"\">Ministra de Capital Humano<\/h2>\n<p>Sandra Pettovello.<\/p>\n<h2 class=\"\">Ministro de Justicia<\/h2>\n<p>Mariano C\u00faneo Libarona.<\/p>\n<h2 class=\"\">Ministro de Relaciones Exteriores<\/h2>\n<p>Diana Mondino.<\/p>\n<h2 class=\"\">Ministra de Seguridad<\/h2>\n<p>Patricia Bullrich.<\/p>\n<h2 class=\"\">Ministro de Defensa<\/h2>\n<p>Luis Petri.<\/p>\n<h2 class=\"\">Ministro de Infraestructura<\/h2>\n<p>Guillermo Ferraro.<\/p>\n<h2 class=\"\">Ministro de Salud<\/h2>\n<p>Mario Russo.<\/p>\n","protected":false},"excerpt":{"rendered":"<p>El presidente Javier Milei firm\u00f3 este domingo un decreto para\u00a0reducir a nueve el total de los ministerios que funcionar\u00e1n en su Gobierno y tom\u00f3 juramento a los ministros del Gabinete Nacional en el Sal\u00f3n Blanco de la Casa Rosada, durante una ceremonia en la que no se permiti\u00f3 el acceso a los periodistas ni fue transmitida en directo al p\u00fablico. La reducci\u00f3n de carteras fue confirmada por la Oficina del Presidente Javier Milei en su cuenta de la red social X, mientras por fuentes oficiales se dej\u00f3 trascender el nuevo&hellip;<\/p>\n","protected":false},"author":1,"featured_media":0,"comment_status":"open","ping_status":"closed","sticky":false,"template":"","format":"standard","meta":{"footnotes":""},"categories":[4],"tags":[],"class_list":["post-5638","post","type-post","status-publish","format-standard","hentry","category-interes-general"],"rttpg_featured_image_url":null,"rttpg_author":{"display_name":"rober","author_link":"https:\/\/livingmultimediosde.net.ar\/INDEX\/author\/rober\/"},"rttpg_comment":0,"rttpg_category":"<a href=\"https:\/\/livingmultimediosde.net.ar\/INDEX\/category\/interes-general\/\" rel=\"category tag\">INTERES GENERAL<\/a>","rttpg_excerpt":"El presidente Javier Milei firm\u00f3 este domingo un decreto para\u00a0reducir a nueve el total de los ministerios que funcionar\u00e1n en su Gobierno y tom\u00f3 juramento a los ministros del Gabinete Nacional en el Sal\u00f3n Blanco de la Casa Rosada, durante una ceremonia en la que no se permiti\u00f3 el acceso a los periodistas ni fue&hellip;","_links":{"self":[{"href":"https:\/\/livingmultimediosde.net.ar\/INDEX\/wp-json\/wp\/v2\/posts\/5638","targetHints":{"allow":["GET"]}}],"collection":[{"href":"https:\/\/livingmultimediosde.net.ar\/INDEX\/wp-json\/wp\/v2\/posts"}],"about":[{"href":"https:\/\/livingmultimediosde.net.ar\/INDEX\/wp-json\/wp\/v2\/types\/post"}],"author":[{"embeddable":true,"href":"https:\/\/livingmultimediosde.net.ar\/INDEX\/wp-json\/wp\/v2\/users\/1"}],"replies":[{"embeddable":true,"href":"https:\/\/livingmultimediosde.net.ar\/INDEX\/wp-json\/wp\/v2\/comments?post=5638"}],"version-history":[{"count":1,"href":"https:\/\/livingmultimediosde.net.ar\/INDEX\/wp-json\/wp\/v2\/posts\/5638\/revisions"}],"predecessor-version":[{"id":5640,"href":"https:\/\/livingmultimediosde.net.ar\/INDEX\/wp-json\/wp\/v2\/posts\/5638\/revisions\/5640"}],"wp:attachment":[{"href":"https:\/\/livingmultimediosde.net.ar\/INDEX\/wp-json\/wp\/v2\/media?parent=5638"}],"wp:term":[{"taxonomy":"category","embeddable":true,"href":"https:\/\/livingmultimediosde.net.ar\/INDEX\/wp-json\/wp\/v2\/categories?post=5638"},{"taxonomy":"post_tag","embeddable":true,"href":"https:\/\/livingmultimediosde.net.ar\/INDEX\/wp-json\/wp\/v2\/tags?post=5638"}],"curies":[{"name":"wp","href":"https:\/\/api.w.org\/{rel}","templated":true}]}}