{"id":5620,"date":"2023-12-10T21:29:05","date_gmt":"2023-12-10T21:29:05","guid":{"rendered":"https:\/\/livingmultimediosde.net.ar\/INDEX\/?p=5620"},"modified":"2023-12-10T21:29:05","modified_gmt":"2023-12-10T21:29:05","slug":"gran-cantidad-de-santiaguenos-participaron-de-la-19-edicion-de-encontrarte","status":"publish","type":"post","link":"https:\/\/livingmultimediosde.net.ar\/INDEX\/2023\/12\/gran-cantidad-de-santiaguenos-participaron-de-la-19-edicion-de-encontrarte\/","title":{"rendered":"Gran cantidad de santiague\u00f1os participaron de la 19\u00b0 edici\u00f3n de Encontrarte"},"content":{"rendered":"<div class=\"entry-content\">\n<p>Con un importante marco, se desarroll\u00f3 la 19\u00b0 edici\u00f3n de la Muestra Encontrarte, en avenida Roca, entre Mendoza y Avellaneda.<br \/>\nTras la apertura oficial, el jefe de Gabinete de Ministros, El\u00edas Su\u00e1rez, acompa\u00f1ado por la intendente de la Capital, Norma Fuentes, y de referentes de grupos culturales, recorri\u00f3 la exhibici\u00f3n de arte local, donde m\u00e1s de 500 artistas de diferentes rubros expusieron sus trabajos, bajo la tem\u00e1tica de los cuatro elementos de la naturaleza: agua, tierra, fuego y aire, que constituyen los elementos b\u00e1sicos de la materia y explican el comportamiento del mundo f\u00edsico y espiritual.<br \/>\nTambi\u00e9n estuvieran los subsecretarios de Cultura de la provincia, Juan Leguizam\u00f3n, y de la Municipalidad, Rodolfo Legname, y la directora del Centro Cultural del Bicentenario Cristina Campitelli, entre otros.<br \/>\nEn este contexto, Su\u00e1rez expres\u00f3: \u00abEstamos contentos por esta nueva edici\u00f3n que sin duda convoca a todos los vecinos de Santiago del Estero en un lugar amplio, participativo, con distintas disciplinas culturales y que se sostiene y mantiene como un espacio de participaci\u00f3n popular, donde el vecino comparte y convive con los artistas y el arte\u00bb.<br \/>\nTambi\u00e9n record\u00f3 que este evento en sus inicios estaba organizado por la Municipalidad de la Capital junto con grupos culturales, las galer\u00edas y organizaciones civiles.<br \/>\nAl finalizar, destac\u00f3 que estas actividades \u00abson parte del esfuerzo del gobernador Gerardo Zamora que sostiene eventos culturales con una clara pol\u00edtica de Estado y esperemos poder seguir manteniendo todo este esfuerzo\u00bb.<br \/>\nA su turno, Fuentes manifest\u00f3 su alegr\u00eda y dijo: \u00abUna vez m\u00e1s la avenida Roca se transforma en un escenario donde los artistas pueden mostrar su arte en una muestra que surgi\u00f3 en el a\u00f1o 2004 con una diversidad de artistas, as\u00ed que quiero felicitar a todo el equipo que forma parte de la organizaci\u00f3n\u00bb.<br \/>\nPor su parte, Campitelli sostuvo: \u00abEstamos contentos por la convocatoria y queremos agradecer al gobernador que crey\u00f3 en la idea de sacar el arte a la calle y no pensar que uno tiene que ir a un museo y hoy las artes visuales vuelven a ser protagonistas junto a otras disciplinas art\u00edsticas que acompa\u00f1an\u00bb.<br \/>\nEn la parte final, Legname remarc\u00f3 la importancia del Estado presente para acompa\u00f1ar y apostar la producci\u00f3n de Cultura y afirm\u00f3: \u00abEs un evento que ha crecido en participaci\u00f3n y diversidad de propuestas\u00bb.<\/p>\n<\/div>\n","protected":false},"excerpt":{"rendered":"<p>Con un importante marco, se desarroll\u00f3 la 19\u00b0 edici\u00f3n de la Muestra Encontrarte, en avenida Roca, entre Mendoza y Avellaneda. Tras la apertura oficial, el jefe de Gabinete de Ministros, El\u00edas Su\u00e1rez, acompa\u00f1ado por la intendente de la Capital, Norma Fuentes, y de referentes de grupos culturales, recorri\u00f3 la exhibici\u00f3n de arte local, donde m\u00e1s de 500 artistas de diferentes rubros expusieron sus trabajos, bajo la tem\u00e1tica de los cuatro elementos de la naturaleza: agua, tierra, fuego y aire, que constituyen los elementos b\u00e1sicos de la materia y explican el&hellip;<\/p>\n","protected":false},"author":1,"featured_media":0,"comment_status":"open","ping_status":"closed","sticky":false,"template":"","format":"standard","meta":{"footnotes":""},"categories":[1],"tags":[],"class_list":["post-5620","post","type-post","status-publish","format-standard","hentry","category-uncategorized"],"rttpg_featured_image_url":null,"rttpg_author":{"display_name":"rober","author_link":"https:\/\/livingmultimediosde.net.ar\/INDEX\/author\/rober\/"},"rttpg_comment":0,"rttpg_category":"<a href=\"https:\/\/livingmultimediosde.net.ar\/INDEX\/category\/uncategorized\/\" rel=\"category tag\">Uncategorized<\/a>","rttpg_excerpt":"Con un importante marco, se desarroll\u00f3 la 19\u00b0 edici\u00f3n de la Muestra Encontrarte, en avenida Roca, entre Mendoza y Avellaneda. Tras la apertura oficial, el jefe de Gabinete de Ministros, El\u00edas Su\u00e1rez, acompa\u00f1ado por la intendente de la Capital, Norma Fuentes, y de referentes de grupos culturales, recorri\u00f3 la exhibici\u00f3n de arte local, donde m\u00e1s&hellip;","_links":{"self":[{"href":"https:\/\/livingmultimediosde.net.ar\/INDEX\/wp-json\/wp\/v2\/posts\/5620","targetHints":{"allow":["GET"]}}],"collection":[{"href":"https:\/\/livingmultimediosde.net.ar\/INDEX\/wp-json\/wp\/v2\/posts"}],"about":[{"href":"https:\/\/livingmultimediosde.net.ar\/INDEX\/wp-json\/wp\/v2\/types\/post"}],"author":[{"embeddable":true,"href":"https:\/\/livingmultimediosde.net.ar\/INDEX\/wp-json\/wp\/v2\/users\/1"}],"replies":[{"embeddable":true,"href":"https:\/\/livingmultimediosde.net.ar\/INDEX\/wp-json\/wp\/v2\/comments?post=5620"}],"version-history":[{"count":1,"href":"https:\/\/livingmultimediosde.net.ar\/INDEX\/wp-json\/wp\/v2\/posts\/5620\/revisions"}],"predecessor-version":[{"id":5622,"href":"https:\/\/livingmultimediosde.net.ar\/INDEX\/wp-json\/wp\/v2\/posts\/5620\/revisions\/5622"}],"wp:attachment":[{"href":"https:\/\/livingmultimediosde.net.ar\/INDEX\/wp-json\/wp\/v2\/media?parent=5620"}],"wp:term":[{"taxonomy":"category","embeddable":true,"href":"https:\/\/livingmultimediosde.net.ar\/INDEX\/wp-json\/wp\/v2\/categories?post=5620"},{"taxonomy":"post_tag","embeddable":true,"href":"https:\/\/livingmultimediosde.net.ar\/INDEX\/wp-json\/wp\/v2\/tags?post=5620"}],"curies":[{"name":"wp","href":"https:\/\/api.w.org\/{rel}","templated":true}]}}