{"id":5617,"date":"2023-12-10T21:28:05","date_gmt":"2023-12-10T21:28:05","guid":{"rendered":"https:\/\/livingmultimediosde.net.ar\/INDEX\/?p=5617"},"modified":"2023-12-10T21:28:05","modified_gmt":"2023-12-10T21:28:05","slug":"presidente-santillan-acompano-a-pesebristas","status":"publish","type":"post","link":"https:\/\/livingmultimediosde.net.ar\/INDEX\/2023\/12\/presidente-santillan-acompano-a-pesebristas\/","title":{"rendered":"PRESIDENTE SANTILL\u00c1N ACOMPA\u00d1\u00d3 A PESEBRISTAS"},"content":{"rendered":"<article id=\"post-17253\" class=\"post-17253 post type-post status-publish format-standard has-post-thumbnail hentry category-hcd\">\n<div class=\"entry-content\">\n<article id=\"post-2445\" class=\"post-2445 post type-post status-publish format-standard has-post-thumbnail hentry category-general category-humberto-santillan\">\n<div class=\"entry-content\">\n<p>En la ma\u00f1ana de este s\u00e1bado, el presidente Humberto Eduardo Santill\u00e1n, asisti\u00f3 a la muestra anual de pesebres del taller pesebrista \u00abSagrada Familia\u00bb de la Parroquia Nuestra Se\u00f1ora de Sumampa.<br \/>\nA las 10 h el p\u00e1rroco Ra\u00fal Llugdar, realiz\u00f3 la bendici\u00f3n de 25 sagradas familias, que fueron en su totalidad realizadas en forma artesanal por las integrantes del taller.<\/p>\n<figure class=\"wp-block-gallery has-nested-images columns-default is-cropped wp-block-gallery-1 is-layout-flex wp-block-gallery-is-layout-flex\" data-carousel-extra=\"{&quot;blog_id&quot;:1,&quot;permalink&quot;:&quot;https:\\\/\\\/cdsde.com.ar\\\/index\\\/2023\\\/12\\\/09\\\/presidente-santillan-acompano-a-pesebristas\\\/&quot;}\">\n<figure class=\"wp-block-image size-large\"><img decoding=\"async\" data-src=\"https:\/\/cdsde.com.ar\/wp-content\/uploads\/2023\/12\/IMG-20231209-WA0061-1024x1024.jpg\" data-srcset=\"https:\/\/cdsde.com.ar\/wp-content\/uploads\/2023\/12\/IMG-20231209-WA0061-1024x1024.jpg 1024w, https:\/\/cdsde.com.ar\/wp-content\/uploads\/2023\/12\/IMG-20231209-WA0061-300x300.jpg 300w, https:\/\/cdsde.com.ar\/wp-content\/uploads\/2023\/12\/IMG-20231209-WA0061-150x150.jpg 150w, https:\/\/cdsde.com.ar\/wp-content\/uploads\/2023\/12\/IMG-20231209-WA0061-768x768.jpg 768w, https:\/\/cdsde.com.ar\/wp-content\/uploads\/2023\/12\/IMG-20231209-WA0061.jpg 1080w\" class=\"wp-image-2455 jetpack-lazy-image jetpack-lazy-image--handled lazyload\" src=\"data:image\/gif;base64,R0lGODlhAQABAIAAAAAAAP\/\/\/yH5BAEAAAAALAAAAAABAAEAAAIBRAA7\" sizes=\"(max-width: 1024px) 100vw, 1024px\"  alt=\"\" width=\"1024\" height=\"1024\" data-attachment-id=\"2455\" data-permalink=\"https:\/\/cdsde.com.ar\/index\/2023\/12\/09\/presidente-santillan-acompano-a-pesebristas\/img-20231209-wa0061\/\" data-orig-file=\"https:\/\/cdsde.com.ar\/wp-content\/uploads\/2023\/12\/IMG-20231209-WA0061.jpg\" data-orig-size=\"1080,1080\" data-comments-opened=\"1\" data-image-meta=\"{&quot;aperture&quot;:&quot;0&quot;,&quot;credit&quot;:&quot;&quot;,&quot;camera&quot;:&quot;&quot;,&quot;caption&quot;:&quot;&quot;,&quot;created_timestamp&quot;:&quot;0&quot;,&quot;copyright&quot;:&quot;&quot;,&quot;focal_length&quot;:&quot;0&quot;,&quot;iso&quot;:&quot;0&quot;,&quot;shutter_speed&quot;:&quot;0&quot;,&quot;title&quot;:&quot;&quot;,&quot;orientation&quot;:&quot;0&quot;}\" data-image-title=\"IMG-20231209-WA0061\" data-image-description=\"\" data-image-caption=\"\" data-medium-file=\"https:\/\/cdsde.com.ar\/wp-content\/uploads\/2023\/12\/IMG-20231209-WA0061-300x300.jpg\" data-large-file=\"https:\/\/cdsde.com.ar\/wp-content\/uploads\/2023\/12\/IMG-20231209-WA0061-1024x1024.jpg\" data-id=\"2455\" data-lazy-loaded=\"1\" \/><noscript><img decoding=\"async\" class=\"wp-image-2455 jetpack-lazy-image jetpack-lazy-image--handled\" src=\"https:\/\/cdsde.com.ar\/wp-content\/uploads\/2023\/12\/IMG-20231209-WA0061-1024x1024.jpg\" sizes=\"(max-width: 1024px) 100vw, 1024px\" srcset=\"https:\/\/cdsde.com.ar\/wp-content\/uploads\/2023\/12\/IMG-20231209-WA0061-1024x1024.jpg 1024w, https:\/\/cdsde.com.ar\/wp-content\/uploads\/2023\/12\/IMG-20231209-WA0061-300x300.jpg 300w, https:\/\/cdsde.com.ar\/wp-content\/uploads\/2023\/12\/IMG-20231209-WA0061-150x150.jpg 150w, https:\/\/cdsde.com.ar\/wp-content\/uploads\/2023\/12\/IMG-20231209-WA0061-768x768.jpg 768w, https:\/\/cdsde.com.ar\/wp-content\/uploads\/2023\/12\/IMG-20231209-WA0061.jpg 1080w\" alt=\"\" width=\"1024\" height=\"1024\" data-attachment-id=\"2455\" data-permalink=\"https:\/\/cdsde.com.ar\/index\/2023\/12\/09\/presidente-santillan-acompano-a-pesebristas\/img-20231209-wa0061\/\" data-orig-file=\"https:\/\/cdsde.com.ar\/wp-content\/uploads\/2023\/12\/IMG-20231209-WA0061.jpg\" data-orig-size=\"1080,1080\" data-comments-opened=\"1\" data-image-meta=\"{&quot;aperture&quot;:&quot;0&quot;,&quot;credit&quot;:&quot;&quot;,&quot;camera&quot;:&quot;&quot;,&quot;caption&quot;:&quot;&quot;,&quot;created_timestamp&quot;:&quot;0&quot;,&quot;copyright&quot;:&quot;&quot;,&quot;focal_length&quot;:&quot;0&quot;,&quot;iso&quot;:&quot;0&quot;,&quot;shutter_speed&quot;:&quot;0&quot;,&quot;title&quot;:&quot;&quot;,&quot;orientation&quot;:&quot;0&quot;}\" data-image-title=\"IMG-20231209-WA0061\" data-image-description=\"\" data-image-caption=\"\" data-medium-file=\"https:\/\/cdsde.com.ar\/wp-content\/uploads\/2023\/12\/IMG-20231209-WA0061-300x300.jpg\" data-large-file=\"https:\/\/cdsde.com.ar\/wp-content\/uploads\/2023\/12\/IMG-20231209-WA0061-1024x1024.jpg\" data-id=\"2455\" data-lazy-loaded=\"1\"><\/noscript><\/figure>\n<figure class=\"wp-block-image size-large\"><img decoding=\"async\" data-src=\"https:\/\/cdsde.com.ar\/wp-content\/uploads\/2023\/12\/IMG-20231209-WA0064-1024x1024.jpg\" data-srcset=\"https:\/\/cdsde.com.ar\/wp-content\/uploads\/2023\/12\/IMG-20231209-WA0064-1024x1024.jpg 1024w, https:\/\/cdsde.com.ar\/wp-content\/uploads\/2023\/12\/IMG-20231209-WA0064-300x300.jpg 300w, https:\/\/cdsde.com.ar\/wp-content\/uploads\/2023\/12\/IMG-20231209-WA0064-150x150.jpg 150w, https:\/\/cdsde.com.ar\/wp-content\/uploads\/2023\/12\/IMG-20231209-WA0064-768x768.jpg 768w, https:\/\/cdsde.com.ar\/wp-content\/uploads\/2023\/12\/IMG-20231209-WA0064.jpg 1080w\" class=\"wp-image-2454 jetpack-lazy-image jetpack-lazy-image--handled lazyload\" src=\"data:image\/gif;base64,R0lGODlhAQABAIAAAAAAAP\/\/\/yH5BAEAAAAALAAAAAABAAEAAAIBRAA7\" sizes=\"(max-width: 1024px) 100vw, 1024px\"  alt=\"\" width=\"1024\" height=\"1024\" data-attachment-id=\"2454\" data-permalink=\"https:\/\/cdsde.com.ar\/index\/2023\/12\/09\/presidente-santillan-acompano-a-pesebristas\/img-20231209-wa0064\/\" data-orig-file=\"https:\/\/cdsde.com.ar\/wp-content\/uploads\/2023\/12\/IMG-20231209-WA0064.jpg\" data-orig-size=\"1080,1080\" data-comments-opened=\"1\" data-image-meta=\"{&quot;aperture&quot;:&quot;0&quot;,&quot;credit&quot;:&quot;&quot;,&quot;camera&quot;:&quot;&quot;,&quot;caption&quot;:&quot;&quot;,&quot;created_timestamp&quot;:&quot;0&quot;,&quot;copyright&quot;:&quot;&quot;,&quot;focal_length&quot;:&quot;0&quot;,&quot;iso&quot;:&quot;0&quot;,&quot;shutter_speed&quot;:&quot;0&quot;,&quot;title&quot;:&quot;&quot;,&quot;orientation&quot;:&quot;0&quot;}\" data-image-title=\"IMG-20231209-WA0064\" data-image-description=\"\" data-image-caption=\"\" data-medium-file=\"https:\/\/cdsde.com.ar\/wp-content\/uploads\/2023\/12\/IMG-20231209-WA0064-300x300.jpg\" data-large-file=\"https:\/\/cdsde.com.ar\/wp-content\/uploads\/2023\/12\/IMG-20231209-WA0064-1024x1024.jpg\" data-id=\"2454\" data-lazy-loaded=\"1\" \/><noscript><img decoding=\"async\" class=\"wp-image-2454 jetpack-lazy-image jetpack-lazy-image--handled\" src=\"https:\/\/cdsde.com.ar\/wp-content\/uploads\/2023\/12\/IMG-20231209-WA0064-1024x1024.jpg\" sizes=\"(max-width: 1024px) 100vw, 1024px\" srcset=\"https:\/\/cdsde.com.ar\/wp-content\/uploads\/2023\/12\/IMG-20231209-WA0064-1024x1024.jpg 1024w, https:\/\/cdsde.com.ar\/wp-content\/uploads\/2023\/12\/IMG-20231209-WA0064-300x300.jpg 300w, https:\/\/cdsde.com.ar\/wp-content\/uploads\/2023\/12\/IMG-20231209-WA0064-150x150.jpg 150w, https:\/\/cdsde.com.ar\/wp-content\/uploads\/2023\/12\/IMG-20231209-WA0064-768x768.jpg 768w, https:\/\/cdsde.com.ar\/wp-content\/uploads\/2023\/12\/IMG-20231209-WA0064.jpg 1080w\" alt=\"\" width=\"1024\" height=\"1024\" data-attachment-id=\"2454\" data-permalink=\"https:\/\/cdsde.com.ar\/index\/2023\/12\/09\/presidente-santillan-acompano-a-pesebristas\/img-20231209-wa0064\/\" data-orig-file=\"https:\/\/cdsde.com.ar\/wp-content\/uploads\/2023\/12\/IMG-20231209-WA0064.jpg\" data-orig-size=\"1080,1080\" data-comments-opened=\"1\" data-image-meta=\"{&quot;aperture&quot;:&quot;0&quot;,&quot;credit&quot;:&quot;&quot;,&quot;camera&quot;:&quot;&quot;,&quot;caption&quot;:&quot;&quot;,&quot;created_timestamp&quot;:&quot;0&quot;,&quot;copyright&quot;:&quot;&quot;,&quot;focal_length&quot;:&quot;0&quot;,&quot;iso&quot;:&quot;0&quot;,&quot;shutter_speed&quot;:&quot;0&quot;,&quot;title&quot;:&quot;&quot;,&quot;orientation&quot;:&quot;0&quot;}\" data-image-title=\"IMG-20231209-WA0064\" data-image-description=\"\" data-image-caption=\"\" data-medium-file=\"https:\/\/cdsde.com.ar\/wp-content\/uploads\/2023\/12\/IMG-20231209-WA0064-300x300.jpg\" data-large-file=\"https:\/\/cdsde.com.ar\/wp-content\/uploads\/2023\/12\/IMG-20231209-WA0064-1024x1024.jpg\" data-id=\"2454\" data-lazy-loaded=\"1\"><\/noscript><\/figure>\n<figure class=\"wp-block-image size-large\"><img decoding=\"async\" data-src=\"https:\/\/cdsde.com.ar\/wp-content\/uploads\/2023\/12\/IMG-20231209-WA0065-1024x1024.jpg\" data-srcset=\"https:\/\/cdsde.com.ar\/wp-content\/uploads\/2023\/12\/IMG-20231209-WA0065-1024x1024.jpg 1024w, https:\/\/cdsde.com.ar\/wp-content\/uploads\/2023\/12\/IMG-20231209-WA0065-300x300.jpg 300w, https:\/\/cdsde.com.ar\/wp-content\/uploads\/2023\/12\/IMG-20231209-WA0065-150x150.jpg 150w, https:\/\/cdsde.com.ar\/wp-content\/uploads\/2023\/12\/IMG-20231209-WA0065-768x768.jpg 768w, https:\/\/cdsde.com.ar\/wp-content\/uploads\/2023\/12\/IMG-20231209-WA0065.jpg 1080w\" class=\"wp-image-2453 jetpack-lazy-image jetpack-lazy-image--handled lazyload\" src=\"data:image\/gif;base64,R0lGODlhAQABAIAAAAAAAP\/\/\/yH5BAEAAAAALAAAAAABAAEAAAIBRAA7\" sizes=\"(max-width: 1024px) 100vw, 1024px\"  alt=\"\" width=\"1024\" height=\"1024\" data-attachment-id=\"2453\" data-permalink=\"https:\/\/cdsde.com.ar\/index\/2023\/12\/09\/presidente-santillan-acompano-a-pesebristas\/img-20231209-wa0065\/\" data-orig-file=\"https:\/\/cdsde.com.ar\/wp-content\/uploads\/2023\/12\/IMG-20231209-WA0065.jpg\" data-orig-size=\"1080,1080\" data-comments-opened=\"1\" data-image-meta=\"{&quot;aperture&quot;:&quot;0&quot;,&quot;credit&quot;:&quot;&quot;,&quot;camera&quot;:&quot;&quot;,&quot;caption&quot;:&quot;&quot;,&quot;created_timestamp&quot;:&quot;0&quot;,&quot;copyright&quot;:&quot;&quot;,&quot;focal_length&quot;:&quot;0&quot;,&quot;iso&quot;:&quot;0&quot;,&quot;shutter_speed&quot;:&quot;0&quot;,&quot;title&quot;:&quot;&quot;,&quot;orientation&quot;:&quot;0&quot;}\" data-image-title=\"IMG-20231209-WA0065\" data-image-description=\"\" data-image-caption=\"\" data-medium-file=\"https:\/\/cdsde.com.ar\/wp-content\/uploads\/2023\/12\/IMG-20231209-WA0065-300x300.jpg\" data-large-file=\"https:\/\/cdsde.com.ar\/wp-content\/uploads\/2023\/12\/IMG-20231209-WA0065-1024x1024.jpg\" data-id=\"2453\" data-lazy-loaded=\"1\" \/><noscript><img decoding=\"async\" class=\"wp-image-2453 jetpack-lazy-image jetpack-lazy-image--handled\" src=\"https:\/\/cdsde.com.ar\/wp-content\/uploads\/2023\/12\/IMG-20231209-WA0065-1024x1024.jpg\" sizes=\"(max-width: 1024px) 100vw, 1024px\" srcset=\"https:\/\/cdsde.com.ar\/wp-content\/uploads\/2023\/12\/IMG-20231209-WA0065-1024x1024.jpg 1024w, https:\/\/cdsde.com.ar\/wp-content\/uploads\/2023\/12\/IMG-20231209-WA0065-300x300.jpg 300w, https:\/\/cdsde.com.ar\/wp-content\/uploads\/2023\/12\/IMG-20231209-WA0065-150x150.jpg 150w, https:\/\/cdsde.com.ar\/wp-content\/uploads\/2023\/12\/IMG-20231209-WA0065-768x768.jpg 768w, https:\/\/cdsde.com.ar\/wp-content\/uploads\/2023\/12\/IMG-20231209-WA0065.jpg 1080w\" alt=\"\" width=\"1024\" height=\"1024\" data-attachment-id=\"2453\" data-permalink=\"https:\/\/cdsde.com.ar\/index\/2023\/12\/09\/presidente-santillan-acompano-a-pesebristas\/img-20231209-wa0065\/\" data-orig-file=\"https:\/\/cdsde.com.ar\/wp-content\/uploads\/2023\/12\/IMG-20231209-WA0065.jpg\" data-orig-size=\"1080,1080\" data-comments-opened=\"1\" data-image-meta=\"{&quot;aperture&quot;:&quot;0&quot;,&quot;credit&quot;:&quot;&quot;,&quot;camera&quot;:&quot;&quot;,&quot;caption&quot;:&quot;&quot;,&quot;created_timestamp&quot;:&quot;0&quot;,&quot;copyright&quot;:&quot;&quot;,&quot;focal_length&quot;:&quot;0&quot;,&quot;iso&quot;:&quot;0&quot;,&quot;shutter_speed&quot;:&quot;0&quot;,&quot;title&quot;:&quot;&quot;,&quot;orientation&quot;:&quot;0&quot;}\" data-image-title=\"IMG-20231209-WA0065\" data-image-description=\"\" data-image-caption=\"\" data-medium-file=\"https:\/\/cdsde.com.ar\/wp-content\/uploads\/2023\/12\/IMG-20231209-WA0065-300x300.jpg\" data-large-file=\"https:\/\/cdsde.com.ar\/wp-content\/uploads\/2023\/12\/IMG-20231209-WA0065-1024x1024.jpg\" data-id=\"2453\" data-lazy-loaded=\"1\"><\/noscript><\/figure>\n<figure class=\"wp-block-image size-large\"><img decoding=\"async\" data-src=\"https:\/\/cdsde.com.ar\/wp-content\/uploads\/2023\/12\/IMG-20231209-WA0066-1024x1024.jpg\" data-srcset=\"https:\/\/cdsde.com.ar\/wp-content\/uploads\/2023\/12\/IMG-20231209-WA0066-1024x1024.jpg 1024w, https:\/\/cdsde.com.ar\/wp-content\/uploads\/2023\/12\/IMG-20231209-WA0066-300x300.jpg 300w, https:\/\/cdsde.com.ar\/wp-content\/uploads\/2023\/12\/IMG-20231209-WA0066-150x150.jpg 150w, https:\/\/cdsde.com.ar\/wp-content\/uploads\/2023\/12\/IMG-20231209-WA0066-768x768.jpg 768w, https:\/\/cdsde.com.ar\/wp-content\/uploads\/2023\/12\/IMG-20231209-WA0066.jpg 1080w\" class=\"wp-image-2450 jetpack-lazy-image jetpack-lazy-image--handled lazyload\" src=\"data:image\/gif;base64,R0lGODlhAQABAIAAAAAAAP\/\/\/yH5BAEAAAAALAAAAAABAAEAAAIBRAA7\" sizes=\"(max-width: 1024px) 100vw, 1024px\"  alt=\"\" width=\"1024\" height=\"1024\" data-attachment-id=\"2450\" data-permalink=\"https:\/\/cdsde.com.ar\/index\/2023\/12\/09\/presidente-santillan-acompano-a-pesebristas\/img-20231209-wa0066\/\" data-orig-file=\"https:\/\/cdsde.com.ar\/wp-content\/uploads\/2023\/12\/IMG-20231209-WA0066.jpg\" data-orig-size=\"1080,1080\" data-comments-opened=\"1\" data-image-meta=\"{&quot;aperture&quot;:&quot;0&quot;,&quot;credit&quot;:&quot;&quot;,&quot;camera&quot;:&quot;&quot;,&quot;caption&quot;:&quot;&quot;,&quot;created_timestamp&quot;:&quot;0&quot;,&quot;copyright&quot;:&quot;&quot;,&quot;focal_length&quot;:&quot;0&quot;,&quot;iso&quot;:&quot;0&quot;,&quot;shutter_speed&quot;:&quot;0&quot;,&quot;title&quot;:&quot;&quot;,&quot;orientation&quot;:&quot;0&quot;}\" data-image-title=\"IMG-20231209-WA0066\" data-image-description=\"\" data-image-caption=\"\" data-medium-file=\"https:\/\/cdsde.com.ar\/wp-content\/uploads\/2023\/12\/IMG-20231209-WA0066-300x300.jpg\" data-large-file=\"https:\/\/cdsde.com.ar\/wp-content\/uploads\/2023\/12\/IMG-20231209-WA0066-1024x1024.jpg\" data-id=\"2450\" data-lazy-loaded=\"1\" \/><noscript><img decoding=\"async\" class=\"wp-image-2450 jetpack-lazy-image jetpack-lazy-image--handled\" src=\"https:\/\/cdsde.com.ar\/wp-content\/uploads\/2023\/12\/IMG-20231209-WA0066-1024x1024.jpg\" sizes=\"(max-width: 1024px) 100vw, 1024px\" srcset=\"https:\/\/cdsde.com.ar\/wp-content\/uploads\/2023\/12\/IMG-20231209-WA0066-1024x1024.jpg 1024w, https:\/\/cdsde.com.ar\/wp-content\/uploads\/2023\/12\/IMG-20231209-WA0066-300x300.jpg 300w, https:\/\/cdsde.com.ar\/wp-content\/uploads\/2023\/12\/IMG-20231209-WA0066-150x150.jpg 150w, https:\/\/cdsde.com.ar\/wp-content\/uploads\/2023\/12\/IMG-20231209-WA0066-768x768.jpg 768w, https:\/\/cdsde.com.ar\/wp-content\/uploads\/2023\/12\/IMG-20231209-WA0066.jpg 1080w\" alt=\"\" width=\"1024\" height=\"1024\" data-attachment-id=\"2450\" data-permalink=\"https:\/\/cdsde.com.ar\/index\/2023\/12\/09\/presidente-santillan-acompano-a-pesebristas\/img-20231209-wa0066\/\" data-orig-file=\"https:\/\/cdsde.com.ar\/wp-content\/uploads\/2023\/12\/IMG-20231209-WA0066.jpg\" data-orig-size=\"1080,1080\" data-comments-opened=\"1\" data-image-meta=\"{&quot;aperture&quot;:&quot;0&quot;,&quot;credit&quot;:&quot;&quot;,&quot;camera&quot;:&quot;&quot;,&quot;caption&quot;:&quot;&quot;,&quot;created_timestamp&quot;:&quot;0&quot;,&quot;copyright&quot;:&quot;&quot;,&quot;focal_length&quot;:&quot;0&quot;,&quot;iso&quot;:&quot;0&quot;,&quot;shutter_speed&quot;:&quot;0&quot;,&quot;title&quot;:&quot;&quot;,&quot;orientation&quot;:&quot;0&quot;}\" data-image-title=\"IMG-20231209-WA0066\" data-image-description=\"\" data-image-caption=\"\" data-medium-file=\"https:\/\/cdsde.com.ar\/wp-content\/uploads\/2023\/12\/IMG-20231209-WA0066-300x300.jpg\" data-large-file=\"https:\/\/cdsde.com.ar\/wp-content\/uploads\/2023\/12\/IMG-20231209-WA0066-1024x1024.jpg\" data-id=\"2450\" data-lazy-loaded=\"1\"><\/noscript><\/figure>\n<figure class=\"wp-block-image size-large\"><img decoding=\"async\" data-src=\"https:\/\/cdsde.com.ar\/wp-content\/uploads\/2023\/12\/IMG-20231209-WA0063-1024x1024.jpg\" data-srcset=\"https:\/\/cdsde.com.ar\/wp-content\/uploads\/2023\/12\/IMG-20231209-WA0063-1024x1024.jpg 1024w, https:\/\/cdsde.com.ar\/wp-content\/uploads\/2023\/12\/IMG-20231209-WA0063-300x300.jpg 300w, https:\/\/cdsde.com.ar\/wp-content\/uploads\/2023\/12\/IMG-20231209-WA0063-150x150.jpg 150w, https:\/\/cdsde.com.ar\/wp-content\/uploads\/2023\/12\/IMG-20231209-WA0063-768x768.jpg 768w, https:\/\/cdsde.com.ar\/wp-content\/uploads\/2023\/12\/IMG-20231209-WA0063.jpg 1080w\" class=\"wp-image-2451 jetpack-lazy-image jetpack-lazy-image--handled lazyload\" src=\"data:image\/gif;base64,R0lGODlhAQABAIAAAAAAAP\/\/\/yH5BAEAAAAALAAAAAABAAEAAAIBRAA7\" sizes=\"(max-width: 1024px) 100vw, 1024px\"  alt=\"\" width=\"1024\" height=\"1024\" data-attachment-id=\"2451\" data-permalink=\"https:\/\/cdsde.com.ar\/index\/2023\/12\/09\/presidente-santillan-acompano-a-pesebristas\/img-20231209-wa0063\/\" data-orig-file=\"https:\/\/cdsde.com.ar\/wp-content\/uploads\/2023\/12\/IMG-20231209-WA0063.jpg\" data-orig-size=\"1080,1080\" data-comments-opened=\"1\" data-image-meta=\"{&quot;aperture&quot;:&quot;0&quot;,&quot;credit&quot;:&quot;&quot;,&quot;camera&quot;:&quot;&quot;,&quot;caption&quot;:&quot;&quot;,&quot;created_timestamp&quot;:&quot;0&quot;,&quot;copyright&quot;:&quot;&quot;,&quot;focal_length&quot;:&quot;0&quot;,&quot;iso&quot;:&quot;0&quot;,&quot;shutter_speed&quot;:&quot;0&quot;,&quot;title&quot;:&quot;&quot;,&quot;orientation&quot;:&quot;0&quot;}\" data-image-title=\"IMG-20231209-WA0063\" data-image-description=\"\" data-image-caption=\"\" data-medium-file=\"https:\/\/cdsde.com.ar\/wp-content\/uploads\/2023\/12\/IMG-20231209-WA0063-300x300.jpg\" data-large-file=\"https:\/\/cdsde.com.ar\/wp-content\/uploads\/2023\/12\/IMG-20231209-WA0063-1024x1024.jpg\" data-id=\"2451\" data-lazy-loaded=\"1\" \/><noscript><img decoding=\"async\" class=\"wp-image-2451 jetpack-lazy-image jetpack-lazy-image--handled\" src=\"https:\/\/cdsde.com.ar\/wp-content\/uploads\/2023\/12\/IMG-20231209-WA0063-1024x1024.jpg\" sizes=\"(max-width: 1024px) 100vw, 1024px\" srcset=\"https:\/\/cdsde.com.ar\/wp-content\/uploads\/2023\/12\/IMG-20231209-WA0063-1024x1024.jpg 1024w, https:\/\/cdsde.com.ar\/wp-content\/uploads\/2023\/12\/IMG-20231209-WA0063-300x300.jpg 300w, https:\/\/cdsde.com.ar\/wp-content\/uploads\/2023\/12\/IMG-20231209-WA0063-150x150.jpg 150w, https:\/\/cdsde.com.ar\/wp-content\/uploads\/2023\/12\/IMG-20231209-WA0063-768x768.jpg 768w, https:\/\/cdsde.com.ar\/wp-content\/uploads\/2023\/12\/IMG-20231209-WA0063.jpg 1080w\" alt=\"\" width=\"1024\" height=\"1024\" data-attachment-id=\"2451\" data-permalink=\"https:\/\/cdsde.com.ar\/index\/2023\/12\/09\/presidente-santillan-acompano-a-pesebristas\/img-20231209-wa0063\/\" data-orig-file=\"https:\/\/cdsde.com.ar\/wp-content\/uploads\/2023\/12\/IMG-20231209-WA0063.jpg\" data-orig-size=\"1080,1080\" data-comments-opened=\"1\" data-image-meta=\"{&quot;aperture&quot;:&quot;0&quot;,&quot;credit&quot;:&quot;&quot;,&quot;camera&quot;:&quot;&quot;,&quot;caption&quot;:&quot;&quot;,&quot;created_timestamp&quot;:&quot;0&quot;,&quot;copyright&quot;:&quot;&quot;,&quot;focal_length&quot;:&quot;0&quot;,&quot;iso&quot;:&quot;0&quot;,&quot;shutter_speed&quot;:&quot;0&quot;,&quot;title&quot;:&quot;&quot;,&quot;orientation&quot;:&quot;0&quot;}\" data-image-title=\"IMG-20231209-WA0063\" data-image-description=\"\" data-image-caption=\"\" data-medium-file=\"https:\/\/cdsde.com.ar\/wp-content\/uploads\/2023\/12\/IMG-20231209-WA0063-300x300.jpg\" data-large-file=\"https:\/\/cdsde.com.ar\/wp-content\/uploads\/2023\/12\/IMG-20231209-WA0063-1024x1024.jpg\" data-id=\"2451\" data-lazy-loaded=\"1\"><\/noscript><\/figure>\n<figure class=\"wp-block-image size-large\"><img decoding=\"async\" data-src=\"https:\/\/cdsde.com.ar\/wp-content\/uploads\/2023\/12\/IMG-20231209-WA0062-1024x1024.jpg\" data-srcset=\"https:\/\/cdsde.com.ar\/wp-content\/uploads\/2023\/12\/IMG-20231209-WA0062-1024x1024.jpg 1024w, https:\/\/cdsde.com.ar\/wp-content\/uploads\/2023\/12\/IMG-20231209-WA0062-300x300.jpg 300w, https:\/\/cdsde.com.ar\/wp-content\/uploads\/2023\/12\/IMG-20231209-WA0062-150x150.jpg 150w, https:\/\/cdsde.com.ar\/wp-content\/uploads\/2023\/12\/IMG-20231209-WA0062-768x768.jpg 768w, https:\/\/cdsde.com.ar\/wp-content\/uploads\/2023\/12\/IMG-20231209-WA0062.jpg 1080w\" class=\"wp-image-2452 jetpack-lazy-image jetpack-lazy-image--handled lazyload\" src=\"data:image\/gif;base64,R0lGODlhAQABAIAAAAAAAP\/\/\/yH5BAEAAAAALAAAAAABAAEAAAIBRAA7\" sizes=\"(max-width: 1024px) 100vw, 1024px\"  alt=\"\" width=\"1024\" height=\"1024\" data-attachment-id=\"2452\" data-permalink=\"https:\/\/cdsde.com.ar\/index\/2023\/12\/09\/presidente-santillan-acompano-a-pesebristas\/img-20231209-wa0062\/\" data-orig-file=\"https:\/\/cdsde.com.ar\/wp-content\/uploads\/2023\/12\/IMG-20231209-WA0062.jpg\" data-orig-size=\"1080,1080\" data-comments-opened=\"1\" data-image-meta=\"{&quot;aperture&quot;:&quot;0&quot;,&quot;credit&quot;:&quot;&quot;,&quot;camera&quot;:&quot;&quot;,&quot;caption&quot;:&quot;&quot;,&quot;created_timestamp&quot;:&quot;0&quot;,&quot;copyright&quot;:&quot;&quot;,&quot;focal_length&quot;:&quot;0&quot;,&quot;iso&quot;:&quot;0&quot;,&quot;shutter_speed&quot;:&quot;0&quot;,&quot;title&quot;:&quot;&quot;,&quot;orientation&quot;:&quot;0&quot;}\" data-image-title=\"IMG-20231209-WA0062\" data-image-description=\"\" data-image-caption=\"\" data-medium-file=\"https:\/\/cdsde.com.ar\/wp-content\/uploads\/2023\/12\/IMG-20231209-WA0062-300x300.jpg\" data-large-file=\"https:\/\/cdsde.com.ar\/wp-content\/uploads\/2023\/12\/IMG-20231209-WA0062-1024x1024.jpg\" data-id=\"2452\" data-lazy-loaded=\"1\" \/><noscript><img decoding=\"async\" class=\"wp-image-2452 jetpack-lazy-image jetpack-lazy-image--handled\" src=\"https:\/\/cdsde.com.ar\/wp-content\/uploads\/2023\/12\/IMG-20231209-WA0062-1024x1024.jpg\" sizes=\"(max-width: 1024px) 100vw, 1024px\" srcset=\"https:\/\/cdsde.com.ar\/wp-content\/uploads\/2023\/12\/IMG-20231209-WA0062-1024x1024.jpg 1024w, https:\/\/cdsde.com.ar\/wp-content\/uploads\/2023\/12\/IMG-20231209-WA0062-300x300.jpg 300w, https:\/\/cdsde.com.ar\/wp-content\/uploads\/2023\/12\/IMG-20231209-WA0062-150x150.jpg 150w, https:\/\/cdsde.com.ar\/wp-content\/uploads\/2023\/12\/IMG-20231209-WA0062-768x768.jpg 768w, https:\/\/cdsde.com.ar\/wp-content\/uploads\/2023\/12\/IMG-20231209-WA0062.jpg 1080w\" alt=\"\" width=\"1024\" height=\"1024\" data-attachment-id=\"2452\" data-permalink=\"https:\/\/cdsde.com.ar\/index\/2023\/12\/09\/presidente-santillan-acompano-a-pesebristas\/img-20231209-wa0062\/\" data-orig-file=\"https:\/\/cdsde.com.ar\/wp-content\/uploads\/2023\/12\/IMG-20231209-WA0062.jpg\" data-orig-size=\"1080,1080\" data-comments-opened=\"1\" data-image-meta=\"{&quot;aperture&quot;:&quot;0&quot;,&quot;credit&quot;:&quot;&quot;,&quot;camera&quot;:&quot;&quot;,&quot;caption&quot;:&quot;&quot;,&quot;created_timestamp&quot;:&quot;0&quot;,&quot;copyright&quot;:&quot;&quot;,&quot;focal_length&quot;:&quot;0&quot;,&quot;iso&quot;:&quot;0&quot;,&quot;shutter_speed&quot;:&quot;0&quot;,&quot;title&quot;:&quot;&quot;,&quot;orientation&quot;:&quot;0&quot;}\" data-image-title=\"IMG-20231209-WA0062\" data-image-description=\"\" data-image-caption=\"\" data-medium-file=\"https:\/\/cdsde.com.ar\/wp-content\/uploads\/2023\/12\/IMG-20231209-WA0062-300x300.jpg\" data-large-file=\"https:\/\/cdsde.com.ar\/wp-content\/uploads\/2023\/12\/IMG-20231209-WA0062-1024x1024.jpg\" data-id=\"2452\" data-lazy-loaded=\"1\"><\/noscript><\/figure>\n<figure class=\"wp-block-image size-large\"><img decoding=\"async\" data-src=\"https:\/\/cdsde.com.ar\/wp-content\/uploads\/2023\/12\/IMG-20231209-WA0067-1024x1024.jpg\" data-srcset=\"https:\/\/cdsde.com.ar\/wp-content\/uploads\/2023\/12\/IMG-20231209-WA0067-1024x1024.jpg 1024w, https:\/\/cdsde.com.ar\/wp-content\/uploads\/2023\/12\/IMG-20231209-WA0067-300x300.jpg 300w, https:\/\/cdsde.com.ar\/wp-content\/uploads\/2023\/12\/IMG-20231209-WA0067-150x150.jpg 150w, https:\/\/cdsde.com.ar\/wp-content\/uploads\/2023\/12\/IMG-20231209-WA0067-768x768.jpg 768w, https:\/\/cdsde.com.ar\/wp-content\/uploads\/2023\/12\/IMG-20231209-WA0067.jpg 1080w\" class=\"wp-image-2449 jetpack-lazy-image jetpack-lazy-image--handled lazyload\" src=\"data:image\/gif;base64,R0lGODlhAQABAIAAAAAAAP\/\/\/yH5BAEAAAAALAAAAAABAAEAAAIBRAA7\" sizes=\"(max-width: 1024px) 100vw, 1024px\"  alt=\"\" width=\"1024\" height=\"1024\" data-attachment-id=\"2449\" data-permalink=\"https:\/\/cdsde.com.ar\/index\/2023\/12\/09\/presidente-santillan-acompano-a-pesebristas\/img-20231209-wa0067\/\" data-orig-file=\"https:\/\/cdsde.com.ar\/wp-content\/uploads\/2023\/12\/IMG-20231209-WA0067.jpg\" data-orig-size=\"1080,1080\" data-comments-opened=\"1\" data-image-meta=\"{&quot;aperture&quot;:&quot;0&quot;,&quot;credit&quot;:&quot;&quot;,&quot;camera&quot;:&quot;&quot;,&quot;caption&quot;:&quot;&quot;,&quot;created_timestamp&quot;:&quot;0&quot;,&quot;copyright&quot;:&quot;&quot;,&quot;focal_length&quot;:&quot;0&quot;,&quot;iso&quot;:&quot;0&quot;,&quot;shutter_speed&quot;:&quot;0&quot;,&quot;title&quot;:&quot;&quot;,&quot;orientation&quot;:&quot;0&quot;}\" data-image-title=\"IMG-20231209-WA0067\" data-image-description=\"\" data-image-caption=\"\" data-medium-file=\"https:\/\/cdsde.com.ar\/wp-content\/uploads\/2023\/12\/IMG-20231209-WA0067-300x300.jpg\" data-large-file=\"https:\/\/cdsde.com.ar\/wp-content\/uploads\/2023\/12\/IMG-20231209-WA0067-1024x1024.jpg\" data-id=\"2449\" data-lazy-loaded=\"1\" \/><noscript><img decoding=\"async\" class=\"wp-image-2449 jetpack-lazy-image jetpack-lazy-image--handled\" src=\"https:\/\/cdsde.com.ar\/wp-content\/uploads\/2023\/12\/IMG-20231209-WA0067-1024x1024.jpg\" sizes=\"(max-width: 1024px) 100vw, 1024px\" srcset=\"https:\/\/cdsde.com.ar\/wp-content\/uploads\/2023\/12\/IMG-20231209-WA0067-1024x1024.jpg 1024w, https:\/\/cdsde.com.ar\/wp-content\/uploads\/2023\/12\/IMG-20231209-WA0067-300x300.jpg 300w, https:\/\/cdsde.com.ar\/wp-content\/uploads\/2023\/12\/IMG-20231209-WA0067-150x150.jpg 150w, https:\/\/cdsde.com.ar\/wp-content\/uploads\/2023\/12\/IMG-20231209-WA0067-768x768.jpg 768w, https:\/\/cdsde.com.ar\/wp-content\/uploads\/2023\/12\/IMG-20231209-WA0067.jpg 1080w\" alt=\"\" width=\"1024\" height=\"1024\" data-attachment-id=\"2449\" data-permalink=\"https:\/\/cdsde.com.ar\/index\/2023\/12\/09\/presidente-santillan-acompano-a-pesebristas\/img-20231209-wa0067\/\" data-orig-file=\"https:\/\/cdsde.com.ar\/wp-content\/uploads\/2023\/12\/IMG-20231209-WA0067.jpg\" data-orig-size=\"1080,1080\" data-comments-opened=\"1\" data-image-meta=\"{&quot;aperture&quot;:&quot;0&quot;,&quot;credit&quot;:&quot;&quot;,&quot;camera&quot;:&quot;&quot;,&quot;caption&quot;:&quot;&quot;,&quot;created_timestamp&quot;:&quot;0&quot;,&quot;copyright&quot;:&quot;&quot;,&quot;focal_length&quot;:&quot;0&quot;,&quot;iso&quot;:&quot;0&quot;,&quot;shutter_speed&quot;:&quot;0&quot;,&quot;title&quot;:&quot;&quot;,&quot;orientation&quot;:&quot;0&quot;}\" data-image-title=\"IMG-20231209-WA0067\" data-image-description=\"\" data-image-caption=\"\" data-medium-file=\"https:\/\/cdsde.com.ar\/wp-content\/uploads\/2023\/12\/IMG-20231209-WA0067-300x300.jpg\" data-large-file=\"https:\/\/cdsde.com.ar\/wp-content\/uploads\/2023\/12\/IMG-20231209-WA0067-1024x1024.jpg\" data-id=\"2449\" data-lazy-loaded=\"1\"><\/noscript><\/figure>\n<figure class=\"wp-block-image size-large\"><img decoding=\"async\" data-src=\"https:\/\/cdsde.com.ar\/wp-content\/uploads\/2023\/12\/IMG-20231209-WA0068-1024x1024.jpg\" data-srcset=\"https:\/\/cdsde.com.ar\/wp-content\/uploads\/2023\/12\/IMG-20231209-WA0068-1024x1024.jpg 1024w, https:\/\/cdsde.com.ar\/wp-content\/uploads\/2023\/12\/IMG-20231209-WA0068-300x300.jpg 300w, https:\/\/cdsde.com.ar\/wp-content\/uploads\/2023\/12\/IMG-20231209-WA0068-150x150.jpg 150w, https:\/\/cdsde.com.ar\/wp-content\/uploads\/2023\/12\/IMG-20231209-WA0068-768x768.jpg 768w, https:\/\/cdsde.com.ar\/wp-content\/uploads\/2023\/12\/IMG-20231209-WA0068.jpg 1080w\" class=\"wp-image-2448 jetpack-lazy-image jetpack-lazy-image--handled lazyload\" src=\"data:image\/gif;base64,R0lGODlhAQABAIAAAAAAAP\/\/\/yH5BAEAAAAALAAAAAABAAEAAAIBRAA7\" sizes=\"(max-width: 1024px) 100vw, 1024px\"  alt=\"\" width=\"1024\" height=\"1024\" data-attachment-id=\"2448\" data-permalink=\"https:\/\/cdsde.com.ar\/index\/2023\/12\/09\/presidente-santillan-acompano-a-pesebristas\/img-20231209-wa0068\/\" data-orig-file=\"https:\/\/cdsde.com.ar\/wp-content\/uploads\/2023\/12\/IMG-20231209-WA0068.jpg\" data-orig-size=\"1080,1080\" data-comments-opened=\"1\" data-image-meta=\"{&quot;aperture&quot;:&quot;0&quot;,&quot;credit&quot;:&quot;&quot;,&quot;camera&quot;:&quot;&quot;,&quot;caption&quot;:&quot;&quot;,&quot;created_timestamp&quot;:&quot;0&quot;,&quot;copyright&quot;:&quot;&quot;,&quot;focal_length&quot;:&quot;0&quot;,&quot;iso&quot;:&quot;0&quot;,&quot;shutter_speed&quot;:&quot;0&quot;,&quot;title&quot;:&quot;&quot;,&quot;orientation&quot;:&quot;0&quot;}\" data-image-title=\"IMG-20231209-WA0068\" data-image-description=\"\" data-image-caption=\"\" data-medium-file=\"https:\/\/cdsde.com.ar\/wp-content\/uploads\/2023\/12\/IMG-20231209-WA0068-300x300.jpg\" data-large-file=\"https:\/\/cdsde.com.ar\/wp-content\/uploads\/2023\/12\/IMG-20231209-WA0068-1024x1024.jpg\" data-id=\"2448\" data-lazy-loaded=\"1\" \/><noscript><img decoding=\"async\" class=\"wp-image-2448 jetpack-lazy-image jetpack-lazy-image--handled\" src=\"https:\/\/cdsde.com.ar\/wp-content\/uploads\/2023\/12\/IMG-20231209-WA0068-1024x1024.jpg\" sizes=\"(max-width: 1024px) 100vw, 1024px\" srcset=\"https:\/\/cdsde.com.ar\/wp-content\/uploads\/2023\/12\/IMG-20231209-WA0068-1024x1024.jpg 1024w, https:\/\/cdsde.com.ar\/wp-content\/uploads\/2023\/12\/IMG-20231209-WA0068-300x300.jpg 300w, https:\/\/cdsde.com.ar\/wp-content\/uploads\/2023\/12\/IMG-20231209-WA0068-150x150.jpg 150w, https:\/\/cdsde.com.ar\/wp-content\/uploads\/2023\/12\/IMG-20231209-WA0068-768x768.jpg 768w, https:\/\/cdsde.com.ar\/wp-content\/uploads\/2023\/12\/IMG-20231209-WA0068.jpg 1080w\" alt=\"\" width=\"1024\" height=\"1024\" data-attachment-id=\"2448\" data-permalink=\"https:\/\/cdsde.com.ar\/index\/2023\/12\/09\/presidente-santillan-acompano-a-pesebristas\/img-20231209-wa0068\/\" data-orig-file=\"https:\/\/cdsde.com.ar\/wp-content\/uploads\/2023\/12\/IMG-20231209-WA0068.jpg\" data-orig-size=\"1080,1080\" data-comments-opened=\"1\" data-image-meta=\"{&quot;aperture&quot;:&quot;0&quot;,&quot;credit&quot;:&quot;&quot;,&quot;camera&quot;:&quot;&quot;,&quot;caption&quot;:&quot;&quot;,&quot;created_timestamp&quot;:&quot;0&quot;,&quot;copyright&quot;:&quot;&quot;,&quot;focal_length&quot;:&quot;0&quot;,&quot;iso&quot;:&quot;0&quot;,&quot;shutter_speed&quot;:&quot;0&quot;,&quot;title&quot;:&quot;&quot;,&quot;orientation&quot;:&quot;0&quot;}\" data-image-title=\"IMG-20231209-WA0068\" data-image-description=\"\" data-image-caption=\"\" data-medium-file=\"https:\/\/cdsde.com.ar\/wp-content\/uploads\/2023\/12\/IMG-20231209-WA0068-300x300.jpg\" data-large-file=\"https:\/\/cdsde.com.ar\/wp-content\/uploads\/2023\/12\/IMG-20231209-WA0068-1024x1024.jpg\" data-id=\"2448\" data-lazy-loaded=\"1\"><\/noscript><\/figure>\n<figure class=\"wp-block-image size-large\"><img decoding=\"async\" data-src=\"https:\/\/cdsde.com.ar\/wp-content\/uploads\/2023\/12\/IMG-20231209-WA0069-1024x768.jpg\" data-srcset=\"https:\/\/cdsde.com.ar\/wp-content\/uploads\/2023\/12\/IMG-20231209-WA0069-1024x768.jpg 1024w, https:\/\/cdsde.com.ar\/wp-content\/uploads\/2023\/12\/IMG-20231209-WA0069-300x225.jpg 300w, https:\/\/cdsde.com.ar\/wp-content\/uploads\/2023\/12\/IMG-20231209-WA0069-768x576.jpg 768w, https:\/\/cdsde.com.ar\/wp-content\/uploads\/2023\/12\/IMG-20231209-WA0069-1536x1153.jpg 1536w, https:\/\/cdsde.com.ar\/wp-content\/uploads\/2023\/12\/IMG-20231209-WA0069.jpg 1599w\" class=\"wp-image-2447 jetpack-lazy-image jetpack-lazy-image--handled lazyload\" src=\"data:image\/gif;base64,R0lGODlhAQABAIAAAAAAAP\/\/\/yH5BAEAAAAALAAAAAABAAEAAAIBRAA7\" sizes=\"(max-width: 1024px) 100vw, 1024px\"  alt=\"\" width=\"1024\" height=\"768\" data-attachment-id=\"2447\" data-permalink=\"https:\/\/cdsde.com.ar\/index\/2023\/12\/09\/presidente-santillan-acompano-a-pesebristas\/img-20231209-wa0069\/\" data-orig-file=\"https:\/\/cdsde.com.ar\/wp-content\/uploads\/2023\/12\/IMG-20231209-WA0069.jpg\" data-orig-size=\"1599,1200\" data-comments-opened=\"1\" data-image-meta=\"{&quot;aperture&quot;:&quot;0&quot;,&quot;credit&quot;:&quot;&quot;,&quot;camera&quot;:&quot;&quot;,&quot;caption&quot;:&quot;&quot;,&quot;created_timestamp&quot;:&quot;0&quot;,&quot;copyright&quot;:&quot;&quot;,&quot;focal_length&quot;:&quot;0&quot;,&quot;iso&quot;:&quot;0&quot;,&quot;shutter_speed&quot;:&quot;0&quot;,&quot;title&quot;:&quot;&quot;,&quot;orientation&quot;:&quot;0&quot;}\" data-image-title=\"IMG-20231209-WA0069\" data-image-description=\"\" data-image-caption=\"\" data-medium-file=\"https:\/\/cdsde.com.ar\/wp-content\/uploads\/2023\/12\/IMG-20231209-WA0069-300x225.jpg\" data-large-file=\"https:\/\/cdsde.com.ar\/wp-content\/uploads\/2023\/12\/IMG-20231209-WA0069-1024x768.jpg\" data-id=\"2447\" data-lazy-loaded=\"1\" \/><noscript><img decoding=\"async\" class=\"wp-image-2447 jetpack-lazy-image jetpack-lazy-image--handled\" src=\"https:\/\/cdsde.com.ar\/wp-content\/uploads\/2023\/12\/IMG-20231209-WA0069-1024x768.jpg\" sizes=\"(max-width: 1024px) 100vw, 1024px\" srcset=\"https:\/\/cdsde.com.ar\/wp-content\/uploads\/2023\/12\/IMG-20231209-WA0069-1024x768.jpg 1024w, https:\/\/cdsde.com.ar\/wp-content\/uploads\/2023\/12\/IMG-20231209-WA0069-300x225.jpg 300w, https:\/\/cdsde.com.ar\/wp-content\/uploads\/2023\/12\/IMG-20231209-WA0069-768x576.jpg 768w, https:\/\/cdsde.com.ar\/wp-content\/uploads\/2023\/12\/IMG-20231209-WA0069-1536x1153.jpg 1536w, https:\/\/cdsde.com.ar\/wp-content\/uploads\/2023\/12\/IMG-20231209-WA0069.jpg 1599w\" alt=\"\" width=\"1024\" height=\"768\" data-attachment-id=\"2447\" data-permalink=\"https:\/\/cdsde.com.ar\/index\/2023\/12\/09\/presidente-santillan-acompano-a-pesebristas\/img-20231209-wa0069\/\" data-orig-file=\"https:\/\/cdsde.com.ar\/wp-content\/uploads\/2023\/12\/IMG-20231209-WA0069.jpg\" data-orig-size=\"1599,1200\" data-comments-opened=\"1\" data-image-meta=\"{&quot;aperture&quot;:&quot;0&quot;,&quot;credit&quot;:&quot;&quot;,&quot;camera&quot;:&quot;&quot;,&quot;caption&quot;:&quot;&quot;,&quot;created_timestamp&quot;:&quot;0&quot;,&quot;copyright&quot;:&quot;&quot;,&quot;focal_length&quot;:&quot;0&quot;,&quot;iso&quot;:&quot;0&quot;,&quot;shutter_speed&quot;:&quot;0&quot;,&quot;title&quot;:&quot;&quot;,&quot;orientation&quot;:&quot;0&quot;}\" data-image-title=\"IMG-20231209-WA0069\" data-image-description=\"\" data-image-caption=\"\" data-medium-file=\"https:\/\/cdsde.com.ar\/wp-content\/uploads\/2023\/12\/IMG-20231209-WA0069-300x225.jpg\" data-large-file=\"https:\/\/cdsde.com.ar\/wp-content\/uploads\/2023\/12\/IMG-20231209-WA0069-1024x768.jpg\" data-id=\"2447\" data-lazy-loaded=\"1\"><\/noscript><\/figure>\n<figure class=\"wp-block-image size-large\"><img decoding=\"async\" data-src=\"https:\/\/cdsde.com.ar\/wp-content\/uploads\/2023\/12\/IMG-20231209-WA0070-1024x1024.jpg\" data-srcset=\"https:\/\/cdsde.com.ar\/wp-content\/uploads\/2023\/12\/IMG-20231209-WA0070-1024x1024.jpg 1024w, https:\/\/cdsde.com.ar\/wp-content\/uploads\/2023\/12\/IMG-20231209-WA0070-300x300.jpg 300w, https:\/\/cdsde.com.ar\/wp-content\/uploads\/2023\/12\/IMG-20231209-WA0070-150x150.jpg 150w, https:\/\/cdsde.com.ar\/wp-content\/uploads\/2023\/12\/IMG-20231209-WA0070-768x768.jpg 768w, https:\/\/cdsde.com.ar\/wp-content\/uploads\/2023\/12\/IMG-20231209-WA0070.jpg 1080w\" class=\"wp-image-2446 jetpack-lazy-image jetpack-lazy-image--handled lazyload\" src=\"data:image\/gif;base64,R0lGODlhAQABAIAAAAAAAP\/\/\/yH5BAEAAAAALAAAAAABAAEAAAIBRAA7\" sizes=\"(max-width: 1024px) 100vw, 1024px\"  alt=\"\" width=\"1024\" height=\"1024\" data-attachment-id=\"2446\" data-permalink=\"https:\/\/cdsde.com.ar\/index\/2023\/12\/09\/presidente-santillan-acompano-a-pesebristas\/img-20231209-wa0070\/\" data-orig-file=\"https:\/\/cdsde.com.ar\/wp-content\/uploads\/2023\/12\/IMG-20231209-WA0070.jpg\" data-orig-size=\"1080,1080\" data-comments-opened=\"1\" data-image-meta=\"{&quot;aperture&quot;:&quot;0&quot;,&quot;credit&quot;:&quot;&quot;,&quot;camera&quot;:&quot;&quot;,&quot;caption&quot;:&quot;&quot;,&quot;created_timestamp&quot;:&quot;0&quot;,&quot;copyright&quot;:&quot;&quot;,&quot;focal_length&quot;:&quot;0&quot;,&quot;iso&quot;:&quot;0&quot;,&quot;shutter_speed&quot;:&quot;0&quot;,&quot;title&quot;:&quot;&quot;,&quot;orientation&quot;:&quot;0&quot;}\" data-image-title=\"IMG-20231209-WA0070\" data-image-description=\"\" data-image-caption=\"\" data-medium-file=\"https:\/\/cdsde.com.ar\/wp-content\/uploads\/2023\/12\/IMG-20231209-WA0070-300x300.jpg\" data-large-file=\"https:\/\/cdsde.com.ar\/wp-content\/uploads\/2023\/12\/IMG-20231209-WA0070-1024x1024.jpg\" data-id=\"2446\" data-lazy-loaded=\"1\" \/><noscript><img decoding=\"async\" class=\"wp-image-2446 jetpack-lazy-image jetpack-lazy-image--handled\" src=\"https:\/\/cdsde.com.ar\/wp-content\/uploads\/2023\/12\/IMG-20231209-WA0070-1024x1024.jpg\" sizes=\"(max-width: 1024px) 100vw, 1024px\" srcset=\"https:\/\/cdsde.com.ar\/wp-content\/uploads\/2023\/12\/IMG-20231209-WA0070-1024x1024.jpg 1024w, https:\/\/cdsde.com.ar\/wp-content\/uploads\/2023\/12\/IMG-20231209-WA0070-300x300.jpg 300w, https:\/\/cdsde.com.ar\/wp-content\/uploads\/2023\/12\/IMG-20231209-WA0070-150x150.jpg 150w, https:\/\/cdsde.com.ar\/wp-content\/uploads\/2023\/12\/IMG-20231209-WA0070-768x768.jpg 768w, https:\/\/cdsde.com.ar\/wp-content\/uploads\/2023\/12\/IMG-20231209-WA0070.jpg 1080w\" alt=\"\" width=\"1024\" height=\"1024\" data-attachment-id=\"2446\" data-permalink=\"https:\/\/cdsde.com.ar\/index\/2023\/12\/09\/presidente-santillan-acompano-a-pesebristas\/img-20231209-wa0070\/\" data-orig-file=\"https:\/\/cdsde.com.ar\/wp-content\/uploads\/2023\/12\/IMG-20231209-WA0070.jpg\" data-orig-size=\"1080,1080\" data-comments-opened=\"1\" data-image-meta=\"{&quot;aperture&quot;:&quot;0&quot;,&quot;credit&quot;:&quot;&quot;,&quot;camera&quot;:&quot;&quot;,&quot;caption&quot;:&quot;&quot;,&quot;created_timestamp&quot;:&quot;0&quot;,&quot;copyright&quot;:&quot;&quot;,&quot;focal_length&quot;:&quot;0&quot;,&quot;iso&quot;:&quot;0&quot;,&quot;shutter_speed&quot;:&quot;0&quot;,&quot;title&quot;:&quot;&quot;,&quot;orientation&quot;:&quot;0&quot;}\" data-image-title=\"IMG-20231209-WA0070\" data-image-description=\"\" data-image-caption=\"\" data-medium-file=\"https:\/\/cdsde.com.ar\/wp-content\/uploads\/2023\/12\/IMG-20231209-WA0070-300x300.jpg\" data-large-file=\"https:\/\/cdsde.com.ar\/wp-content\/uploads\/2023\/12\/IMG-20231209-WA0070-1024x1024.jpg\" data-id=\"2446\" data-lazy-loaded=\"1\"><\/noscript><\/figure>\n<\/figure>\n<\/div>\n<\/article>\n<\/div>\n<\/article>\n","protected":false},"excerpt":{"rendered":"<p>En la ma\u00f1ana de este s\u00e1bado, el presidente Humberto Eduardo Santill\u00e1n, asisti\u00f3 a la muestra anual de pesebres del taller pesebrista \u00abSagrada Familia\u00bb de la Parroquia Nuestra Se\u00f1ora de Sumampa. A las 10 h el p\u00e1rroco Ra\u00fal Llugdar, realiz\u00f3 la bendici\u00f3n de 25 sagradas familias, que fueron en su totalidad realizadas en forma artesanal por las integrantes del taller.<\/p>\n","protected":false},"author":1,"featured_media":0,"comment_status":"open","ping_status":"closed","sticky":false,"template":"","format":"standard","meta":{"footnotes":""},"categories":[3],"tags":[],"class_list":["post-5617","post","type-post","status-publish","format-standard","hentry","category-hcd-capital"],"rttpg_featured_image_url":null,"rttpg_author":{"display_name":"rober","author_link":"https:\/\/livingmultimediosde.net.ar\/INDEX\/author\/rober\/"},"rttpg_comment":0,"rttpg_category":"<a href=\"https:\/\/livingmultimediosde.net.ar\/INDEX\/category\/hcd-capital\/\" rel=\"category tag\">HCD CAPITAL<\/a>","rttpg_excerpt":"En la ma\u00f1ana de este s\u00e1bado, el presidente Humberto Eduardo Santill\u00e1n, asisti\u00f3 a la muestra anual de pesebres del taller pesebrista \u00abSagrada Familia\u00bb de la Parroquia Nuestra Se\u00f1ora de Sumampa. A las 10 h el p\u00e1rroco Ra\u00fal Llugdar, realiz\u00f3 la bendici\u00f3n de 25 sagradas familias, que fueron en su totalidad realizadas en forma artesanal por&hellip;","_links":{"self":[{"href":"https:\/\/livingmultimediosde.net.ar\/INDEX\/wp-json\/wp\/v2\/posts\/5617","targetHints":{"allow":["GET"]}}],"collection":[{"href":"https:\/\/livingmultimediosde.net.ar\/INDEX\/wp-json\/wp\/v2\/posts"}],"about":[{"href":"https:\/\/livingmultimediosde.net.ar\/INDEX\/wp-json\/wp\/v2\/types\/post"}],"author":[{"embeddable":true,"href":"https:\/\/livingmultimediosde.net.ar\/INDEX\/wp-json\/wp\/v2\/users\/1"}],"replies":[{"embeddable":true,"href":"https:\/\/livingmultimediosde.net.ar\/INDEX\/wp-json\/wp\/v2\/comments?post=5617"}],"version-history":[{"count":1,"href":"https:\/\/livingmultimediosde.net.ar\/INDEX\/wp-json\/wp\/v2\/posts\/5617\/revisions"}],"predecessor-version":[{"id":5619,"href":"https:\/\/livingmultimediosde.net.ar\/INDEX\/wp-json\/wp\/v2\/posts\/5617\/revisions\/5619"}],"wp:attachment":[{"href":"https:\/\/livingmultimediosde.net.ar\/INDEX\/wp-json\/wp\/v2\/media?parent=5617"}],"wp:term":[{"taxonomy":"category","embeddable":true,"href":"https:\/\/livingmultimediosde.net.ar\/INDEX\/wp-json\/wp\/v2\/categories?post=5617"},{"taxonomy":"post_tag","embeddable":true,"href":"https:\/\/livingmultimediosde.net.ar\/INDEX\/wp-json\/wp\/v2\/tags?post=5617"}],"curies":[{"name":"wp","href":"https:\/\/api.w.org\/{rel}","templated":true}]}}