{"id":5614,"date":"2023-12-10T21:27:01","date_gmt":"2023-12-10T21:27:01","guid":{"rendered":"https:\/\/livingmultimediosde.net.ar\/INDEX\/?p=5614"},"modified":"2023-12-10T21:27:01","modified_gmt":"2023-12-10T21:27:01","slug":"presidente-santillan-asistio-a-la-inauguracion-del-anexo-de-la-biblioteca-orestes-di-lullo","status":"publish","type":"post","link":"https:\/\/livingmultimediosde.net.ar\/INDEX\/2023\/12\/presidente-santillan-asistio-a-la-inauguracion-del-anexo-de-la-biblioteca-orestes-di-lullo\/","title":{"rendered":"PRESIDENTE SANTILL\u00c1N ASISTI\u00d3 A LA INAUGURACI\u00d3N DEL ANEXO DE LA BIBLIOTECA \u00abORESTES DI LULLO\u00bb"},"content":{"rendered":"<div class=\"entry-content\">\n<p>En la noche de este viernes el presidente Humberto Eduardo Santill\u00e1n, asisti\u00f3 especialmente invitado a la inauguraci\u00f3n del anexo de la Biblioteca Popular \u00abORESTES DI LULLO\u00bb ubicada en el barrio Smata de nuestra ciudad.<br \/>\nEn la oportunidad fue recibido por su presidente sra. Graciela Luj\u00e1n, por el se\u00f1or Cesar Bravo y otros miembros de la Comisi\u00f3n Directiva .<br \/>\nEn esta ocasi\u00f3n, tambi\u00e9n se entregaron los certificados de finalizaci\u00f3n de los diferentes cursos de capacitaci\u00f3n que dicta la biblioteca, ocasi\u00f3n en que recibieron la felicitaci\u00f3n del sr presidente Santill\u00e1n, quien entre otros conceptos dijo:<br \/>\n\u00abAgradezco a Graciela (Luj\u00e1n) el haberme invitado a acompa\u00f1arlos en esta noche; uds son un ejemplo de perseverancia, de compromiso, de ganas de hacer algo por los dem\u00e1s\u2026<br \/>\nCuando uno tiene en claro el objetivo, sale a buscar los recursos y los acompa\u00f1amientos necesarios, porque existe el compromiso de una comunidad para hacer lo que se desea hacer\u2026<br \/>\nEl compromiso y la participaci\u00f3n son los que definen el Estado y a la democracia. Hacer estas cosas que parecen no ser importantes pero para la sociedad una biblioteca es un lugar donde se pueden encontrar respuestas a muchos interrogantes y forma parte del trabajo para construir una sociedad civil mejor\u2026<br \/>\nCuando se construye una sociedad, se construye ciudadan\u00eda. La ciudadan\u00eda de cada uno de nosotros cuando nos vuelve comprometidos, responsables y somos los que apuntalamos los destinos de la sociedad\u2026<br \/>\nSi somos ciudadanos comprometidos lograremos un estado comprometido y m\u00e1s presente y tendremos una democracia consolidada. Me congratula haberlos acompa\u00f1ado humildemente desde m\u00ed lugar para que esto se realice, pero el logro es de todos uds en definitiva.<br \/>\nAprovecho para saludarlos por las pr\u00f3ximas fiestas de fin de a\u00f1o y es m\u00ed deseo que los encuentre unidos y trabajando por una sociedad mejor. Muchas gracias \u00ab.<\/p>\n<\/div>\n","protected":false},"excerpt":{"rendered":"<p>En la noche de este viernes el presidente Humberto Eduardo Santill\u00e1n, asisti\u00f3 especialmente invitado a la inauguraci\u00f3n del anexo de la Biblioteca Popular \u00abORESTES DI LULLO\u00bb ubicada en el barrio Smata de nuestra ciudad. En la oportunidad fue recibido por su presidente sra. Graciela Luj\u00e1n, por el se\u00f1or Cesar Bravo y otros miembros de la Comisi\u00f3n Directiva . En esta ocasi\u00f3n, tambi\u00e9n se entregaron los certificados de finalizaci\u00f3n de los diferentes cursos de capacitaci\u00f3n que dicta la biblioteca, ocasi\u00f3n en que recibieron la felicitaci\u00f3n del sr presidente Santill\u00e1n, quien entre&hellip;<\/p>\n","protected":false},"author":1,"featured_media":0,"comment_status":"open","ping_status":"closed","sticky":false,"template":"","format":"standard","meta":{"footnotes":""},"categories":[3],"tags":[],"class_list":["post-5614","post","type-post","status-publish","format-standard","hentry","category-hcd-capital"],"rttpg_featured_image_url":null,"rttpg_author":{"display_name":"rober","author_link":"https:\/\/livingmultimediosde.net.ar\/INDEX\/author\/rober\/"},"rttpg_comment":0,"rttpg_category":"<a href=\"https:\/\/livingmultimediosde.net.ar\/INDEX\/category\/hcd-capital\/\" rel=\"category tag\">HCD CAPITAL<\/a>","rttpg_excerpt":"En la noche de este viernes el presidente Humberto Eduardo Santill\u00e1n, asisti\u00f3 especialmente invitado a la inauguraci\u00f3n del anexo de la Biblioteca Popular \u00abORESTES DI LULLO\u00bb ubicada en el barrio Smata de nuestra ciudad. En la oportunidad fue recibido por su presidente sra. Graciela Luj\u00e1n, por el se\u00f1or Cesar Bravo y otros miembros de la&hellip;","_links":{"self":[{"href":"https:\/\/livingmultimediosde.net.ar\/INDEX\/wp-json\/wp\/v2\/posts\/5614","targetHints":{"allow":["GET"]}}],"collection":[{"href":"https:\/\/livingmultimediosde.net.ar\/INDEX\/wp-json\/wp\/v2\/posts"}],"about":[{"href":"https:\/\/livingmultimediosde.net.ar\/INDEX\/wp-json\/wp\/v2\/types\/post"}],"author":[{"embeddable":true,"href":"https:\/\/livingmultimediosde.net.ar\/INDEX\/wp-json\/wp\/v2\/users\/1"}],"replies":[{"embeddable":true,"href":"https:\/\/livingmultimediosde.net.ar\/INDEX\/wp-json\/wp\/v2\/comments?post=5614"}],"version-history":[{"count":1,"href":"https:\/\/livingmultimediosde.net.ar\/INDEX\/wp-json\/wp\/v2\/posts\/5614\/revisions"}],"predecessor-version":[{"id":5616,"href":"https:\/\/livingmultimediosde.net.ar\/INDEX\/wp-json\/wp\/v2\/posts\/5614\/revisions\/5616"}],"wp:attachment":[{"href":"https:\/\/livingmultimediosde.net.ar\/INDEX\/wp-json\/wp\/v2\/media?parent=5614"}],"wp:term":[{"taxonomy":"category","embeddable":true,"href":"https:\/\/livingmultimediosde.net.ar\/INDEX\/wp-json\/wp\/v2\/categories?post=5614"},{"taxonomy":"post_tag","embeddable":true,"href":"https:\/\/livingmultimediosde.net.ar\/INDEX\/wp-json\/wp\/v2\/tags?post=5614"}],"curies":[{"name":"wp","href":"https:\/\/api.w.org\/{rel}","templated":true}]}}