{"id":5610,"date":"2023-12-10T21:26:08","date_gmt":"2023-12-10T21:26:08","guid":{"rendered":"https:\/\/livingmultimediosde.net.ar\/INDEX\/?p=5610"},"modified":"2023-12-10T21:26:08","modified_gmt":"2023-12-10T21:26:08","slug":"se-encendieron-las-luces-ornamentales-de-la-ciudad-y-del-arbol-ecologico-navideno","status":"publish","type":"post","link":"https:\/\/livingmultimediosde.net.ar\/INDEX\/2023\/12\/se-encendieron-las-luces-ornamentales-de-la-ciudad-y-del-arbol-ecologico-navideno\/","title":{"rendered":"SE ENCENDIERON LAS LUCES ORNAMENTALES DE LA CIUDAD Y DEL \u00c1RBOL ECOL\u00d3GICO NAVIDE\u00d1O"},"content":{"rendered":"<p>Encabezado por La intendente Ing. Norma Fuentes se realiz\u00f3 en la noche de este viernes en la explanada de la municipalidad,<br \/>\nel encendido de luces navide\u00f1as de la ciudad, la presentaci\u00f3n del \u00e1rbol ecol\u00f3gico y la bendici\u00f3n del pesebre, que fue realizada por el p\u00e1rroco Rolando Tenti de la Catedral Bas\u00edlica.<br \/>\nLa bendici\u00f3n se produjo al momento de la procesi\u00f3n por el centro de la ciudad, con la imagen de la Virgen del Valle.<br \/>\nLa jefa comunal acompa\u00f1ada por el presidente del Concejo Deliberante, Humberto Santill\u00e1n; funcionarios del gabinete municipal; legisladores provinciales; concejales Mar\u00eda Isabel P\u00e9rez Nazar, Carlos Basualdo, Aida Luz Soria, Gustavo Salvatierra Rodr\u00edguez y vecinos de la ciudad, habilit\u00f3 el encendido de luces desde la sede municipal y luego recorri\u00f3 la plaza Libertad.<br \/>\nEn su mensaje la Intendente Fuentes dijo: \u201cQuiero destacar el importante trabajo del equipo municipal para recuperar las luces y el \u00e1rbol navide\u00f1o que se realiz\u00f3 dentro del Eco Canje y que tiene que ver con un trabajo conjunto con las asociaciones\u201d.<br \/>\nEn ese sentido resalt\u00f3: \u201cEs un trabajo que tiene que ver con una mirada sobre el cuidado del medio ambiente y sobre todo la alegr\u00eda que representa poder visitar la plaza iluminada, como es habitual en fechas importantes de nuestra ciudad\u201d.<br \/>\nLuego, la Ing. Fuentes presenci\u00f3 un espect\u00e1culo musical sobre la Navidad que realizaron los cantantes l\u00edricos, Fabiana Gunther y Mariano Valladares y que acompa\u00f1\u00f3 el encendido y la presentaci\u00f3n del \u00e1rbol.<br \/>\nEn el final, recibi\u00f3 la imagen de la Virgen, momento en el que el sacerdote realiz\u00f3 una breve ceremonia religiosa y la bendici\u00f3n del pesebre ubicado en el edificio municipal.<br \/>\nAll\u00ed, la intendente recibi\u00f3 el agradecimiento del religioso por la representaci\u00f3n del pesebre, que podr\u00e1 ser visitado por vecinos.<\/p>\n","protected":false},"excerpt":{"rendered":"<p>Encabezado por La intendente Ing. Norma Fuentes se realiz\u00f3 en la noche de este viernes en la explanada de la municipalidad, el encendido de luces navide\u00f1as de la ciudad, la presentaci\u00f3n del \u00e1rbol ecol\u00f3gico y la bendici\u00f3n del pesebre, que fue realizada por el p\u00e1rroco Rolando Tenti de la Catedral Bas\u00edlica. La bendici\u00f3n se produjo al momento de la procesi\u00f3n por el centro de la ciudad, con la imagen de la Virgen del Valle. La jefa comunal acompa\u00f1ada por el presidente del Concejo Deliberante, Humberto Santill\u00e1n; funcionarios del gabinete municipal;&hellip;<\/p>\n","protected":false},"author":1,"featured_media":0,"comment_status":"open","ping_status":"closed","sticky":false,"template":"","format":"standard","meta":{"footnotes":""},"categories":[3],"tags":[],"class_list":["post-5610","post","type-post","status-publish","format-standard","hentry","category-hcd-capital"],"rttpg_featured_image_url":null,"rttpg_author":{"display_name":"rober","author_link":"https:\/\/livingmultimediosde.net.ar\/INDEX\/author\/rober\/"},"rttpg_comment":0,"rttpg_category":"<a href=\"https:\/\/livingmultimediosde.net.ar\/INDEX\/category\/hcd-capital\/\" rel=\"category tag\">HCD CAPITAL<\/a>","rttpg_excerpt":"Encabezado por La intendente Ing. Norma Fuentes se realiz\u00f3 en la noche de este viernes en la explanada de la municipalidad, el encendido de luces navide\u00f1as de la ciudad, la presentaci\u00f3n del \u00e1rbol ecol\u00f3gico y la bendici\u00f3n del pesebre, que fue realizada por el p\u00e1rroco Rolando Tenti de la Catedral Bas\u00edlica. La bendici\u00f3n se produjo&hellip;","_links":{"self":[{"href":"https:\/\/livingmultimediosde.net.ar\/INDEX\/wp-json\/wp\/v2\/posts\/5610","targetHints":{"allow":["GET"]}}],"collection":[{"href":"https:\/\/livingmultimediosde.net.ar\/INDEX\/wp-json\/wp\/v2\/posts"}],"about":[{"href":"https:\/\/livingmultimediosde.net.ar\/INDEX\/wp-json\/wp\/v2\/types\/post"}],"author":[{"embeddable":true,"href":"https:\/\/livingmultimediosde.net.ar\/INDEX\/wp-json\/wp\/v2\/users\/1"}],"replies":[{"embeddable":true,"href":"https:\/\/livingmultimediosde.net.ar\/INDEX\/wp-json\/wp\/v2\/comments?post=5610"}],"version-history":[{"count":2,"href":"https:\/\/livingmultimediosde.net.ar\/INDEX\/wp-json\/wp\/v2\/posts\/5610\/revisions"}],"predecessor-version":[{"id":5613,"href":"https:\/\/livingmultimediosde.net.ar\/INDEX\/wp-json\/wp\/v2\/posts\/5610\/revisions\/5613"}],"wp:attachment":[{"href":"https:\/\/livingmultimediosde.net.ar\/INDEX\/wp-json\/wp\/v2\/media?parent=5610"}],"wp:term":[{"taxonomy":"category","embeddable":true,"href":"https:\/\/livingmultimediosde.net.ar\/INDEX\/wp-json\/wp\/v2\/categories?post=5610"},{"taxonomy":"post_tag","embeddable":true,"href":"https:\/\/livingmultimediosde.net.ar\/INDEX\/wp-json\/wp\/v2\/tags?post=5610"}],"curies":[{"name":"wp","href":"https:\/\/api.w.org\/{rel}","templated":true}]}}