{"id":5582,"date":"2023-12-08T21:29:26","date_gmt":"2023-12-08T21:29:26","guid":{"rendered":"https:\/\/livingmultimediosde.net.ar\/INDEX\/?p=5582"},"modified":"2023-12-08T21:29:26","modified_gmt":"2023-12-08T21:29:26","slug":"invitan-a-la-marcha-por-el-dia-de-la-democracia-y-los-derechos-humanos","status":"publish","type":"post","link":"https:\/\/livingmultimediosde.net.ar\/INDEX\/2023\/12\/invitan-a-la-marcha-por-el-dia-de-la-democracia-y-los-derechos-humanos\/","title":{"rendered":"INVITAN A LA MARCHA POR EL D\u00cdA DE LA DEMOCRACIA Y LOS DERECHOS HUMANOS"},"content":{"rendered":"<p>Autoridades del Instituto Espacio por la Memoria, Verdad y la Justicia brindaron una conferencia de prensa para invitar a la comunidad santiague\u00f1a a participar este domingo 10 de diciembre, a partir de las 19, de la marcha por el D\u00eda de la Democracia y los Derechos Humanos a desarrollarse en la Plaza del Maestro.<\/p>\n<p>El anuncio fue realizado por el titular del Instituto Espacio por la Memoria, Verdad y la Justicia, Luis Garay, quien estuvo acompa\u00f1ado por representantes de organizaciones estudiantiles, pol\u00edticas, sociales, de derechos humanos y g\u00e9nero.<\/p>\n<p>Garay se refiri\u00f3 a las actividades que se realizar\u00e1n para recordar esta fecha hist\u00f3rica que se conmemora cada 10 de diciembre. En ese sentido, detall\u00f3 que \u201ca las 19 nos vamos a concentrar en la Plaza Libertad para realizar la marcha hacia la Plaza del Maestro, con organismos sociales, pol\u00edticos y estudiantiles\u201d.<\/p>\n<p>Asimismo, a\u00f1adi\u00f3 que el objetivo es \u201cconmemorar el 75\u00b0 aniversario de la Declaraci\u00f3n Universal de los Derechos Humanos y los 40 a\u00f1os de la democracia en el pa\u00eds; all\u00ed vamos a leer un documento que se ha elaborado en forma conjunta con todos los organismos participantes y haremos un homenaje por la memoria de los desaparecidos\u201d.<\/p>\n<p>Finalmente, Garay afirm\u00f3: \u201cMarchamos para expresar nuestra preocupaci\u00f3n y tambi\u00e9n nuestra decisi\u00f3n de defender esos derechos conseguidos, en pos de lograr una democracia m\u00e1s plena, y un pa\u00eds donde siempre hemos bregado por la convivencia democr\u00e1tica, soberan\u00eda pol\u00edtica, territorial y que marche a una igualdad en cuanto a derechos, distribuci\u00f3n de la riqueza y que finalmente podamos derrotar la pobreza\u201d.<\/p>\n","protected":false},"excerpt":{"rendered":"<p>Autoridades del Instituto Espacio por la Memoria, Verdad y la Justicia brindaron una conferencia de prensa para invitar a la comunidad santiague\u00f1a a participar este domingo 10 de diciembre, a partir de las 19, de la marcha por el D\u00eda de la Democracia y los Derechos Humanos a desarrollarse en la Plaza del Maestro. El anuncio fue realizado por el titular del Instituto Espacio por la Memoria, Verdad y la Justicia, Luis Garay, quien estuvo acompa\u00f1ado por representantes de organizaciones estudiantiles, pol\u00edticas, sociales, de derechos humanos y g\u00e9nero. Garay se&hellip;<\/p>\n","protected":false},"author":1,"featured_media":0,"comment_status":"open","ping_status":"closed","sticky":false,"template":"","format":"standard","meta":{"footnotes":""},"categories":[1],"tags":[],"class_list":["post-5582","post","type-post","status-publish","format-standard","hentry","category-uncategorized"],"rttpg_featured_image_url":null,"rttpg_author":{"display_name":"rober","author_link":"https:\/\/livingmultimediosde.net.ar\/INDEX\/author\/rober\/"},"rttpg_comment":0,"rttpg_category":"<a href=\"https:\/\/livingmultimediosde.net.ar\/INDEX\/category\/uncategorized\/\" rel=\"category tag\">Uncategorized<\/a>","rttpg_excerpt":"Autoridades del Instituto Espacio por la Memoria, Verdad y la Justicia brindaron una conferencia de prensa para invitar a la comunidad santiague\u00f1a a participar este domingo 10 de diciembre, a partir de las 19, de la marcha por el D\u00eda de la Democracia y los Derechos Humanos a desarrollarse en la Plaza del Maestro. El&hellip;","_links":{"self":[{"href":"https:\/\/livingmultimediosde.net.ar\/INDEX\/wp-json\/wp\/v2\/posts\/5582","targetHints":{"allow":["GET"]}}],"collection":[{"href":"https:\/\/livingmultimediosde.net.ar\/INDEX\/wp-json\/wp\/v2\/posts"}],"about":[{"href":"https:\/\/livingmultimediosde.net.ar\/INDEX\/wp-json\/wp\/v2\/types\/post"}],"author":[{"embeddable":true,"href":"https:\/\/livingmultimediosde.net.ar\/INDEX\/wp-json\/wp\/v2\/users\/1"}],"replies":[{"embeddable":true,"href":"https:\/\/livingmultimediosde.net.ar\/INDEX\/wp-json\/wp\/v2\/comments?post=5582"}],"version-history":[{"count":1,"href":"https:\/\/livingmultimediosde.net.ar\/INDEX\/wp-json\/wp\/v2\/posts\/5582\/revisions"}],"predecessor-version":[{"id":5584,"href":"https:\/\/livingmultimediosde.net.ar\/INDEX\/wp-json\/wp\/v2\/posts\/5582\/revisions\/5584"}],"wp:attachment":[{"href":"https:\/\/livingmultimediosde.net.ar\/INDEX\/wp-json\/wp\/v2\/media?parent=5582"}],"wp:term":[{"taxonomy":"category","embeddable":true,"href":"https:\/\/livingmultimediosde.net.ar\/INDEX\/wp-json\/wp\/v2\/categories?post=5582"},{"taxonomy":"post_tag","embeddable":true,"href":"https:\/\/livingmultimediosde.net.ar\/INDEX\/wp-json\/wp\/v2\/tags?post=5582"}],"curies":[{"name":"wp","href":"https:\/\/api.w.org\/{rel}","templated":true}]}}