{"id":5579,"date":"2023-12-08T21:28:05","date_gmt":"2023-12-08T21:28:05","guid":{"rendered":"https:\/\/livingmultimediosde.net.ar\/INDEX\/?p=5579"},"modified":"2023-12-08T21:28:05","modified_gmt":"2023-12-08T21:28:05","slug":"el-gobernador-participo-del-acto-por-el-dia-del-empleado-publico","status":"publish","type":"post","link":"https:\/\/livingmultimediosde.net.ar\/INDEX\/2023\/12\/el-gobernador-participo-del-acto-por-el-dia-del-empleado-publico\/","title":{"rendered":"EL GOBERNADOR PARTICIP\u00d3 DEL ACTO POR EL D\u00cdA DEL EMPLEADO P\u00daBLICO"},"content":{"rendered":"<p>El\u00a0gobernador Gerardo Zamora particip\u00f3 este jueves del acto por el D\u00eda\u00a0del\u00a0Empleado P\u00fablico que se realiz\u00f3 en la sede de la Uni\u00f3n de Trabajadores Estatales Provinciales de Santiago\u00a0del\u00a0Estero (Utepse).<br \/>\nEl mandatario fue recibido por el secretario general An\u00edbal Ren\u00e9 Garz\u00f3n, quien le agradeci\u00f3 por estar presente en esta fecha tan especial.<br \/>\nTambi\u00e9n estuvieron el vicegobernador Carlos Silva Neder; el ministro de Gobierno, Marcelo Barbur; la secretaria de Trabajo, Julia Com\u00e1n, y la intendenta de la ciudad Capital,\u00a0 Norma Fuentes.<br \/>\nEn este marco, el secretario general de Utepse destac\u00f3 el trabajo en conjunto con el Gobierno de la provincia en beneficio de los trabajadores.<br \/>\nA su turno, Zamora dijo: \u201cEs una inmensa alegr\u00eda estar siempre en la casa de los trabajadores con motivo de festejar un 7 de diciembre m\u00e1s, con los trabajadores de la administraci\u00f3n p\u00fablica provincial\u00bb.<br \/>\nAgreg\u00f3: \u00abQuiero aprovechar en este \u00e1mbito el encuentro entre el Gobierno provincial y los trabajadores que se consolida a\u00f1o tras a\u00f1o, con di\u00e1logo para buscar mejores condiciones, m\u00e1s derechos, igualdad de oportunidades,\u00a0 y condiciones fundamentales de trabajo para los santiague\u00f1os que a\u00fan no lo tienen\u00bb.<br \/>\n\u00abUstedes han demostrado que a pesar de muchas dificultades se puede tener una mejor posibilidad y \u00e1mbito de servicio; hoy se pueden celebrar algunas conquistas, como mejoras en los espacios y la consolidaci\u00f3n de los derechos y esto se define con un Estado presente. As\u00ed que celebro y brindo con ustedes. Feliz d\u00eda del empleado p\u00fablico provincial\u00bb, concluy\u00f3.<\/p>\n","protected":false},"excerpt":{"rendered":"<p>El\u00a0gobernador Gerardo Zamora particip\u00f3 este jueves del acto por el D\u00eda\u00a0del\u00a0Empleado P\u00fablico que se realiz\u00f3 en la sede de la Uni\u00f3n de Trabajadores Estatales Provinciales de Santiago\u00a0del\u00a0Estero (Utepse). El mandatario fue recibido por el secretario general An\u00edbal Ren\u00e9 Garz\u00f3n, quien le agradeci\u00f3 por estar presente en esta fecha tan especial. Tambi\u00e9n estuvieron el vicegobernador Carlos Silva Neder; el ministro de Gobierno, Marcelo Barbur; la secretaria de Trabajo, Julia Com\u00e1n, y la intendenta de la ciudad Capital,\u00a0 Norma Fuentes. En este marco, el secretario general de Utepse destac\u00f3 el trabajo en&hellip;<\/p>\n","protected":false},"author":1,"featured_media":0,"comment_status":"open","ping_status":"closed","sticky":false,"template":"","format":"standard","meta":{"footnotes":""},"categories":[1],"tags":[],"class_list":["post-5579","post","type-post","status-publish","format-standard","hentry","category-uncategorized"],"rttpg_featured_image_url":null,"rttpg_author":{"display_name":"rober","author_link":"https:\/\/livingmultimediosde.net.ar\/INDEX\/author\/rober\/"},"rttpg_comment":0,"rttpg_category":"<a href=\"https:\/\/livingmultimediosde.net.ar\/INDEX\/category\/uncategorized\/\" rel=\"category tag\">Uncategorized<\/a>","rttpg_excerpt":"El\u00a0gobernador Gerardo Zamora particip\u00f3 este jueves del acto por el D\u00eda\u00a0del\u00a0Empleado P\u00fablico que se realiz\u00f3 en la sede de la Uni\u00f3n de Trabajadores Estatales Provinciales de Santiago\u00a0del\u00a0Estero (Utepse). El mandatario fue recibido por el secretario general An\u00edbal Ren\u00e9 Garz\u00f3n, quien le agradeci\u00f3 por estar presente en esta fecha tan especial. Tambi\u00e9n estuvieron el vicegobernador Carlos&hellip;","_links":{"self":[{"href":"https:\/\/livingmultimediosde.net.ar\/INDEX\/wp-json\/wp\/v2\/posts\/5579","targetHints":{"allow":["GET"]}}],"collection":[{"href":"https:\/\/livingmultimediosde.net.ar\/INDEX\/wp-json\/wp\/v2\/posts"}],"about":[{"href":"https:\/\/livingmultimediosde.net.ar\/INDEX\/wp-json\/wp\/v2\/types\/post"}],"author":[{"embeddable":true,"href":"https:\/\/livingmultimediosde.net.ar\/INDEX\/wp-json\/wp\/v2\/users\/1"}],"replies":[{"embeddable":true,"href":"https:\/\/livingmultimediosde.net.ar\/INDEX\/wp-json\/wp\/v2\/comments?post=5579"}],"version-history":[{"count":1,"href":"https:\/\/livingmultimediosde.net.ar\/INDEX\/wp-json\/wp\/v2\/posts\/5579\/revisions"}],"predecessor-version":[{"id":5581,"href":"https:\/\/livingmultimediosde.net.ar\/INDEX\/wp-json\/wp\/v2\/posts\/5579\/revisions\/5581"}],"wp:attachment":[{"href":"https:\/\/livingmultimediosde.net.ar\/INDEX\/wp-json\/wp\/v2\/media?parent=5579"}],"wp:term":[{"taxonomy":"category","embeddable":true,"href":"https:\/\/livingmultimediosde.net.ar\/INDEX\/wp-json\/wp\/v2\/categories?post=5579"},{"taxonomy":"post_tag","embeddable":true,"href":"https:\/\/livingmultimediosde.net.ar\/INDEX\/wp-json\/wp\/v2\/tags?post=5579"}],"curies":[{"name":"wp","href":"https:\/\/api.w.org\/{rel}","templated":true}]}}