{"id":5576,"date":"2023-12-08T21:26:19","date_gmt":"2023-12-08T21:26:19","guid":{"rendered":"https:\/\/livingmultimediosde.net.ar\/INDEX\/?p=5576"},"modified":"2023-12-08T21:26:19","modified_gmt":"2023-12-08T21:26:19","slug":"video-el-jueves-proximo-se-entregara-el-changuito-cyac-2023","status":"publish","type":"post","link":"https:\/\/livingmultimediosde.net.ar\/INDEX\/2023\/12\/video-el-jueves-proximo-se-entregara-el-changuito-cyac-2023\/","title":{"rendered":"VIDEO\/ El jueves pr\u00f3ximo se entregar\u00e1 el \u00abChanguito Cyac\u00bb 2023"},"content":{"rendered":"<div class=\"entry-content\">\n<p>07.12.23\u00a0 El titular de Conciencia y Acci\u00f3n Ciudadana (Cyac), contador Atilio Chara, anunci\u00f3 que, el pr\u00f3ximo jueves 14, a las 20, se entregar\u00e1n los premios \u00abChanguito CyAC\u00bb con el que la instituci\u00f3n premia a personalidades e instituciones que se destacaron por su acci\u00f3n comunitaria durante el a\u00f1o.<\/p>\n<p>La ceremonia tendr\u00e1 lugar en el auditorio del Centro Cultural del Bicentenario, con entrada libre y gratuita. Acompa\u00f1aron al Cr. Atilio Chara en la conferencia, la Lic Lucrecia El\u00edas, el Dr. Ariel Dargoltz y la diputada provincial, Cra. Cecilia Valdez.<\/p>\n<p>\u00abEstamos muy contentos con poder anunciar una nueva entrega de los premios \u2018Changuito Cyac\u2019 con el que cada a\u00f1o destacamos a quienes se han destacado en diferentes disciplinas, como deportes, arte, cultura, ciencia, entre otras\u00bb, indic\u00f3 el contador Chara durante una conferencia de prensa realizada en la sede de la entidad.<\/p>\n<p>Adelant\u00f3 que \u00abcomo todos los a\u00f1os habr\u00e1 sorpresas\u00bb durante la ceremonia, y a modo de balance, asegur\u00f3 que fue un a\u00f1o \u00abmuy positivo, ya que se pudieron continuar con las tareas que desarrollamos a favor de la comunicad, como los comedores, las escuelitas, los consultorios, y que podemos cerrar con esta entrega de premios, de santiague\u00f1os, para santiague\u00f1os\u00bb.<\/p>\n<p><iframe class=\"lazyload\" data-src=\"https:\/\/www.youtube.com\/embed\/YyeFyU8Yep0?feature=oembed\" title=\"Changuito CyAC 2023 - Cr. Atilio Chara -Anuncio\"  width=\"640\" height=\"360\" frameborder=\"0\" allowfullscreen=\"allowfullscreen\" data-mce-fragment=\"1\"><\/iframe><\/p>\n<\/div>\n","protected":false},"excerpt":{"rendered":"<p>07.12.23\u00a0 El titular de Conciencia y Acci\u00f3n Ciudadana (Cyac), contador Atilio Chara, anunci\u00f3 que, el pr\u00f3ximo jueves 14, a las 20, se entregar\u00e1n los premios \u00abChanguito CyAC\u00bb con el que la instituci\u00f3n premia a personalidades e instituciones que se destacaron por su acci\u00f3n comunitaria durante el a\u00f1o. La ceremonia tendr\u00e1 lugar en el auditorio del Centro Cultural del Bicentenario, con entrada libre y gratuita. Acompa\u00f1aron al Cr. Atilio Chara en la conferencia, la Lic Lucrecia El\u00edas, el Dr. Ariel Dargoltz y la diputada provincial, Cra. Cecilia Valdez. \u00abEstamos muy contentos&hellip;<\/p>\n","protected":false},"author":1,"featured_media":0,"comment_status":"open","ping_status":"closed","sticky":false,"template":"","format":"standard","meta":{"footnotes":""},"categories":[1],"tags":[],"class_list":["post-5576","post","type-post","status-publish","format-standard","hentry","category-uncategorized"],"rttpg_featured_image_url":null,"rttpg_author":{"display_name":"rober","author_link":"https:\/\/livingmultimediosde.net.ar\/INDEX\/author\/rober\/"},"rttpg_comment":0,"rttpg_category":"<a href=\"https:\/\/livingmultimediosde.net.ar\/INDEX\/category\/uncategorized\/\" rel=\"category tag\">Uncategorized<\/a>","rttpg_excerpt":"07.12.23\u00a0 El titular de Conciencia y Acci\u00f3n Ciudadana (Cyac), contador Atilio Chara, anunci\u00f3 que, el pr\u00f3ximo jueves 14, a las 20, se entregar\u00e1n los premios \u00abChanguito CyAC\u00bb con el que la instituci\u00f3n premia a personalidades e instituciones que se destacaron por su acci\u00f3n comunitaria durante el a\u00f1o. La ceremonia tendr\u00e1 lugar en el auditorio del&hellip;","_links":{"self":[{"href":"https:\/\/livingmultimediosde.net.ar\/INDEX\/wp-json\/wp\/v2\/posts\/5576","targetHints":{"allow":["GET"]}}],"collection":[{"href":"https:\/\/livingmultimediosde.net.ar\/INDEX\/wp-json\/wp\/v2\/posts"}],"about":[{"href":"https:\/\/livingmultimediosde.net.ar\/INDEX\/wp-json\/wp\/v2\/types\/post"}],"author":[{"embeddable":true,"href":"https:\/\/livingmultimediosde.net.ar\/INDEX\/wp-json\/wp\/v2\/users\/1"}],"replies":[{"embeddable":true,"href":"https:\/\/livingmultimediosde.net.ar\/INDEX\/wp-json\/wp\/v2\/comments?post=5576"}],"version-history":[{"count":1,"href":"https:\/\/livingmultimediosde.net.ar\/INDEX\/wp-json\/wp\/v2\/posts\/5576\/revisions"}],"predecessor-version":[{"id":5578,"href":"https:\/\/livingmultimediosde.net.ar\/INDEX\/wp-json\/wp\/v2\/posts\/5576\/revisions\/5578"}],"wp:attachment":[{"href":"https:\/\/livingmultimediosde.net.ar\/INDEX\/wp-json\/wp\/v2\/media?parent=5576"}],"wp:term":[{"taxonomy":"category","embeddable":true,"href":"https:\/\/livingmultimediosde.net.ar\/INDEX\/wp-json\/wp\/v2\/categories?post=5576"},{"taxonomy":"post_tag","embeddable":true,"href":"https:\/\/livingmultimediosde.net.ar\/INDEX\/wp-json\/wp\/v2\/tags?post=5576"}],"curies":[{"name":"wp","href":"https:\/\/api.w.org\/{rel}","templated":true}]}}