{"id":5570,"date":"2023-12-08T21:23:11","date_gmt":"2023-12-08T21:23:11","guid":{"rendered":"https:\/\/livingmultimediosde.net.ar\/INDEX\/?p=5570"},"modified":"2023-12-08T21:23:11","modified_gmt":"2023-12-08T21:23:11","slug":"muestra-del-taller-pesebrista-sagrada-familia","status":"publish","type":"post","link":"https:\/\/livingmultimediosde.net.ar\/INDEX\/2023\/12\/muestra-del-taller-pesebrista-sagrada-familia\/","title":{"rendered":"MUESTRA DEL TALLER PESEBRISTA \u00abSAGRADA FAMILIA\u00bb"},"content":{"rendered":"<p>Desde el viernes 8 y s\u00e1bado 9 en los horarios de 9 a 13 y de 18.21 h se realizar\u00e1 est\u00e1 importante muestra en el Hall de entrada del Concejo Deliberante.<\/p>\n<p>En efecto, 25 Sagradas Familias ser\u00e1n expuestas para toda la comunidad que quiera visitar la exposici\u00f3n.<\/p>\n<p>La Directora del Taller, Susana Aliende de Pratto junto a la Profesora Beatriz \u00c1lvarez, dieron a conocer los nombres de las expositoras: Rosa Cardozo, Alicia Orieta, Nancy Ar\u00e9valo, Liz Mattar, Graciela Martinez, Olga Zerda, Ivana P\u00e9rez Gallo, Fabiola Quinteros, Susana Aliende, Beatriz \u00c1lvarez y Marisa Mendieta.<\/p>\n<p>Cabe destacar que el D\u00cdA S\u00c1BADO 9 A LAS 10 H SE REALIZAR\u00c1 LA BENDICI\u00d3N DE LOS PESEBRES POR EL PADRE RA\u00daL LLUGDAR.<\/p>\n","protected":false},"excerpt":{"rendered":"<p>Desde el viernes 8 y s\u00e1bado 9 en los horarios de 9 a 13 y de 18.21 h se realizar\u00e1 est\u00e1 importante muestra en el Hall de entrada del Concejo Deliberante. En efecto, 25 Sagradas Familias ser\u00e1n expuestas para toda la comunidad que quiera visitar la exposici\u00f3n. La Directora del Taller, Susana Aliende de Pratto junto a la Profesora Beatriz \u00c1lvarez, dieron a conocer los nombres de las expositoras: Rosa Cardozo, Alicia Orieta, Nancy Ar\u00e9valo, Liz Mattar, Graciela Martinez, Olga Zerda, Ivana P\u00e9rez Gallo, Fabiola Quinteros, Susana Aliende, Beatriz \u00c1lvarez&hellip;<\/p>\n","protected":false},"author":1,"featured_media":0,"comment_status":"open","ping_status":"closed","sticky":false,"template":"","format":"standard","meta":{"footnotes":""},"categories":[3],"tags":[],"class_list":["post-5570","post","type-post","status-publish","format-standard","hentry","category-hcd-capital"],"rttpg_featured_image_url":null,"rttpg_author":{"display_name":"rober","author_link":"https:\/\/livingmultimediosde.net.ar\/INDEX\/author\/rober\/"},"rttpg_comment":0,"rttpg_category":"<a href=\"https:\/\/livingmultimediosde.net.ar\/INDEX\/category\/hcd-capital\/\" rel=\"category tag\">HCD CAPITAL<\/a>","rttpg_excerpt":"Desde el viernes 8 y s\u00e1bado 9 en los horarios de 9 a 13 y de 18.21 h se realizar\u00e1 est\u00e1 importante muestra en el Hall de entrada del Concejo Deliberante. En efecto, 25 Sagradas Familias ser\u00e1n expuestas para toda la comunidad que quiera visitar la exposici\u00f3n. La Directora del Taller, Susana Aliende de Pratto&hellip;","_links":{"self":[{"href":"https:\/\/livingmultimediosde.net.ar\/INDEX\/wp-json\/wp\/v2\/posts\/5570","targetHints":{"allow":["GET"]}}],"collection":[{"href":"https:\/\/livingmultimediosde.net.ar\/INDEX\/wp-json\/wp\/v2\/posts"}],"about":[{"href":"https:\/\/livingmultimediosde.net.ar\/INDEX\/wp-json\/wp\/v2\/types\/post"}],"author":[{"embeddable":true,"href":"https:\/\/livingmultimediosde.net.ar\/INDEX\/wp-json\/wp\/v2\/users\/1"}],"replies":[{"embeddable":true,"href":"https:\/\/livingmultimediosde.net.ar\/INDEX\/wp-json\/wp\/v2\/comments?post=5570"}],"version-history":[{"count":1,"href":"https:\/\/livingmultimediosde.net.ar\/INDEX\/wp-json\/wp\/v2\/posts\/5570\/revisions"}],"predecessor-version":[{"id":5572,"href":"https:\/\/livingmultimediosde.net.ar\/INDEX\/wp-json\/wp\/v2\/posts\/5570\/revisions\/5572"}],"wp:attachment":[{"href":"https:\/\/livingmultimediosde.net.ar\/INDEX\/wp-json\/wp\/v2\/media?parent=5570"}],"wp:term":[{"taxonomy":"category","embeddable":true,"href":"https:\/\/livingmultimediosde.net.ar\/INDEX\/wp-json\/wp\/v2\/categories?post=5570"},{"taxonomy":"post_tag","embeddable":true,"href":"https:\/\/livingmultimediosde.net.ar\/INDEX\/wp-json\/wp\/v2\/tags?post=5570"}],"curies":[{"name":"wp","href":"https:\/\/api.w.org\/{rel}","templated":true}]}}