{"id":5567,"date":"2023-12-08T21:22:12","date_gmt":"2023-12-08T21:22:12","guid":{"rendered":"https:\/\/livingmultimediosde.net.ar\/INDEX\/?p=5567"},"modified":"2023-12-08T21:22:12","modified_gmt":"2023-12-08T21:22:12","slug":"la-senadora-claudia-zamora-tomo-juramento-a-los-senadores-electos-para-el-periodo-2023-2029-y-renuncio-como-presidenta-provisional-del-senado-de-la-nacion","status":"publish","type":"post","link":"https:\/\/livingmultimediosde.net.ar\/INDEX\/2023\/12\/la-senadora-claudia-zamora-tomo-juramento-a-los-senadores-electos-para-el-periodo-2023-2029-y-renuncio-como-presidenta-provisional-del-senado-de-la-nacion\/","title":{"rendered":"La senadora Claudia Zamora tom\u00f3 juramento a los senadores electos para el per\u00edodo 2023- 2029 y renunci\u00f3 como Presidenta Provisional del Senado de la Naci\u00f3n"},"content":{"rendered":"<div class=\"entry-content\">\n<p>La senadora Claudia Ledesma Abdala de Zamora, tom\u00f3 juramento a las senadoras y senadores electos el pasado 22 de octubre en representaci\u00f3n de las provincias de Buenos Aires, Formosa, Jujuy, La Rioja, Misiones, San Juan, San Luis y Santa Cruz, en el marco de lo establecido en los art\u00edculos 56 de la Constituci\u00f3n Nacional y 7\u00b0 al 12\u00b0 del Reglamento de la C\u00e1mara de Senadores y Senadoras de la Naci\u00f3n. Tambi\u00e9n juraron los representantes de bancas vacantes y quienes ejercen suplencias por la renuncia de alguno de sus miembros, y se despidieron aquellos integrantes de la C\u00e1mara Alta que finalizan su mandato. Al inicio de la sesi\u00f3n especial, el cuerpo realiz\u00f3 un emotivo homenaje al senador de Tierra del Fuego, Mat\u00edas Rodr\u00edguez, que falleci\u00f3 el pasado 18 de octubre.<\/p>\n<p>Luego, el Senado acept\u00f3 la renuncia de la senadora Claudia Zamora al cargo de Presidenta Provisional del Senado, junto al de otras autoridades del cuerpo que se desempe\u00f1aron hasta hoy. Al respecto, la senadora expres\u00f3 su agradecimiento al conjunto del cuerpo y al personal legislativo: \u201c\u00a1Agradezco a cada una y cada uno de ellos el trabajo conjunto desarrollado durante estos a\u00f1os en el debate parlamentario y la tarea legislativa! \u00a1Gracias a todo el personal de la C\u00e1mara por su compromiso y dedicaci\u00f3n!\u201d, manifest\u00f3.<\/p>\n<p>Adem\u00e1s, agradeci\u00f3 al pueblo santiague\u00f1o por su apoyo permanente y declar\u00f3 en sus redes sociales: \u201cSeguir\u00e9 trabajando como Senadora de la Naci\u00f3n para construir todos los d\u00edas una Argentina inclusiva, solidaria y comprometida con los valores democr\u00e1ticos.\u201d<\/p>\n<\/div>\n","protected":false},"excerpt":{"rendered":"<p>La senadora Claudia Ledesma Abdala de Zamora, tom\u00f3 juramento a las senadoras y senadores electos el pasado 22 de octubre en representaci\u00f3n de las provincias de Buenos Aires, Formosa, Jujuy, La Rioja, Misiones, San Juan, San Luis y Santa Cruz, en el marco de lo establecido en los art\u00edculos 56 de la Constituci\u00f3n Nacional y 7\u00b0 al 12\u00b0 del Reglamento de la C\u00e1mara de Senadores y Senadoras de la Naci\u00f3n. Tambi\u00e9n juraron los representantes de bancas vacantes y quienes ejercen suplencias por la renuncia de alguno de sus miembros, y&hellip;<\/p>\n","protected":false},"author":1,"featured_media":0,"comment_status":"open","ping_status":"closed","sticky":false,"template":"","format":"standard","meta":{"footnotes":""},"categories":[1],"tags":[],"class_list":["post-5567","post","type-post","status-publish","format-standard","hentry","category-uncategorized"],"rttpg_featured_image_url":null,"rttpg_author":{"display_name":"rober","author_link":"https:\/\/livingmultimediosde.net.ar\/INDEX\/author\/rober\/"},"rttpg_comment":0,"rttpg_category":"<a href=\"https:\/\/livingmultimediosde.net.ar\/INDEX\/category\/uncategorized\/\" rel=\"category tag\">Uncategorized<\/a>","rttpg_excerpt":"La senadora Claudia Ledesma Abdala de Zamora, tom\u00f3 juramento a las senadoras y senadores electos el pasado 22 de octubre en representaci\u00f3n de las provincias de Buenos Aires, Formosa, Jujuy, La Rioja, Misiones, San Juan, San Luis y Santa Cruz, en el marco de lo establecido en los art\u00edculos 56 de la Constituci\u00f3n Nacional y&hellip;","_links":{"self":[{"href":"https:\/\/livingmultimediosde.net.ar\/INDEX\/wp-json\/wp\/v2\/posts\/5567","targetHints":{"allow":["GET"]}}],"collection":[{"href":"https:\/\/livingmultimediosde.net.ar\/INDEX\/wp-json\/wp\/v2\/posts"}],"about":[{"href":"https:\/\/livingmultimediosde.net.ar\/INDEX\/wp-json\/wp\/v2\/types\/post"}],"author":[{"embeddable":true,"href":"https:\/\/livingmultimediosde.net.ar\/INDEX\/wp-json\/wp\/v2\/users\/1"}],"replies":[{"embeddable":true,"href":"https:\/\/livingmultimediosde.net.ar\/INDEX\/wp-json\/wp\/v2\/comments?post=5567"}],"version-history":[{"count":1,"href":"https:\/\/livingmultimediosde.net.ar\/INDEX\/wp-json\/wp\/v2\/posts\/5567\/revisions"}],"predecessor-version":[{"id":5569,"href":"https:\/\/livingmultimediosde.net.ar\/INDEX\/wp-json\/wp\/v2\/posts\/5567\/revisions\/5569"}],"wp:attachment":[{"href":"https:\/\/livingmultimediosde.net.ar\/INDEX\/wp-json\/wp\/v2\/media?parent=5567"}],"wp:term":[{"taxonomy":"category","embeddable":true,"href":"https:\/\/livingmultimediosde.net.ar\/INDEX\/wp-json\/wp\/v2\/categories?post=5567"},{"taxonomy":"post_tag","embeddable":true,"href":"https:\/\/livingmultimediosde.net.ar\/INDEX\/wp-json\/wp\/v2\/tags?post=5567"}],"curies":[{"name":"wp","href":"https:\/\/api.w.org\/{rel}","templated":true}]}}