{"id":5555,"date":"2023-12-07T16:48:02","date_gmt":"2023-12-07T16:48:02","guid":{"rendered":"https:\/\/livingmultimediosde.net.ar\/INDEX\/?p=5555"},"modified":"2023-12-07T16:48:02","modified_gmt":"2023-12-07T16:48:02","slug":"el-gobernador-gerardo-zamora-recibio-a-directivo-de-toyota-argentina","status":"publish","type":"post","link":"https:\/\/livingmultimediosde.net.ar\/INDEX\/2023\/12\/el-gobernador-gerardo-zamora-recibio-a-directivo-de-toyota-argentina\/","title":{"rendered":"EL GOBERNADOR GERARDO ZAMORA RECIBI\u00d3 A DIRECTIVO DE TOYOTA ARGENTINA"},"content":{"rendered":"<p>El gobernador Gerardo Zamora recibi\u00f3 este mi\u00e9rcoles por la ma\u00f1ana a Federico Bosch, director de Compras de Toyota Argentina, quien estuvo acompa\u00f1ado por el presidente de Senna Automotores, Ricardo Dalale, y los directivos de la firma local Gabriel Dalale y Osvaldo Palau.<br \/>\nEl encuentro se realiz\u00f3 en el Sal\u00f3n de Acuerdos de Casa de Gobierno, donde tambi\u00e9n estuvo el subsecretario de Industria de la provincia, Llamil Abdala.<\/p>\n<p>&nbsp;<\/p>\n","protected":false},"excerpt":{"rendered":"<p>El gobernador Gerardo Zamora recibi\u00f3 este mi\u00e9rcoles por la ma\u00f1ana a Federico Bosch, director de Compras de Toyota Argentina, quien estuvo acompa\u00f1ado por el presidente de Senna Automotores, Ricardo Dalale, y los directivos de la firma local Gabriel Dalale y Osvaldo Palau. El encuentro se realiz\u00f3 en el Sal\u00f3n de Acuerdos de Casa de Gobierno, donde tambi\u00e9n estuvo el subsecretario de Industria de la provincia, Llamil Abdala. &nbsp;<\/p>\n","protected":false},"author":1,"featured_media":0,"comment_status":"open","ping_status":"closed","sticky":false,"template":"","format":"standard","meta":{"footnotes":""},"categories":[1],"tags":[],"class_list":["post-5555","post","type-post","status-publish","format-standard","hentry","category-uncategorized"],"rttpg_featured_image_url":null,"rttpg_author":{"display_name":"rober","author_link":"https:\/\/livingmultimediosde.net.ar\/INDEX\/author\/rober\/"},"rttpg_comment":0,"rttpg_category":"<a href=\"https:\/\/livingmultimediosde.net.ar\/INDEX\/category\/uncategorized\/\" rel=\"category tag\">Uncategorized<\/a>","rttpg_excerpt":"El gobernador Gerardo Zamora recibi\u00f3 este mi\u00e9rcoles por la ma\u00f1ana a Federico Bosch, director de Compras de Toyota Argentina, quien estuvo acompa\u00f1ado por el presidente de Senna Automotores, Ricardo Dalale, y los directivos de la firma local Gabriel Dalale y Osvaldo Palau. El encuentro se realiz\u00f3 en el Sal\u00f3n de Acuerdos de Casa de Gobierno,&hellip;","_links":{"self":[{"href":"https:\/\/livingmultimediosde.net.ar\/INDEX\/wp-json\/wp\/v2\/posts\/5555","targetHints":{"allow":["GET"]}}],"collection":[{"href":"https:\/\/livingmultimediosde.net.ar\/INDEX\/wp-json\/wp\/v2\/posts"}],"about":[{"href":"https:\/\/livingmultimediosde.net.ar\/INDEX\/wp-json\/wp\/v2\/types\/post"}],"author":[{"embeddable":true,"href":"https:\/\/livingmultimediosde.net.ar\/INDEX\/wp-json\/wp\/v2\/users\/1"}],"replies":[{"embeddable":true,"href":"https:\/\/livingmultimediosde.net.ar\/INDEX\/wp-json\/wp\/v2\/comments?post=5555"}],"version-history":[{"count":1,"href":"https:\/\/livingmultimediosde.net.ar\/INDEX\/wp-json\/wp\/v2\/posts\/5555\/revisions"}],"predecessor-version":[{"id":5558,"href":"https:\/\/livingmultimediosde.net.ar\/INDEX\/wp-json\/wp\/v2\/posts\/5555\/revisions\/5558"}],"wp:attachment":[{"href":"https:\/\/livingmultimediosde.net.ar\/INDEX\/wp-json\/wp\/v2\/media?parent=5555"}],"wp:term":[{"taxonomy":"category","embeddable":true,"href":"https:\/\/livingmultimediosde.net.ar\/INDEX\/wp-json\/wp\/v2\/categories?post=5555"},{"taxonomy":"post_tag","embeddable":true,"href":"https:\/\/livingmultimediosde.net.ar\/INDEX\/wp-json\/wp\/v2\/tags?post=5555"}],"curies":[{"name":"wp","href":"https:\/\/api.w.org\/{rel}","templated":true}]}}