{"id":5551,"date":"2023-12-07T16:43:23","date_gmt":"2023-12-07T16:43:23","guid":{"rendered":"https:\/\/livingmultimediosde.net.ar\/INDEX\/?p=5551"},"modified":"2023-12-07T16:43:23","modified_gmt":"2023-12-07T16:43:23","slug":"mas-de-200-ninos-de-frias-se-suman-a-los-beneficiarios-del-programa-mis-primeros-1700-dias","status":"publish","type":"post","link":"https:\/\/livingmultimediosde.net.ar\/INDEX\/2023\/12\/mas-de-200-ninos-de-frias-se-suman-a-los-beneficiarios-del-programa-mis-primeros-1700-dias\/","title":{"rendered":"M\u00c1S DE 200 NI\u00d1OS DE FR\u00cdAS SE SUMAN A LOS BENEFICIARIOS DEL PROGRAMA MIS PRIMEROS 1700 D\u00cdAS"},"content":{"rendered":"<p>Se present\u00f3 el Programa Provincial \u00abMis Primeros 1700 D\u00edas\u00bb en el Club Dos Leones de la ciudad de Fr\u00edas.<br \/>\nEl acto cont\u00f3 con la participaci\u00f3n de ni\u00f1os, ni\u00f1as, madres y embarazadas de los barrios Sumampa, Aeroclub, 114, El Chino, El Bajo, Horacio Fringes y Eliseo Fringes.<br \/>\nEl lanzamiento estuvo a cargo del referente del programa, Benjam\u00edn Coria, quien estuvo acompa\u00f1ado por la diputada provincial Soledad Ram\u00edrez; la encargada de la UPA del barrio Horacio Fringes, Roxana Far\u00edas; la concejal Rosa Aguirre; el ex intendente An\u00edbal Padula y el jefe de la Agencia de Desarrollo, Claudio Coronel.<br \/>\nLas palabras de bienvenida estuvieron a cargo de la diputada Ram\u00edrez, quien expres\u00f3: \u00abEn este lanzamiento integramos a 200 ni\u00f1os que se beneficiar\u00e1n con el programa nutricional, los que se suman a los 748 ya empadronados de los diferentes barrios de esta ciudad\u00bb.<br \/>\nPor su parte, Coria transmiti\u00f3 los saludos del gobernador Gerardo Zamora y se\u00f1al\u00f3: \u00abEstamos contentos de llegar a este lugar para presentar este Programa Mis Primeros 1700 D\u00edas que es de gran beneficio nutricional y por eso vamos a continuar trabajando junto con el equipo de profesionales y con los representantes locales para que en los primeros 15 d\u00edas de cada mes tengan el kit nutricional. Se podr\u00e1n seguir empadronado a m\u00e1s beneficiarios y contar\u00e1n con las visitas que sean necesarias para llevar adelante este programa\u00bb.<\/p>\n","protected":false},"excerpt":{"rendered":"<p>Se present\u00f3 el Programa Provincial \u00abMis Primeros 1700 D\u00edas\u00bb en el Club Dos Leones de la ciudad de Fr\u00edas. El acto cont\u00f3 con la participaci\u00f3n de ni\u00f1os, ni\u00f1as, madres y embarazadas de los barrios Sumampa, Aeroclub, 114, El Chino, El Bajo, Horacio Fringes y Eliseo Fringes. El lanzamiento estuvo a cargo del referente del programa, Benjam\u00edn Coria, quien estuvo acompa\u00f1ado por la diputada provincial Soledad Ram\u00edrez; la encargada de la UPA del barrio Horacio Fringes, Roxana Far\u00edas; la concejal Rosa Aguirre; el ex intendente An\u00edbal Padula y el jefe de&hellip;<\/p>\n","protected":false},"author":1,"featured_media":0,"comment_status":"open","ping_status":"closed","sticky":false,"template":"","format":"standard","meta":{"footnotes":""},"categories":[1],"tags":[],"class_list":["post-5551","post","type-post","status-publish","format-standard","hentry","category-uncategorized"],"rttpg_featured_image_url":null,"rttpg_author":{"display_name":"rober","author_link":"https:\/\/livingmultimediosde.net.ar\/INDEX\/author\/rober\/"},"rttpg_comment":0,"rttpg_category":"<a href=\"https:\/\/livingmultimediosde.net.ar\/INDEX\/category\/uncategorized\/\" rel=\"category tag\">Uncategorized<\/a>","rttpg_excerpt":"Se present\u00f3 el Programa Provincial \u00abMis Primeros 1700 D\u00edas\u00bb en el Club Dos Leones de la ciudad de Fr\u00edas. El acto cont\u00f3 con la participaci\u00f3n de ni\u00f1os, ni\u00f1as, madres y embarazadas de los barrios Sumampa, Aeroclub, 114, El Chino, El Bajo, Horacio Fringes y Eliseo Fringes. El lanzamiento estuvo a cargo del referente del programa,&hellip;","_links":{"self":[{"href":"https:\/\/livingmultimediosde.net.ar\/INDEX\/wp-json\/wp\/v2\/posts\/5551","targetHints":{"allow":["GET"]}}],"collection":[{"href":"https:\/\/livingmultimediosde.net.ar\/INDEX\/wp-json\/wp\/v2\/posts"}],"about":[{"href":"https:\/\/livingmultimediosde.net.ar\/INDEX\/wp-json\/wp\/v2\/types\/post"}],"author":[{"embeddable":true,"href":"https:\/\/livingmultimediosde.net.ar\/INDEX\/wp-json\/wp\/v2\/users\/1"}],"replies":[{"embeddable":true,"href":"https:\/\/livingmultimediosde.net.ar\/INDEX\/wp-json\/wp\/v2\/comments?post=5551"}],"version-history":[{"count":1,"href":"https:\/\/livingmultimediosde.net.ar\/INDEX\/wp-json\/wp\/v2\/posts\/5551\/revisions"}],"predecessor-version":[{"id":5554,"href":"https:\/\/livingmultimediosde.net.ar\/INDEX\/wp-json\/wp\/v2\/posts\/5551\/revisions\/5554"}],"wp:attachment":[{"href":"https:\/\/livingmultimediosde.net.ar\/INDEX\/wp-json\/wp\/v2\/media?parent=5551"}],"wp:term":[{"taxonomy":"category","embeddable":true,"href":"https:\/\/livingmultimediosde.net.ar\/INDEX\/wp-json\/wp\/v2\/categories?post=5551"},{"taxonomy":"post_tag","embeddable":true,"href":"https:\/\/livingmultimediosde.net.ar\/INDEX\/wp-json\/wp\/v2\/tags?post=5551"}],"curies":[{"name":"wp","href":"https:\/\/api.w.org\/{rel}","templated":true}]}}