{"id":5547,"date":"2023-12-06T14:56:18","date_gmt":"2023-12-06T14:56:18","guid":{"rendered":"https:\/\/livingmultimediosde.net.ar\/INDEX\/?p=5547"},"modified":"2023-12-06T14:56:18","modified_gmt":"2023-12-06T14:56:18","slug":"la-onu-urge-a-los-paises-en-la-cop28-a-acordar-medidas-contra-el-cambio-climatico","status":"publish","type":"post","link":"https:\/\/livingmultimediosde.net.ar\/INDEX\/2023\/12\/la-onu-urge-a-los-paises-en-la-cop28-a-acordar-medidas-contra-el-cambio-climatico\/","title":{"rendered":"La ONU urge a los pa\u00edses en la COP28 a acordar medidas contra el cambio clim\u00e1tico"},"content":{"rendered":"<div class=\"entry-content\">\n<div class=\"paragraph\">El jefe de la agencia ONU Clima, Simon Stiell,<strong>\u00a0llam\u00f3 a los pa\u00edses que participan en la conferencia COP28<\/strong>\u00a0sobre cambio clim\u00e1tico a dejar de \u00abfingir exageradamente\u00bb y lograr un acuerdo ambicioso para frenar el calentamiento global, a seis d\u00edas del fin del evento anual.&nbsp;<\/p>\n<p>\u00abTenemos un texto como punto de partida, pero est\u00e1 lleno de deseos\u00bb, explic\u00f3 ante la prensa en la ciudad de Dubai -donde se desarrolla el encuentro- el responsable de la ONU, quien se\u00f1al\u00f3 que los pa\u00edses deben dejar de \u00abfingir exageradamente\u00bb.<\/p>\n<p>La conferencia del clima de la ONU n\u00famero 28 termina oficialmente el 12 de diciembre y\u00a0<strong>su principal objetivo es tomar decisiones<\/strong>\u00a0m\u00e1s ambiciosas contra el cambio clim\u00e1tico, en l\u00ednea con el Acuerdo de Par\u00eds de 2015 alcanzado en la COP21 en la capital de Francia.<\/p>\n<blockquote class=\"\"><p>La conferencia del clima de la ONU n\u00famero 28 termina oficialmente el 12 de diciembre y su principal objetivo es tomar decisiones m\u00e1s ambiciosas contra el cambio clim\u00e1tico<\/p><\/blockquote>\n<p>La comunidad internacional debate en particular si debe \u00ababandonar\u00bb lo antes posible los combustibles f\u00f3siles o \u00abreducir\u00bb su consumo, y esa cuesti\u00f3n ha enconado las posturas negociadoras en Dubai.<\/p>\n<p><strong>\u00abHay muchas opciones sobre la mesa en estos momentos<\/strong>\u00a0que abordan el abandono de los combustibles f\u00f3siles. Le corresponde a las partes desentra\u00f1ar eso\u00bb, advirti\u00f3 Stiell, inform\u00f3 la agencia de noticias AFP.<\/p>\n<p>\u00abNecesitamos la ambici\u00f3n m\u00e1s alta, no limitarse a anotar puntos\u00bb, pidi\u00f3.<\/p>\n<p>El balance de la acci\u00f3n clim\u00e1tica desde\u00a0<strong>el Acuerdo de Par\u00eds \u00abes el veh\u00edculo para encarrilar\u00bb las negociaciones<\/strong>, agreg\u00f3 el responsable de la agencia de la ONU para el cambio clim\u00e1tico.<\/p>\n<blockquote class=\"\"><p>Los casi 200 pa\u00edses que firmaron el Acuerdo de Par\u00eds hicieron un balance en septiembre, que est\u00e1 siendo la base de negociaci\u00f3n en Dubai<\/p><\/blockquote>\n<p>Los casi 200 pa\u00edses que firmaron el Acuerdo de Par\u00eds hicieron un balance en septiembre, que est\u00e1 siendo la base de negociaci\u00f3n en Dubai.<\/p>\n<p><strong>Sobre la mesa hay un texto de 24 p\u00e1ginas<\/strong>, que ahora pasar\u00e1 a la presidencia de la COP28 para que indique el rumbo a seguir.<\/p>\n<p>El Acuerdo de Par\u00eds pide a los pa\u00edses limitar el aumento de la temperatura mundial a 1,5\u00b0 C este siglo respecto a la era preindustrial, cuando se dispar\u00f3 el uso de los combustibles f\u00f3siles que emiten gases de efecto invernadero responsables del calentamiento global.<\/p>\n<p>Sin embargo, estudios cient\u00edficos advierten que, al ritmo actual, ese<strong>\u00a0nivel de aumento de la temperatura se superar\u00e1 en pocos a\u00f1os,<\/strong>\u00a0lo que afectar\u00e1 la biodiversidad y provocar\u00e1 m\u00e1s fen\u00f3menos clim\u00e1ticos extremos.<\/p>\n<\/div>\n<div class=\"tags mt-4\"><\/div>\n<\/div>\n","protected":false},"excerpt":{"rendered":"<p>El jefe de la agencia ONU Clima, Simon Stiell,\u00a0llam\u00f3 a los pa\u00edses que participan en la conferencia COP28\u00a0sobre cambio clim\u00e1tico a dejar de \u00abfingir exageradamente\u00bb y lograr un acuerdo ambicioso para frenar el calentamiento global, a seis d\u00edas del fin del evento anual.&nbsp; \u00abTenemos un texto como punto de partida, pero est\u00e1 lleno de deseos\u00bb, explic\u00f3 ante la prensa en la ciudad de Dubai -donde se desarrolla el encuentro- el responsable de la ONU, quien se\u00f1al\u00f3 que los pa\u00edses deben dejar de \u00abfingir exageradamente\u00bb. La conferencia del clima de la&hellip;<\/p>\n","protected":false},"author":1,"featured_media":0,"comment_status":"open","ping_status":"closed","sticky":false,"template":"","format":"standard","meta":{"footnotes":""},"categories":[4],"tags":[],"class_list":["post-5547","post","type-post","status-publish","format-standard","hentry","category-interes-general"],"rttpg_featured_image_url":null,"rttpg_author":{"display_name":"rober","author_link":"https:\/\/livingmultimediosde.net.ar\/INDEX\/author\/rober\/"},"rttpg_comment":0,"rttpg_category":"<a href=\"https:\/\/livingmultimediosde.net.ar\/INDEX\/category\/interes-general\/\" rel=\"category tag\">INTERES GENERAL<\/a>","rttpg_excerpt":"El jefe de la agencia ONU Clima, Simon Stiell,\u00a0llam\u00f3 a los pa\u00edses que participan en la conferencia COP28\u00a0sobre cambio clim\u00e1tico a dejar de \u00abfingir exageradamente\u00bb y lograr un acuerdo ambicioso para frenar el calentamiento global, a seis d\u00edas del fin del evento anual.&nbsp; \u00abTenemos un texto como punto de partida, pero est\u00e1 lleno de deseos\u00bb,&hellip;","_links":{"self":[{"href":"https:\/\/livingmultimediosde.net.ar\/INDEX\/wp-json\/wp\/v2\/posts\/5547","targetHints":{"allow":["GET"]}}],"collection":[{"href":"https:\/\/livingmultimediosde.net.ar\/INDEX\/wp-json\/wp\/v2\/posts"}],"about":[{"href":"https:\/\/livingmultimediosde.net.ar\/INDEX\/wp-json\/wp\/v2\/types\/post"}],"author":[{"embeddable":true,"href":"https:\/\/livingmultimediosde.net.ar\/INDEX\/wp-json\/wp\/v2\/users\/1"}],"replies":[{"embeddable":true,"href":"https:\/\/livingmultimediosde.net.ar\/INDEX\/wp-json\/wp\/v2\/comments?post=5547"}],"version-history":[{"count":1,"href":"https:\/\/livingmultimediosde.net.ar\/INDEX\/wp-json\/wp\/v2\/posts\/5547\/revisions"}],"predecessor-version":[{"id":5550,"href":"https:\/\/livingmultimediosde.net.ar\/INDEX\/wp-json\/wp\/v2\/posts\/5547\/revisions\/5550"}],"wp:attachment":[{"href":"https:\/\/livingmultimediosde.net.ar\/INDEX\/wp-json\/wp\/v2\/media?parent=5547"}],"wp:term":[{"taxonomy":"category","embeddable":true,"href":"https:\/\/livingmultimediosde.net.ar\/INDEX\/wp-json\/wp\/v2\/categories?post=5547"},{"taxonomy":"post_tag","embeddable":true,"href":"https:\/\/livingmultimediosde.net.ar\/INDEX\/wp-json\/wp\/v2\/tags?post=5547"}],"curies":[{"name":"wp","href":"https:\/\/api.w.org\/{rel}","templated":true}]}}