{"id":5543,"date":"2023-12-06T14:54:56","date_gmt":"2023-12-06T14:54:56","guid":{"rendered":"https:\/\/livingmultimediosde.net.ar\/INDEX\/?p=5543"},"modified":"2023-12-06T14:54:56","modified_gmt":"2023-12-06T14:54:56","slug":"el-gobierno-peruano-extendio-otros-dos-meses-el-estado-de-excepcion","status":"publish","type":"post","link":"https:\/\/livingmultimediosde.net.ar\/INDEX\/2023\/12\/el-gobierno-peruano-extendio-otros-dos-meses-el-estado-de-excepcion\/","title":{"rendered":"El Gobierno peruano extendi\u00f3 otros dos meses el estado de excepci\u00f3n"},"content":{"rendered":"<div class=\"entry-content\">\n<p>El Gobierno de Per\u00fa prorrog\u00f3 por otros dos meses el estado de emergencia en 37 distritos repartidos en cuatro departamentos con el fin de combatir de manera m\u00e1s certera los \u00abremanentes de grupos terroristas\u00bb.<\/p>\n<p>La medida, que regir\u00e1 desde este viernes hasta el 5 de febrero de 2024, seg\u00fan se inform\u00f3 en el Diario Oficial El Peruano, implica la restricci\u00f3n o suspensi\u00f3n de algunos derechos constitucionales, entre ellos la inviolabilidad del domicilio, la libertad de tr\u00e1nsito y la de reuni\u00f3n.<\/p>\n<p>As\u00ed, las Fuerzas Armadas asumir\u00e1n el control del orden interno y del mando de la Polic\u00eda Nacional en esta treintena de distritos, que abarcan los departamentos de Ayacucho, Huancavelica, Cusco y Jun\u00edn.<\/p>\n<p>La decisi\u00f3n se adopt\u00f3, seg\u00fan el Ejecutivo, \u201cante la continuidad de actividades terroristas y la comisi\u00f3n de otros il\u00edcitos\u201d en las jurisdicciones que forman parte de esta declaratoria de emergencia, report\u00f3 la agencia estatal Andina.<\/p>\n<p>En Ayacucho, la medida abarca a ocho distritos de la provincia de Huanta y siete de la provincia de La Mar, y en Huancavelica la pr\u00f3rroga del estado de emergencia se aplicar\u00e1 a seis distritos de la provincia de Tayacaja<\/p>\n<p>En Cusco, en tanto, se aplica en diez distritos de la provincia de La Convenci\u00f3n, y en Jun\u00edn en distritos de las provincias de Satipo, Concepci\u00f3n y Huancayo.<\/p>\n<\/div>\n","protected":false},"excerpt":{"rendered":"<p>El Gobierno de Per\u00fa prorrog\u00f3 por otros dos meses el estado de emergencia en 37 distritos repartidos en cuatro departamentos con el fin de combatir de manera m\u00e1s certera los \u00abremanentes de grupos terroristas\u00bb. La medida, que regir\u00e1 desde este viernes hasta el 5 de febrero de 2024, seg\u00fan se inform\u00f3 en el Diario Oficial El Peruano, implica la restricci\u00f3n o suspensi\u00f3n de algunos derechos constitucionales, entre ellos la inviolabilidad del domicilio, la libertad de tr\u00e1nsito y la de reuni\u00f3n. As\u00ed, las Fuerzas Armadas asumir\u00e1n el control del orden interno&hellip;<\/p>\n","protected":false},"author":1,"featured_media":0,"comment_status":"open","ping_status":"closed","sticky":false,"template":"","format":"standard","meta":{"footnotes":""},"categories":[4],"tags":[],"class_list":["post-5543","post","type-post","status-publish","format-standard","hentry","category-interes-general"],"rttpg_featured_image_url":null,"rttpg_author":{"display_name":"rober","author_link":"https:\/\/livingmultimediosde.net.ar\/INDEX\/author\/rober\/"},"rttpg_comment":0,"rttpg_category":"<a href=\"https:\/\/livingmultimediosde.net.ar\/INDEX\/category\/interes-general\/\" rel=\"category tag\">INTERES GENERAL<\/a>","rttpg_excerpt":"El Gobierno de Per\u00fa prorrog\u00f3 por otros dos meses el estado de emergencia en 37 distritos repartidos en cuatro departamentos con el fin de combatir de manera m\u00e1s certera los \u00abremanentes de grupos terroristas\u00bb. La medida, que regir\u00e1 desde este viernes hasta el 5 de febrero de 2024, seg\u00fan se inform\u00f3 en el Diario Oficial&hellip;","_links":{"self":[{"href":"https:\/\/livingmultimediosde.net.ar\/INDEX\/wp-json\/wp\/v2\/posts\/5543","targetHints":{"allow":["GET"]}}],"collection":[{"href":"https:\/\/livingmultimediosde.net.ar\/INDEX\/wp-json\/wp\/v2\/posts"}],"about":[{"href":"https:\/\/livingmultimediosde.net.ar\/INDEX\/wp-json\/wp\/v2\/types\/post"}],"author":[{"embeddable":true,"href":"https:\/\/livingmultimediosde.net.ar\/INDEX\/wp-json\/wp\/v2\/users\/1"}],"replies":[{"embeddable":true,"href":"https:\/\/livingmultimediosde.net.ar\/INDEX\/wp-json\/wp\/v2\/comments?post=5543"}],"version-history":[{"count":1,"href":"https:\/\/livingmultimediosde.net.ar\/INDEX\/wp-json\/wp\/v2\/posts\/5543\/revisions"}],"predecessor-version":[{"id":5546,"href":"https:\/\/livingmultimediosde.net.ar\/INDEX\/wp-json\/wp\/v2\/posts\/5543\/revisions\/5546"}],"wp:attachment":[{"href":"https:\/\/livingmultimediosde.net.ar\/INDEX\/wp-json\/wp\/v2\/media?parent=5543"}],"wp:term":[{"taxonomy":"category","embeddable":true,"href":"https:\/\/livingmultimediosde.net.ar\/INDEX\/wp-json\/wp\/v2\/categories?post=5543"},{"taxonomy":"post_tag","embeddable":true,"href":"https:\/\/livingmultimediosde.net.ar\/INDEX\/wp-json\/wp\/v2\/tags?post=5543"}],"curies":[{"name":"wp","href":"https:\/\/api.w.org\/{rel}","templated":true}]}}