{"id":5535,"date":"2023-12-06T14:50:16","date_gmt":"2023-12-06T14:50:16","guid":{"rendered":"https:\/\/livingmultimediosde.net.ar\/INDEX\/?p=5535"},"modified":"2023-12-06T14:50:16","modified_gmt":"2023-12-06T14:50:16","slug":"grabois-tras-la-agresion-no-me-vas-a-ver-con-miedo-humillado-ni-avergonzado-de-mi-mismo","status":"publish","type":"post","link":"https:\/\/livingmultimediosde.net.ar\/INDEX\/2023\/12\/grabois-tras-la-agresion-no-me-vas-a-ver-con-miedo-humillado-ni-avergonzado-de-mi-mismo\/","title":{"rendered":"Grabois, tras la agresi\u00f3n: \u00abNo me vas a ver con miedo, humillado ni avergonzado de m\u00ed mismo\u00bb"},"content":{"rendered":"<div class=\"entry-content\">\n<div class=\"paragraph\">El dirigente social Juan Grabois expres\u00f3 hoy que no se mostrar\u00e1 con \u00abmiedo\u00bb, \u00abhumillado\u00bb ni \u00abavergonzado\u00bb tras haber sido\u00a0<strong>increpado e insultado por una persona cuando desayunaba junto a su padre<\/strong>, Roberto, en un bar del barrio porte\u00f1o de Palermo, una agresi\u00f3n que fue repudiada por todo el arco pol\u00edtico.&nbsp;<\/p>\n<p>\u00abNo me vas a ver con miedo, no me vas a ver humillado ni avergonzado de m\u00ed mismo\u00bb, coment\u00f3 Grabois en un posteo hecho en su cuenta personal en la red social X (antes Twitter).<\/p>\n<p>El dirigente, fue en las \u00faltimas elecciones compiti\u00f3 como precandidato a presidente por Uni\u00f3n por la Patria (UxP),\u00a0<strong>advirti\u00f3 que soportar\u00e1 las agresiones \u00abcon la paciencia que Dios\u00bb le otorgue y que espera que \u00absea mucha\u00bb porque no quiere \u00abengendrar m\u00e1s violencia\u00bb.<\/strong><\/p>\n<div class=\"twitter-tweet twitter-tweet-rendered\"><iframe data-src=\"https:\/\/platform.twitter.com\/embed\/Tweet.html?creatorScreenName=agenciatelam&amp;dnt=false&amp;embedId=twitter-widget-0&amp;features=eyJ0ZndfdGltZWxpbmVfbGlzdCI6eyJidWNrZXQiOltdLCJ2ZXJzaW9uIjpudWxsfSwidGZ3X2ZvbGxvd2VyX2NvdW50X3N1bnNldCI6eyJidWNrZXQiOnRydWUsInZlcnNpb24iOm51bGx9LCJ0ZndfdHdlZXRfZWRpdF9iYWNrZW5kIjp7ImJ1Y2tldCI6Im9uIiwidmVyc2lvbiI6bnVsbH0sInRmd19yZWZzcmNfc2Vzc2lvbiI6eyJidWNrZXQiOiJvbiIsInZlcnNpb24iOm51bGx9LCJ0ZndfZm9zbnJfc29mdF9pbnRlcnZlbnRpb25zX2VuYWJsZWQiOnsiYnVja2V0Ijoib24iLCJ2ZXJzaW9uIjpudWxsfSwidGZ3X21peGVkX21lZGlhXzE1ODk3Ijp7ImJ1Y2tldCI6InRyZWF0bWVudCIsInZlcnNpb24iOm51bGx9LCJ0ZndfZXhwZXJpbWVudHNfY29va2llX2V4cGlyYXRpb24iOnsiYnVja2V0IjoxMjA5NjAwLCJ2ZXJzaW9uIjpudWxsfSwidGZ3X3Nob3dfYmlyZHdhdGNoX3Bpdm90c19lbmFibGVkIjp7ImJ1Y2tldCI6Im9uIiwidmVyc2lvbiI6bnVsbH0sInRmd19kdXBsaWNhdGVfc2NyaWJlc190b19zZXR0aW5ncyI6eyJidWNrZXQiOiJvbiIsInZlcnNpb24iOm51bGx9LCJ0ZndfdXNlX3Byb2ZpbGVfaW1hZ2Vfc2hhcGVfZW5hYmxlZCI6eyJidWNrZXQiOiJvbiIsInZlcnNpb24iOm51bGx9LCJ0ZndfdmlkZW9faGxzX2R5bmFtaWNfbWFuaWZlc3RzXzE1MDgyIjp7ImJ1Y2tldCI6InRydWVfYml0cmF0ZSIsInZlcnNpb24iOm51bGx9LCJ0ZndfbGVnYWN5X3RpbWVsaW5lX3N1bnNldCI6eyJidWNrZXQiOnRydWUsInZlcnNpb24iOm51bGx9LCJ0ZndfdHdlZXRfZWRpdF9mcm9udGVuZCI6eyJidWNrZXQiOiJvbiIsInZlcnNpb24iOm51bGx9fQ%3D%3D&amp;frame=false&amp;hideCard=false&amp;hideThread=false&amp;id=1732143420020269509&amp;lang=es&amp;origin=https%3A%2F%2Fwww.telam.com.ar%2Fnotas%2F202312%2F648708-declaracion-grabois-agresion.html&amp;sessionId=652807189796f2d5ab7958951c3570f8e93bed7c&amp;siteScreenName=agenciatelam&amp;theme=light&amp;widgetsVersion=01917f4d1d4cb%3A1696883169554&amp;width=550px\" id=\"twitter-widget-0\" class=\"lazyload\" title=\"Twitter Tweet\"  frameborder=\"0\" scrolling=\"no\" allowfullscreen=\"allowfullscreen\" data-tweet-id=\"1732143420020269509\" data-mce-fragment=\"1\"><\/iframe><\/div>\n<p>\u00abMe las voy a aguantar como pueda, a veces mejor, a veces peor. Voy a tener paciencia, aunque me indigne tu cobard\u00eda, la impunidad de tu anonimato. Si estoy con un ni\u00f1o, familiar, con una persona mayor, deber\u00edas refrenarte. Si ten\u00e9s una gota de conciencia, es un l\u00edmite civilizatorio b\u00e1sico. Ah\u00ed la paciencia encuentra un l\u00edmite. Ah\u00ed es cuando pienso\u2026\u00bfhasta d\u00f3nde hay que aguantar?\u00bb, expuso en un largo texto escrito en X.<\/p>\n<p>Grabois tambi\u00e9n poste\u00f3 all\u00ed el fragmento de una entrevista concedida al programa televisivo \u00abA la Barbarossa\u00bb, que conduce Georgina Barbarossa por el canal Telefe, en la que se pregunt\u00f3 \u00abcu\u00e1l es el delito\u00bb que cometi\u00f3 y remarc\u00f3 que no est\u00e1 imputado, ni procesado ni condenado por nada.<\/p>\n<p>All\u00ed adem\u00e1s se\u00f1al\u00f3 que el ataque del que fue v\u00edctima este martes tuvo lugar cuando se encontraba con su padre, de 81 a\u00f1os, quien -indic\u00f3-<strong>\u00a0\u00abest\u00e1 atravesando un tratamiento oncol\u00f3gico\u00bb.<\/strong><\/p>\n<p>\u00abNac\u00ed en Argentina y cuando me toque la hora, ac\u00e1 me quiero morir caminando\u2026 porque soy argentino, ciudadano y ser humano\u00bb, asegur\u00f3 y agreg\u00f3: \u00abEn cualquier caso, lo que no vas a lograr es que baje la mirada. No me vas a ver renegar de nuestras ideas porque nos torcieron el brazo a base de amenazas y agresiones\u00bb.<\/p>\n<\/div>\n<div class=\"tags mt-4\"><\/div>\n<\/div>\n","protected":false},"excerpt":{"rendered":"<p>El dirigente social Juan Grabois expres\u00f3 hoy que no se mostrar\u00e1 con \u00abmiedo\u00bb, \u00abhumillado\u00bb ni \u00abavergonzado\u00bb tras haber sido\u00a0increpado e insultado por una persona cuando desayunaba junto a su padre, Roberto, en un bar del barrio porte\u00f1o de Palermo, una agresi\u00f3n que fue repudiada por todo el arco pol\u00edtico.&nbsp; \u00abNo me vas a ver con miedo, no me vas a ver humillado ni avergonzado de m\u00ed mismo\u00bb, coment\u00f3 Grabois en un posteo hecho en su cuenta personal en la red social X (antes Twitter). El dirigente, fue en las \u00faltimas&hellip;<\/p>\n","protected":false},"author":1,"featured_media":0,"comment_status":"open","ping_status":"closed","sticky":false,"template":"","format":"standard","meta":{"footnotes":""},"categories":[4],"tags":[],"class_list":["post-5535","post","type-post","status-publish","format-standard","hentry","category-interes-general"],"rttpg_featured_image_url":null,"rttpg_author":{"display_name":"rober","author_link":"https:\/\/livingmultimediosde.net.ar\/INDEX\/author\/rober\/"},"rttpg_comment":0,"rttpg_category":"<a href=\"https:\/\/livingmultimediosde.net.ar\/INDEX\/category\/interes-general\/\" rel=\"category tag\">INTERES GENERAL<\/a>","rttpg_excerpt":"El dirigente social Juan Grabois expres\u00f3 hoy que no se mostrar\u00e1 con \u00abmiedo\u00bb, \u00abhumillado\u00bb ni \u00abavergonzado\u00bb tras haber sido\u00a0increpado e insultado por una persona cuando desayunaba junto a su padre, Roberto, en un bar del barrio porte\u00f1o de Palermo, una agresi\u00f3n que fue repudiada por todo el arco pol\u00edtico.&nbsp; \u00abNo me vas a ver con&hellip;","_links":{"self":[{"href":"https:\/\/livingmultimediosde.net.ar\/INDEX\/wp-json\/wp\/v2\/posts\/5535","targetHints":{"allow":["GET"]}}],"collection":[{"href":"https:\/\/livingmultimediosde.net.ar\/INDEX\/wp-json\/wp\/v2\/posts"}],"about":[{"href":"https:\/\/livingmultimediosde.net.ar\/INDEX\/wp-json\/wp\/v2\/types\/post"}],"author":[{"embeddable":true,"href":"https:\/\/livingmultimediosde.net.ar\/INDEX\/wp-json\/wp\/v2\/users\/1"}],"replies":[{"embeddable":true,"href":"https:\/\/livingmultimediosde.net.ar\/INDEX\/wp-json\/wp\/v2\/comments?post=5535"}],"version-history":[{"count":1,"href":"https:\/\/livingmultimediosde.net.ar\/INDEX\/wp-json\/wp\/v2\/posts\/5535\/revisions"}],"predecessor-version":[{"id":5538,"href":"https:\/\/livingmultimediosde.net.ar\/INDEX\/wp-json\/wp\/v2\/posts\/5535\/revisions\/5538"}],"wp:attachment":[{"href":"https:\/\/livingmultimediosde.net.ar\/INDEX\/wp-json\/wp\/v2\/media?parent=5535"}],"wp:term":[{"taxonomy":"category","embeddable":true,"href":"https:\/\/livingmultimediosde.net.ar\/INDEX\/wp-json\/wp\/v2\/categories?post=5535"},{"taxonomy":"post_tag","embeddable":true,"href":"https:\/\/livingmultimediosde.net.ar\/INDEX\/wp-json\/wp\/v2\/tags?post=5535"}],"curies":[{"name":"wp","href":"https:\/\/api.w.org\/{rel}","templated":true}]}}