{"id":5522,"date":"2023-12-05T15:59:34","date_gmt":"2023-12-05T15:59:34","guid":{"rendered":"https:\/\/livingmultimediosde.net.ar\/INDEX\/?p=5522"},"modified":"2023-12-05T15:59:34","modified_gmt":"2023-12-05T15:59:34","slug":"el-gobernador-recibio-a-los-directivos-del-consejo-profesional-de-la-ingeniera-y-afines-de-santiago-del-estero","status":"publish","type":"post","link":"https:\/\/livingmultimediosde.net.ar\/INDEX\/2023\/12\/el-gobernador-recibio-a-los-directivos-del-consejo-profesional-de-la-ingeniera-y-afines-de-santiago-del-estero\/","title":{"rendered":"EL GOBERNADOR RECIBI\u00d3 A LOS DIRECTIVOS DEL CONSEJO PROFESIONAL DE LA INGENIERA Y AFINES DE SANTIAGO DEL ESTERO"},"content":{"rendered":"<p>El gobernador Gerardo Zamora recibi\u00f3 este martes por la ma\u00f1ana la visita de la Junta Ejecutiva del Consejo Profesional de la Ingenier\u00eda y Afines de Santiago del Estero, en el marco de los festejos por los 100 a\u00f1os de vida de esta instituci\u00f3n.<br \/>\nRepresentando a la entidad estuvieron su presidente, Ram\u00f3n P\u00e9rez; el vicepresidente Mario Mondino; los vocales titulares Jos\u00e9 Eduardo Goldar y Daniel Gustavo Spath; y los vocales suplentes Orlando C\u00e9sar Cuckla y Jorge Carabajal.<br \/>\nDurante el encuentro los miembros de la Junta Ejecutiva comentaron las distintas actividades que se vienen desarrollando en este a\u00f1o 2023, en el marco de los festejos del centenario que cumpli\u00f3 la instituci\u00f3n el pasado 25 de agosto.<\/p>\n","protected":false},"excerpt":{"rendered":"<p>El gobernador Gerardo Zamora recibi\u00f3 este martes por la ma\u00f1ana la visita de la Junta Ejecutiva del Consejo Profesional de la Ingenier\u00eda y Afines de Santiago del Estero, en el marco de los festejos por los 100 a\u00f1os de vida de esta instituci\u00f3n. Representando a la entidad estuvieron su presidente, Ram\u00f3n P\u00e9rez; el vicepresidente Mario Mondino; los vocales titulares Jos\u00e9 Eduardo Goldar y Daniel Gustavo Spath; y los vocales suplentes Orlando C\u00e9sar Cuckla y Jorge Carabajal. Durante el encuentro los miembros de la Junta Ejecutiva comentaron las distintas actividades que&hellip;<\/p>\n","protected":false},"author":1,"featured_media":0,"comment_status":"open","ping_status":"closed","sticky":false,"template":"","format":"standard","meta":{"footnotes":""},"categories":[1],"tags":[],"class_list":["post-5522","post","type-post","status-publish","format-standard","hentry","category-uncategorized"],"rttpg_featured_image_url":null,"rttpg_author":{"display_name":"rober","author_link":"https:\/\/livingmultimediosde.net.ar\/INDEX\/author\/rober\/"},"rttpg_comment":0,"rttpg_category":"<a href=\"https:\/\/livingmultimediosde.net.ar\/INDEX\/category\/uncategorized\/\" rel=\"category tag\">Uncategorized<\/a>","rttpg_excerpt":"El gobernador Gerardo Zamora recibi\u00f3 este martes por la ma\u00f1ana la visita de la Junta Ejecutiva del Consejo Profesional de la Ingenier\u00eda y Afines de Santiago del Estero, en el marco de los festejos por los 100 a\u00f1os de vida de esta instituci\u00f3n. Representando a la entidad estuvieron su presidente, Ram\u00f3n P\u00e9rez; el vicepresidente Mario&hellip;","_links":{"self":[{"href":"https:\/\/livingmultimediosde.net.ar\/INDEX\/wp-json\/wp\/v2\/posts\/5522","targetHints":{"allow":["GET"]}}],"collection":[{"href":"https:\/\/livingmultimediosde.net.ar\/INDEX\/wp-json\/wp\/v2\/posts"}],"about":[{"href":"https:\/\/livingmultimediosde.net.ar\/INDEX\/wp-json\/wp\/v2\/types\/post"}],"author":[{"embeddable":true,"href":"https:\/\/livingmultimediosde.net.ar\/INDEX\/wp-json\/wp\/v2\/users\/1"}],"replies":[{"embeddable":true,"href":"https:\/\/livingmultimediosde.net.ar\/INDEX\/wp-json\/wp\/v2\/comments?post=5522"}],"version-history":[{"count":1,"href":"https:\/\/livingmultimediosde.net.ar\/INDEX\/wp-json\/wp\/v2\/posts\/5522\/revisions"}],"predecessor-version":[{"id":5525,"href":"https:\/\/livingmultimediosde.net.ar\/INDEX\/wp-json\/wp\/v2\/posts\/5522\/revisions\/5525"}],"wp:attachment":[{"href":"https:\/\/livingmultimediosde.net.ar\/INDEX\/wp-json\/wp\/v2\/media?parent=5522"}],"wp:term":[{"taxonomy":"category","embeddable":true,"href":"https:\/\/livingmultimediosde.net.ar\/INDEX\/wp-json\/wp\/v2\/categories?post=5522"},{"taxonomy":"post_tag","embeddable":true,"href":"https:\/\/livingmultimediosde.net.ar\/INDEX\/wp-json\/wp\/v2\/tags?post=5522"}],"curies":[{"name":"wp","href":"https:\/\/api.w.org\/{rel}","templated":true}]}}