{"id":5519,"date":"2023-12-05T15:05:24","date_gmt":"2023-12-05T15:05:24","guid":{"rendered":"https:\/\/livingmultimediosde.net.ar\/INDEX\/?p=5519"},"modified":"2023-12-05T15:05:24","modified_gmt":"2023-12-05T15:05:24","slug":"este-miercoles-6-se-abonara-la-ultima-cuota-del-bono-a-empleados-de-la-provincia-y-municipios","status":"publish","type":"post","link":"https:\/\/livingmultimediosde.net.ar\/INDEX\/2023\/12\/este-miercoles-6-se-abonara-la-ultima-cuota-del-bono-a-empleados-de-la-provincia-y-municipios\/","title":{"rendered":"ESTE MI\u00c9RCOLES 6 SE ABONAR\u00c1 LA \u00daLTIMA CUOTA DEL BONO A EMPLEADOS DE LA PROVINCIA Y MUNICIPIOS"},"content":{"rendered":"<p>El Ministerio de Econom\u00eda informa que este mi\u00e9rcoles 6 de diciembre de 2023 se har\u00e1 efectivo el pago de la cuarta y \u00faltima cuota de $ 100.000 del bono extraordinario otorgado oportunamente a partir de un acuerdo del Gobierno de la provincia con la Mesa de Di\u00e1logo y Trabajo de Santiago del Estero.<br \/>\nEste beneficio alcanza tanto al personal de la administraci\u00f3n p\u00fablica provincial, como tambi\u00e9n a m\u00e1s de 15.800 obreros y empleados bancarizados pertenecientes a las intendencias y comisiones municipales.<br \/>\nEn ambos casos, el Gobierno de la provincia aporta los fondos necesarios para que este aporte llegue a todos los trabajadores.<br \/>\nDe esta manera se cumple con el pago del bono por un total de $ 400.000 que, conforme al acuerdo con los representantes de los trabajadores, se hizo efectivo en cuatro cuotas, desde el pasado 7 de septiembre hasta este mi\u00e9rcoles 6 de diciembre.<\/p>\n","protected":false},"excerpt":{"rendered":"<p>El Ministerio de Econom\u00eda informa que este mi\u00e9rcoles 6 de diciembre de 2023 se har\u00e1 efectivo el pago de la cuarta y \u00faltima cuota de $ 100.000 del bono extraordinario otorgado oportunamente a partir de un acuerdo del Gobierno de la provincia con la Mesa de Di\u00e1logo y Trabajo de Santiago del Estero. Este beneficio alcanza tanto al personal de la administraci\u00f3n p\u00fablica provincial, como tambi\u00e9n a m\u00e1s de 15.800 obreros y empleados bancarizados pertenecientes a las intendencias y comisiones municipales. En ambos casos, el Gobierno de la provincia aporta&hellip;<\/p>\n","protected":false},"author":1,"featured_media":412,"comment_status":"open","ping_status":"closed","sticky":false,"template":"","format":"standard","meta":{"footnotes":""},"categories":[1],"tags":[],"class_list":["post-5519","post","type-post","status-publish","format-standard","has-post-thumbnail","hentry","category-uncategorized"],"rttpg_featured_image_url":{"full":["https:\/\/livingmultimediosde.net.ar\/INDEX\/wp-content\/uploads\/2023\/04\/sueldos.jpg",512,302,false],"landscape":["https:\/\/livingmultimediosde.net.ar\/INDEX\/wp-content\/uploads\/2023\/04\/sueldos.jpg",512,302,false],"portraits":["https:\/\/livingmultimediosde.net.ar\/INDEX\/wp-content\/uploads\/2023\/04\/sueldos.jpg",512,302,false],"thumbnail":["https:\/\/livingmultimediosde.net.ar\/INDEX\/wp-content\/uploads\/2023\/04\/sueldos-150x150.jpg",150,150,true],"medium":["https:\/\/livingmultimediosde.net.ar\/INDEX\/wp-content\/uploads\/2023\/04\/sueldos-300x177.jpg",300,177,true],"large":["https:\/\/livingmultimediosde.net.ar\/INDEX\/wp-content\/uploads\/2023\/04\/sueldos.jpg",512,302,false],"1536x1536":["https:\/\/livingmultimediosde.net.ar\/INDEX\/wp-content\/uploads\/2023\/04\/sueldos.jpg",512,302,false],"2048x2048":["https:\/\/livingmultimediosde.net.ar\/INDEX\/wp-content\/uploads\/2023\/04\/sueldos.jpg",512,302,false],"post-thumbnail":["https:\/\/livingmultimediosde.net.ar\/INDEX\/wp-content\/uploads\/2023\/04\/sueldos-240x172.jpg",240,172,true]},"rttpg_author":{"display_name":"rober","author_link":"https:\/\/livingmultimediosde.net.ar\/INDEX\/author\/rober\/"},"rttpg_comment":0,"rttpg_category":"<a href=\"https:\/\/livingmultimediosde.net.ar\/INDEX\/category\/uncategorized\/\" rel=\"category tag\">Uncategorized<\/a>","rttpg_excerpt":"El Ministerio de Econom\u00eda informa que este mi\u00e9rcoles 6 de diciembre de 2023 se har\u00e1 efectivo el pago de la cuarta y \u00faltima cuota de $ 100.000 del bono extraordinario otorgado oportunamente a partir de un acuerdo del Gobierno de la provincia con la Mesa de Di\u00e1logo y Trabajo de Santiago del Estero. Este beneficio&hellip;","_links":{"self":[{"href":"https:\/\/livingmultimediosde.net.ar\/INDEX\/wp-json\/wp\/v2\/posts\/5519","targetHints":{"allow":["GET"]}}],"collection":[{"href":"https:\/\/livingmultimediosde.net.ar\/INDEX\/wp-json\/wp\/v2\/posts"}],"about":[{"href":"https:\/\/livingmultimediosde.net.ar\/INDEX\/wp-json\/wp\/v2\/types\/post"}],"author":[{"embeddable":true,"href":"https:\/\/livingmultimediosde.net.ar\/INDEX\/wp-json\/wp\/v2\/users\/1"}],"replies":[{"embeddable":true,"href":"https:\/\/livingmultimediosde.net.ar\/INDEX\/wp-json\/wp\/v2\/comments?post=5519"}],"version-history":[{"count":1,"href":"https:\/\/livingmultimediosde.net.ar\/INDEX\/wp-json\/wp\/v2\/posts\/5519\/revisions"}],"predecessor-version":[{"id":5521,"href":"https:\/\/livingmultimediosde.net.ar\/INDEX\/wp-json\/wp\/v2\/posts\/5519\/revisions\/5521"}],"wp:featuredmedia":[{"embeddable":true,"href":"https:\/\/livingmultimediosde.net.ar\/INDEX\/wp-json\/wp\/v2\/media\/412"}],"wp:attachment":[{"href":"https:\/\/livingmultimediosde.net.ar\/INDEX\/wp-json\/wp\/v2\/media?parent=5519"}],"wp:term":[{"taxonomy":"category","embeddable":true,"href":"https:\/\/livingmultimediosde.net.ar\/INDEX\/wp-json\/wp\/v2\/categories?post=5519"},{"taxonomy":"post_tag","embeddable":true,"href":"https:\/\/livingmultimediosde.net.ar\/INDEX\/wp-json\/wp\/v2\/tags?post=5519"}],"curies":[{"name":"wp","href":"https:\/\/api.w.org\/{rel}","templated":true}]}}