{"id":5507,"date":"2023-12-05T15:01:00","date_gmt":"2023-12-05T15:01:00","guid":{"rendered":"https:\/\/livingmultimediosde.net.ar\/INDEX\/?p=5507"},"modified":"2023-12-05T15:01:00","modified_gmt":"2023-12-05T15:01:00","slug":"secretario-general-de-ate-todas-las-medidas-que-se-anticipan-atacan-a-los-trabajadores","status":"publish","type":"post","link":"https:\/\/livingmultimediosde.net.ar\/INDEX\/2023\/12\/secretario-general-de-ate-todas-las-medidas-que-se-anticipan-atacan-a-los-trabajadores\/","title":{"rendered":"Secretario general de ATE: \u00abTodas las medidas que se anticipan atacan a los trabajadores\u00bb"},"content":{"rendered":"<div class=\"entry-content\">\n<div class=\"paragraph\">El secretario general de la Asociaci\u00f3n de Trabajadores del Estado (ATE),\u00a0<strong>Rodolfo Aguiar, sostuvo este martes que \u201cla casta est\u00e1 de fiesta y los trabajadores mortificados\u201d<\/strong>, y se\u00f1al\u00f3 que \u00abtodas las medidas que se anticipan\u00bb apuntan a \u00abatacar a los trabajadores, jubilados y sus derechos adquiridos\u00bb.&nbsp;<\/p>\n<p>De esta forma, sali\u00f3 a responder a declaraciones realizadas por el designado ministro del Interior de Javier Milei, Guillermo Francos, quien adelant\u00f3 que \u00abhabr\u00e1 despidos en el Estado\u00bb.<\/p>\n<blockquote class=\"\"><p>\u201cTodas las medidas que se anticipan desde el futuro oficialismo atacan a los trabajadores, jubilados y sus derechos adquiridos, y nada tienen que ver con ajustar los gastos de la pol\u00edtica\u00bb<cite class=\"author\">Rodolfo Aguiar<\/cite><\/p><\/blockquote>\n<p>\u201cTodas las medidas que se anticipan desde el futuro oficialismo\u00a0<strong>atacan a los trabajadores, jubilados y sus derechos adquiridos<\/strong>, y nada tienen que ver con ajustar los gastos de la pol\u00edtica como se propagandizaba en campa\u00f1a\u00bb, asever\u00f3 Aguiar en declaraciones difundidas a trav\u00e9s de un comunicado de prensa.<\/p>\n<p>All\u00ed, asegur\u00f3 que \u00ablos \u00fanicos que ingresan por la ventana al Estado son los designados a dedo por los presidentes y despu\u00e9s quieren quedarse\u00bb, al replicar dichos del designado funcionario, quien sostuvo que \u00abquienes hayan entrado por la ventana saldr\u00e1n por la puerta\u00bb.<\/p>\n<p>En ese marco, el secretario general de ATE subray\u00f3 que\u00a0<strong>\u00abson tiempos de defender todas las funciones del Estado\u201d.<\/strong><\/p>\n<p>\u201cLa Libertad Avanza empez\u00f3 hablando de recortar 15 puntos del Producto Bruto Interno (PBI) y, luego, reformularon a 5 puntos. Aun frente a este escenario m\u00e1s moderado, no hay manera de que los trabajadores y los jubilados puedan resistir m\u00e1s ajuste. Nos encaminamos a un escenario de mayor desigualdad y m\u00e1s pobreza\u201d, evalu\u00f3 el dirigente.<\/p>\n<blockquote class=\"\"><p>Los \u00fanicos que entran por la ventana y despu\u00e9s se quieren quedar son precisamente los funcionarios designados a dedo por cada uno de los presidentes\u201d<cite class=\"author\">Rodolfo Aguiar<\/cite><\/p><\/blockquote>\n<p>En esa l\u00ednea, Aguiar indic\u00f3 que \u201c<strong>recortar 5 puntos supone bajar a cero la inversi\u00f3n p\u00fablica<\/strong>, eliminar las transferencias a todas las provincias y quitar r\u00e1pidamente subsidios a la energ\u00eda, al transporte\u00bb.<\/p>\n<p>\u00abEso adem\u00e1s nos coloca frente al aumento de las tarifas de gas, de luz, los aumento en los pasajes de trenes y colectivos. Tambi\u00e9n se ver\u00e1n afectadas partidas salariales, de jubilaciones y pensiones y todas aquellas destinadas a sostener programas sociales\u201d, enumer\u00f3.<\/p>\n<p><strong>\u201cEs evidente que el futuro ministro de Interior intenta confundir<\/strong>. Los trabajadores jam\u00e1s entraron por la ventana al Estado. Los \u00fanicos que entran por la ventana y despu\u00e9s se quieren quedar son precisamente los funcionarios designados a dedo por cada uno de los presidentes\u201d, concluy\u00f3 el dirigente estatal.<\/p>\n<\/div>\n<div class=\"tags mt-4\"><\/div>\n<\/div>\n","protected":false},"excerpt":{"rendered":"<p>El secretario general de la Asociaci\u00f3n de Trabajadores del Estado (ATE),\u00a0Rodolfo Aguiar, sostuvo este martes que \u201cla casta est\u00e1 de fiesta y los trabajadores mortificados\u201d, y se\u00f1al\u00f3 que \u00abtodas las medidas que se anticipan\u00bb apuntan a \u00abatacar a los trabajadores, jubilados y sus derechos adquiridos\u00bb.&nbsp; De esta forma, sali\u00f3 a responder a declaraciones realizadas por el designado ministro del Interior de Javier Milei, Guillermo Francos, quien adelant\u00f3 que \u00abhabr\u00e1 despidos en el Estado\u00bb. \u201cTodas las medidas que se anticipan desde el futuro oficialismo atacan a los trabajadores, jubilados y sus&hellip;<\/p>\n","protected":false},"author":1,"featured_media":0,"comment_status":"open","ping_status":"closed","sticky":false,"template":"","format":"standard","meta":{"footnotes":""},"categories":[4],"tags":[],"class_list":["post-5507","post","type-post","status-publish","format-standard","hentry","category-interes-general"],"rttpg_featured_image_url":null,"rttpg_author":{"display_name":"rober","author_link":"https:\/\/livingmultimediosde.net.ar\/INDEX\/author\/rober\/"},"rttpg_comment":0,"rttpg_category":"<a href=\"https:\/\/livingmultimediosde.net.ar\/INDEX\/category\/interes-general\/\" rel=\"category tag\">INTERES GENERAL<\/a>","rttpg_excerpt":"El secretario general de la Asociaci\u00f3n de Trabajadores del Estado (ATE),\u00a0Rodolfo Aguiar, sostuvo este martes que \u201cla casta est\u00e1 de fiesta y los trabajadores mortificados\u201d, y se\u00f1al\u00f3 que \u00abtodas las medidas que se anticipan\u00bb apuntan a \u00abatacar a los trabajadores, jubilados y sus derechos adquiridos\u00bb.&nbsp; De esta forma, sali\u00f3 a responder a declaraciones realizadas por&hellip;","_links":{"self":[{"href":"https:\/\/livingmultimediosde.net.ar\/INDEX\/wp-json\/wp\/v2\/posts\/5507","targetHints":{"allow":["GET"]}}],"collection":[{"href":"https:\/\/livingmultimediosde.net.ar\/INDEX\/wp-json\/wp\/v2\/posts"}],"about":[{"href":"https:\/\/livingmultimediosde.net.ar\/INDEX\/wp-json\/wp\/v2\/types\/post"}],"author":[{"embeddable":true,"href":"https:\/\/livingmultimediosde.net.ar\/INDEX\/wp-json\/wp\/v2\/users\/1"}],"replies":[{"embeddable":true,"href":"https:\/\/livingmultimediosde.net.ar\/INDEX\/wp-json\/wp\/v2\/comments?post=5507"}],"version-history":[{"count":1,"href":"https:\/\/livingmultimediosde.net.ar\/INDEX\/wp-json\/wp\/v2\/posts\/5507\/revisions"}],"predecessor-version":[{"id":5510,"href":"https:\/\/livingmultimediosde.net.ar\/INDEX\/wp-json\/wp\/v2\/posts\/5507\/revisions\/5510"}],"wp:attachment":[{"href":"https:\/\/livingmultimediosde.net.ar\/INDEX\/wp-json\/wp\/v2\/media?parent=5507"}],"wp:term":[{"taxonomy":"category","embeddable":true,"href":"https:\/\/livingmultimediosde.net.ar\/INDEX\/wp-json\/wp\/v2\/categories?post=5507"},{"taxonomy":"post_tag","embeddable":true,"href":"https:\/\/livingmultimediosde.net.ar\/INDEX\/wp-json\/wp\/v2\/tags?post=5507"}],"curies":[{"name":"wp","href":"https:\/\/api.w.org\/{rel}","templated":true}]}}