{"id":5491,"date":"2023-12-05T03:29:02","date_gmt":"2023-12-05T03:29:02","guid":{"rendered":"https:\/\/livingmultimediosde.net.ar\/INDEX\/?p=5491"},"modified":"2023-12-05T03:29:02","modified_gmt":"2023-12-05T03:29:02","slug":"el-nuevo-gobierno-espera-una-agenda-legislativa-vertiginosa-y-compleja","status":"publish","type":"post","link":"https:\/\/livingmultimediosde.net.ar\/INDEX\/2023\/12\/el-nuevo-gobierno-espera-una-agenda-legislativa-vertiginosa-y-compleja\/","title":{"rendered":"El nuevo gobierno espera una agenda legislativa \u00abvertiginosa y compleja\u00bb"},"content":{"rendered":"<div class=\"paragraph\">El diputado nacional electo por La Libertad Avanza (LLA) Eduardo Falcone sostuvo que, con la asunci\u00f3n del nuevo Gobierno el pr\u00f3ximo domingo, el Congreso tiene por delante\u00a0<strong>\u00abuna agenda legislativa muy vertiginosa y compleja\u00bb<\/strong>\u00a0en la que ser\u00e1 necesario \u00abarticular alianzas con otros bloques\u00bb.&nbsp;<\/p>\n<p>El legislador enfatiz\u00f3 que \u00ablo primero que va a hacer\u00bb el Congreso es \u00abtratar el paquete de leyes que env\u00ede el presidente\u00bb tras su asunci\u00f3n, en referencia a Javier Milei.<\/p>\n<p>\u00abLa urgencia es esa\u00bb, resumi\u00f3 el legislador electo en declaraciones formuladas esta ma\u00f1ana a Radio Splendid, en las que se\u00f1al\u00f3 que, hasta el momento, \u00abse ha propuesto al presidente de la C\u00e1mara\u00bb, en alusi\u00f3n al riojano Mart\u00edn Menem, y que\u00a0<strong>a\u00fan resta \u00abconformar las comisiones\u00bb,<\/strong>\u00a0tras el recambio legislativo.<\/p>\n<blockquote class=\"\"><p>\u00abNo se le escapa a nadie que somos 37 diputados y tenemos que articular alianzas con otros bloques para que las leyes tengan sanci\u00f3n\u00bb<cite class=\"author\">Eduardo Falcone, diputado electo<\/cite><\/p><\/blockquote>\n<p>\u00abTenemos una agenda muy vertiginosa y compleja, porque no se le escapa a nadie que somos 37 diputados y tenemos que articular alianzas con otros bloques para que las leyes tengan sanci\u00f3n\u00bb, asegur\u00f3 el diputado electo.<\/p>\n<p>Por otro lado, Falcone consider\u00f3 que el Gobierno entrante de Javier Milei \u00abrepresenta una esperanza\u00bb,\u00a0<strong>aunque se\u00f1al\u00f3 que la sociedad \u00abno dar\u00e1 un cheque en blanco\u00bb<\/strong>.<\/p>\n<p>Adem\u00e1s, valor\u00f3 que \u00abuna fuerza nueva\u00bb como La Libertad Avanza haya \u00abcuestionado a todo el sistema\u00bb y sostuvo que \u00abel populismo no resolvi\u00f3 ning\u00fan problema, ni la pobreza ni la inflaci\u00f3n\u00bb.<\/p>\n<\/div>\n<div class=\"tags mt-4\"><\/div>\n<div class=\"sharedaddy sd-sharing-enabled\">\n<div class=\"robots-nocontent sd-block sd-social sd-social-icon sd-sharing\">\n<div class=\"sd-content\"><\/div>\n<\/div>\n<\/div>\n","protected":false},"excerpt":{"rendered":"<p>El diputado nacional electo por La Libertad Avanza (LLA) Eduardo Falcone sostuvo que, con la asunci\u00f3n del nuevo Gobierno el pr\u00f3ximo domingo, el Congreso tiene por delante\u00a0\u00abuna agenda legislativa muy vertiginosa y compleja\u00bb\u00a0en la que ser\u00e1 necesario \u00abarticular alianzas con otros bloques\u00bb.&nbsp; El legislador enfatiz\u00f3 que \u00ablo primero que va a hacer\u00bb el Congreso es \u00abtratar el paquete de leyes que env\u00ede el presidente\u00bb tras su asunci\u00f3n, en referencia a Javier Milei. \u00abLa urgencia es esa\u00bb, resumi\u00f3 el legislador electo en declaraciones formuladas esta ma\u00f1ana a Radio Splendid, en las&hellip;<\/p>\n","protected":false},"author":1,"featured_media":0,"comment_status":"open","ping_status":"closed","sticky":false,"template":"","format":"standard","meta":{"footnotes":""},"categories":[4],"tags":[],"class_list":["post-5491","post","type-post","status-publish","format-standard","hentry","category-interes-general"],"rttpg_featured_image_url":null,"rttpg_author":{"display_name":"rober","author_link":"https:\/\/livingmultimediosde.net.ar\/INDEX\/author\/rober\/"},"rttpg_comment":0,"rttpg_category":"<a href=\"https:\/\/livingmultimediosde.net.ar\/INDEX\/category\/interes-general\/\" rel=\"category tag\">INTERES GENERAL<\/a>","rttpg_excerpt":"El diputado nacional electo por La Libertad Avanza (LLA) Eduardo Falcone sostuvo que, con la asunci\u00f3n del nuevo Gobierno el pr\u00f3ximo domingo, el Congreso tiene por delante\u00a0\u00abuna agenda legislativa muy vertiginosa y compleja\u00bb\u00a0en la que ser\u00e1 necesario \u00abarticular alianzas con otros bloques\u00bb.&nbsp; El legislador enfatiz\u00f3 que \u00ablo primero que va a hacer\u00bb el Congreso es&hellip;","_links":{"self":[{"href":"https:\/\/livingmultimediosde.net.ar\/INDEX\/wp-json\/wp\/v2\/posts\/5491","targetHints":{"allow":["GET"]}}],"collection":[{"href":"https:\/\/livingmultimediosde.net.ar\/INDEX\/wp-json\/wp\/v2\/posts"}],"about":[{"href":"https:\/\/livingmultimediosde.net.ar\/INDEX\/wp-json\/wp\/v2\/types\/post"}],"author":[{"embeddable":true,"href":"https:\/\/livingmultimediosde.net.ar\/INDEX\/wp-json\/wp\/v2\/users\/1"}],"replies":[{"embeddable":true,"href":"https:\/\/livingmultimediosde.net.ar\/INDEX\/wp-json\/wp\/v2\/comments?post=5491"}],"version-history":[{"count":1,"href":"https:\/\/livingmultimediosde.net.ar\/INDEX\/wp-json\/wp\/v2\/posts\/5491\/revisions"}],"predecessor-version":[{"id":5493,"href":"https:\/\/livingmultimediosde.net.ar\/INDEX\/wp-json\/wp\/v2\/posts\/5491\/revisions\/5493"}],"wp:attachment":[{"href":"https:\/\/livingmultimediosde.net.ar\/INDEX\/wp-json\/wp\/v2\/media?parent=5491"}],"wp:term":[{"taxonomy":"category","embeddable":true,"href":"https:\/\/livingmultimediosde.net.ar\/INDEX\/wp-json\/wp\/v2\/categories?post=5491"},{"taxonomy":"post_tag","embeddable":true,"href":"https:\/\/livingmultimediosde.net.ar\/INDEX\/wp-json\/wp\/v2\/tags?post=5491"}],"curies":[{"name":"wp","href":"https:\/\/api.w.org\/{rel}","templated":true}]}}