{"id":5488,"date":"2023-12-05T03:28:10","date_gmt":"2023-12-05T03:28:10","guid":{"rendered":"https:\/\/livingmultimediosde.net.ar\/INDEX\/?p=5488"},"modified":"2023-12-05T03:28:10","modified_gmt":"2023-12-05T03:28:10","slug":"parques-y-paseos-de-la-municipalidad-intervino-ante-la-caida-de-arboles-por-la-tormenta","status":"publish","type":"post","link":"https:\/\/livingmultimediosde.net.ar\/INDEX\/2023\/12\/parques-y-paseos-de-la-municipalidad-intervino-ante-la-caida-de-arboles-por-la-tormenta\/","title":{"rendered":"Parques y Paseos de la Municipalidad intervino ante la ca\u00edda de \u00e1rboles por la tormenta"},"content":{"rendered":"<div class=\"entry-content\">\n<p>Empleados de la Direcci\u00f3n de Parques y Paseos de la Municipalidad de la Capital intervinieron durante el lunes para despejar algunas calles de la ciudad ante la ca\u00edda de ramas y \u00e1rboles, producida por la lluvia y el viento.<\/p>\n<p>Los operarios procedieron a retirar los restos de vegetaci\u00f3n ca\u00edda en el paseo Col\u00f3n, entre G\u00fcemes y S\u00e1enz Pe\u00f1a; en calle Las Urrejolas del barrio Jorge Newbery y en sectores del barrio Borges, donde se produjo la ca\u00edda de \u00e1rboles. Id\u00e9nticas tareas se cumplieron en el barrio Centro.<\/p>\n<p>Cabe destacar que este tipo de tareas se realizan peri\u00f3dicamente para evitar que las ramas y gajos con riesgo de ca\u00edda provoquen da\u00f1os en los transe\u00fantes o en los bienes de la v\u00eda p\u00fablica, con la utilizaci\u00f3n de gr\u00faas, palas cargadoras y camiones del municipio capitalino.<\/p>\n<\/div>\n","protected":false},"excerpt":{"rendered":"<p>Empleados de la Direcci\u00f3n de Parques y Paseos de la Municipalidad de la Capital intervinieron durante el lunes para despejar algunas calles de la ciudad ante la ca\u00edda de ramas y \u00e1rboles, producida por la lluvia y el viento. Los operarios procedieron a retirar los restos de vegetaci\u00f3n ca\u00edda en el paseo Col\u00f3n, entre G\u00fcemes y S\u00e1enz Pe\u00f1a; en calle Las Urrejolas del barrio Jorge Newbery y en sectores del barrio Borges, donde se produjo la ca\u00edda de \u00e1rboles. Id\u00e9nticas tareas se cumplieron en el barrio Centro. Cabe destacar que&hellip;<\/p>\n","protected":false},"author":1,"featured_media":0,"comment_status":"open","ping_status":"closed","sticky":false,"template":"","format":"standard","meta":{"footnotes":""},"categories":[1],"tags":[],"class_list":["post-5488","post","type-post","status-publish","format-standard","hentry","category-uncategorized"],"rttpg_featured_image_url":null,"rttpg_author":{"display_name":"rober","author_link":"https:\/\/livingmultimediosde.net.ar\/INDEX\/author\/rober\/"},"rttpg_comment":0,"rttpg_category":"<a href=\"https:\/\/livingmultimediosde.net.ar\/INDEX\/category\/uncategorized\/\" rel=\"category tag\">Uncategorized<\/a>","rttpg_excerpt":"Empleados de la Direcci\u00f3n de Parques y Paseos de la Municipalidad de la Capital intervinieron durante el lunes para despejar algunas calles de la ciudad ante la ca\u00edda de ramas y \u00e1rboles, producida por la lluvia y el viento. Los operarios procedieron a retirar los restos de vegetaci\u00f3n ca\u00edda en el paseo Col\u00f3n, entre G\u00fcemes&hellip;","_links":{"self":[{"href":"https:\/\/livingmultimediosde.net.ar\/INDEX\/wp-json\/wp\/v2\/posts\/5488","targetHints":{"allow":["GET"]}}],"collection":[{"href":"https:\/\/livingmultimediosde.net.ar\/INDEX\/wp-json\/wp\/v2\/posts"}],"about":[{"href":"https:\/\/livingmultimediosde.net.ar\/INDEX\/wp-json\/wp\/v2\/types\/post"}],"author":[{"embeddable":true,"href":"https:\/\/livingmultimediosde.net.ar\/INDEX\/wp-json\/wp\/v2\/users\/1"}],"replies":[{"embeddable":true,"href":"https:\/\/livingmultimediosde.net.ar\/INDEX\/wp-json\/wp\/v2\/comments?post=5488"}],"version-history":[{"count":1,"href":"https:\/\/livingmultimediosde.net.ar\/INDEX\/wp-json\/wp\/v2\/posts\/5488\/revisions"}],"predecessor-version":[{"id":5490,"href":"https:\/\/livingmultimediosde.net.ar\/INDEX\/wp-json\/wp\/v2\/posts\/5488\/revisions\/5490"}],"wp:attachment":[{"href":"https:\/\/livingmultimediosde.net.ar\/INDEX\/wp-json\/wp\/v2\/media?parent=5488"}],"wp:term":[{"taxonomy":"category","embeddable":true,"href":"https:\/\/livingmultimediosde.net.ar\/INDEX\/wp-json\/wp\/v2\/categories?post=5488"},{"taxonomy":"post_tag","embeddable":true,"href":"https:\/\/livingmultimediosde.net.ar\/INDEX\/wp-json\/wp\/v2\/tags?post=5488"}],"curies":[{"name":"wp","href":"https:\/\/api.w.org\/{rel}","templated":true}]}}