{"id":5482,"date":"2023-12-05T03:25:28","date_gmt":"2023-12-05T03:25:28","guid":{"rendered":"https:\/\/livingmultimediosde.net.ar\/INDEX\/?p=5482"},"modified":"2023-12-05T03:25:28","modified_gmt":"2023-12-05T03:25:28","slug":"el-equipo-femenino-de-hockey-de-paises-bajos-ya-esta-en-santiago","status":"publish","type":"post","link":"https:\/\/livingmultimediosde.net.ar\/INDEX\/2023\/12\/el-equipo-femenino-de-hockey-de-paises-bajos-ya-esta-en-santiago\/","title":{"rendered":"EL EQUIPO FEMENINO DE HOCKEY DE PA\u00cdSES BAJOS YA EST\u00c1 EN SANTIAGO"},"content":{"rendered":"<p>En las primeras horas de la noche de este lunes arrib\u00f3 a la capital santiague\u00f1a el Seleccionado Femenino de Hockey de Pa\u00edses Bajos.\u00a0 \u00a0Las jugadoras fueron recibidas por el secretario de Deportes y Recreaci\u00f3n, Carlos Dapello.<br \/>\nDesde este jueves 6 ser\u00e1 protagonista en la quinta edici\u00f3n de la FIH Pro League que se desarrollar\u00e1 hasta el 11 de diciembre en el Polideportivo Provincial, evento en el que tambi\u00e9n participar\u00e1n Argentina y Gran Breta\u00f1a con sus representativos en varones y mujeres.<\/p>\n","protected":false},"excerpt":{"rendered":"<p>En las primeras horas de la noche de este lunes arrib\u00f3 a la capital santiague\u00f1a el Seleccionado Femenino de Hockey de Pa\u00edses Bajos.\u00a0 \u00a0Las jugadoras fueron recibidas por el secretario de Deportes y Recreaci\u00f3n, Carlos Dapello. Desde este jueves 6 ser\u00e1 protagonista en la quinta edici\u00f3n de la FIH Pro League que se desarrollar\u00e1 hasta el 11 de diciembre en el Polideportivo Provincial, evento en el que tambi\u00e9n participar\u00e1n Argentina y Gran Breta\u00f1a con sus representativos en varones y mujeres.<\/p>\n","protected":false},"author":1,"featured_media":0,"comment_status":"open","ping_status":"closed","sticky":false,"template":"","format":"standard","meta":{"footnotes":""},"categories":[1],"tags":[],"class_list":["post-5482","post","type-post","status-publish","format-standard","hentry","category-uncategorized"],"rttpg_featured_image_url":null,"rttpg_author":{"display_name":"rober","author_link":"https:\/\/livingmultimediosde.net.ar\/INDEX\/author\/rober\/"},"rttpg_comment":0,"rttpg_category":"<a href=\"https:\/\/livingmultimediosde.net.ar\/INDEX\/category\/uncategorized\/\" rel=\"category tag\">Uncategorized<\/a>","rttpg_excerpt":"En las primeras horas de la noche de este lunes arrib\u00f3 a la capital santiague\u00f1a el Seleccionado Femenino de Hockey de Pa\u00edses Bajos.\u00a0 \u00a0Las jugadoras fueron recibidas por el secretario de Deportes y Recreaci\u00f3n, Carlos Dapello. Desde este jueves 6 ser\u00e1 protagonista en la quinta edici\u00f3n de la FIH Pro League que se desarrollar\u00e1 hasta&hellip;","_links":{"self":[{"href":"https:\/\/livingmultimediosde.net.ar\/INDEX\/wp-json\/wp\/v2\/posts\/5482","targetHints":{"allow":["GET"]}}],"collection":[{"href":"https:\/\/livingmultimediosde.net.ar\/INDEX\/wp-json\/wp\/v2\/posts"}],"about":[{"href":"https:\/\/livingmultimediosde.net.ar\/INDEX\/wp-json\/wp\/v2\/types\/post"}],"author":[{"embeddable":true,"href":"https:\/\/livingmultimediosde.net.ar\/INDEX\/wp-json\/wp\/v2\/users\/1"}],"replies":[{"embeddable":true,"href":"https:\/\/livingmultimediosde.net.ar\/INDEX\/wp-json\/wp\/v2\/comments?post=5482"}],"version-history":[{"count":1,"href":"https:\/\/livingmultimediosde.net.ar\/INDEX\/wp-json\/wp\/v2\/posts\/5482\/revisions"}],"predecessor-version":[{"id":5484,"href":"https:\/\/livingmultimediosde.net.ar\/INDEX\/wp-json\/wp\/v2\/posts\/5482\/revisions\/5484"}],"wp:attachment":[{"href":"https:\/\/livingmultimediosde.net.ar\/INDEX\/wp-json\/wp\/v2\/media?parent=5482"}],"wp:term":[{"taxonomy":"category","embeddable":true,"href":"https:\/\/livingmultimediosde.net.ar\/INDEX\/wp-json\/wp\/v2\/categories?post=5482"},{"taxonomy":"post_tag","embeddable":true,"href":"https:\/\/livingmultimediosde.net.ar\/INDEX\/wp-json\/wp\/v2\/tags?post=5482"}],"curies":[{"name":"wp","href":"https:\/\/api.w.org\/{rel}","templated":true}]}}