{"id":5479,"date":"2023-12-05T03:23:24","date_gmt":"2023-12-05T03:23:24","guid":{"rendered":"https:\/\/livingmultimediosde.net.ar\/INDEX\/?p=5479"},"modified":"2023-12-05T03:23:24","modified_gmt":"2023-12-05T03:23:24","slug":"el-seleccionado-masculino-de-paises-bajos-de-hockey-llego-a-santiago","status":"publish","type":"post","link":"https:\/\/livingmultimediosde.net.ar\/INDEX\/2023\/12\/el-seleccionado-masculino-de-paises-bajos-de-hockey-llego-a-santiago\/","title":{"rendered":"EL SELECCIONADO MASCULINO DE PA\u00cdSES BAJOS DE HOCKEY LLEG\u00d3 A SANTIAGO"},"content":{"rendered":"<p>Este lunes pasado el mediod\u00eda arrib\u00f3 el seleccionado masculino de hockey de Pa\u00edses Bajos para participar de la Pro League que se desarrollar\u00e1 en la provincia del 6 al 11 de diciembre, organizado por la Federaci\u00f3n Internacional de Hockey (FIH).<br \/>\nRecibieron la bienvenida del secretario de Deportes de la provincia, Carlos Dapello, y la directora del Estadio Provincial, Mariana Garc\u00eda. Es el pen\u00faltimo equipo que llega a suelo santiague\u00f1o para participar del certamen.<br \/>\nPara la tarde noche de este lunes se espera la llegada de la selecci\u00f3n femenina de Pa\u00edses Bajos completando los seleccionados que dar\u00e1n inicio a la quinta edici\u00f3n de la FIH Pro League.<\/p>\n","protected":false},"excerpt":{"rendered":"<p>Este lunes pasado el mediod\u00eda arrib\u00f3 el seleccionado masculino de hockey de Pa\u00edses Bajos para participar de la Pro League que se desarrollar\u00e1 en la provincia del 6 al 11 de diciembre, organizado por la Federaci\u00f3n Internacional de Hockey (FIH). Recibieron la bienvenida del secretario de Deportes de la provincia, Carlos Dapello, y la directora del Estadio Provincial, Mariana Garc\u00eda. Es el pen\u00faltimo equipo que llega a suelo santiague\u00f1o para participar del certamen. Para la tarde noche de este lunes se espera la llegada de la selecci\u00f3n femenina de Pa\u00edses&hellip;<\/p>\n","protected":false},"author":1,"featured_media":0,"comment_status":"open","ping_status":"closed","sticky":false,"template":"","format":"standard","meta":{"footnotes":""},"categories":[1],"tags":[],"class_list":["post-5479","post","type-post","status-publish","format-standard","hentry","category-uncategorized"],"rttpg_featured_image_url":null,"rttpg_author":{"display_name":"rober","author_link":"https:\/\/livingmultimediosde.net.ar\/INDEX\/author\/rober\/"},"rttpg_comment":0,"rttpg_category":"<a href=\"https:\/\/livingmultimediosde.net.ar\/INDEX\/category\/uncategorized\/\" rel=\"category tag\">Uncategorized<\/a>","rttpg_excerpt":"Este lunes pasado el mediod\u00eda arrib\u00f3 el seleccionado masculino de hockey de Pa\u00edses Bajos para participar de la Pro League que se desarrollar\u00e1 en la provincia del 6 al 11 de diciembre, organizado por la Federaci\u00f3n Internacional de Hockey (FIH). Recibieron la bienvenida del secretario de Deportes de la provincia, Carlos Dapello, y la directora&hellip;","_links":{"self":[{"href":"https:\/\/livingmultimediosde.net.ar\/INDEX\/wp-json\/wp\/v2\/posts\/5479","targetHints":{"allow":["GET"]}}],"collection":[{"href":"https:\/\/livingmultimediosde.net.ar\/INDEX\/wp-json\/wp\/v2\/posts"}],"about":[{"href":"https:\/\/livingmultimediosde.net.ar\/INDEX\/wp-json\/wp\/v2\/types\/post"}],"author":[{"embeddable":true,"href":"https:\/\/livingmultimediosde.net.ar\/INDEX\/wp-json\/wp\/v2\/users\/1"}],"replies":[{"embeddable":true,"href":"https:\/\/livingmultimediosde.net.ar\/INDEX\/wp-json\/wp\/v2\/comments?post=5479"}],"version-history":[{"count":1,"href":"https:\/\/livingmultimediosde.net.ar\/INDEX\/wp-json\/wp\/v2\/posts\/5479\/revisions"}],"predecessor-version":[{"id":5481,"href":"https:\/\/livingmultimediosde.net.ar\/INDEX\/wp-json\/wp\/v2\/posts\/5479\/revisions\/5481"}],"wp:attachment":[{"href":"https:\/\/livingmultimediosde.net.ar\/INDEX\/wp-json\/wp\/v2\/media?parent=5479"}],"wp:term":[{"taxonomy":"category","embeddable":true,"href":"https:\/\/livingmultimediosde.net.ar\/INDEX\/wp-json\/wp\/v2\/categories?post=5479"},{"taxonomy":"post_tag","embeddable":true,"href":"https:\/\/livingmultimediosde.net.ar\/INDEX\/wp-json\/wp\/v2\/tags?post=5479"}],"curies":[{"name":"wp","href":"https:\/\/api.w.org\/{rel}","templated":true}]}}