{"id":5473,"date":"2023-12-04T13:43:29","date_gmt":"2023-12-04T13:43:29","guid":{"rendered":"https:\/\/livingmultimediosde.net.ar\/INDEX\/?p=5473"},"modified":"2023-12-04T13:43:29","modified_gmt":"2023-12-04T13:43:29","slug":"kicillof-buenos-aires-es-la-provincia-mas-perjudicada-por-la-quita-de-la-coparticipacion","status":"publish","type":"post","link":"https:\/\/livingmultimediosde.net.ar\/INDEX\/2023\/12\/kicillof-buenos-aires-es-la-provincia-mas-perjudicada-por-la-quita-de-la-coparticipacion\/","title":{"rendered":"Kicillof: \u00abBuenos Aires es la provincia m\u00e1s perjudicada\u00bb por la quita de la coparticipaci\u00f3n"},"content":{"rendered":"<div class=\"paragraph\">El gobernador bonaerense,\u00a0<strong>Axel Kicillof<\/strong>, afirm\u00f3 que la provincia que gobierna y al frente de la cual fue reelecto en las elecciones del 22 de octubre pasado es la m\u00e1s perjudicada en materia de coparticipaci\u00f3n en proporci\u00f3n a la cantidad de habitantes.<\/p>\n<p><strong>\u00abLa provincia de Buenos Aires es la m\u00e1s perjudicada en materia de coparticipaci\u00f3n: aporta cerca del 40% de los fondos y recibe apenas un 22%\u00bb<\/strong>, destac\u00f3 Kicillof en un mensaje difundido por medio de sus redes sociales.<\/p>\n<div class=\"twitter-tweet twitter-tweet-rendered\"><iframe data-src=\"https:\/\/platform.twitter.com\/embed\/Tweet.html?creatorScreenName=agenciatelam&amp;dnt=false&amp;embedId=twitter-widget-0&amp;features=eyJ0ZndfdGltZWxpbmVfbGlzdCI6eyJidWNrZXQiOltdLCJ2ZXJzaW9uIjpudWxsfSwidGZ3X2ZvbGxvd2VyX2NvdW50X3N1bnNldCI6eyJidWNrZXQiOnRydWUsInZlcnNpb24iOm51bGx9LCJ0ZndfdHdlZXRfZWRpdF9iYWNrZW5kIjp7ImJ1Y2tldCI6Im9uIiwidmVyc2lvbiI6bnVsbH0sInRmd19yZWZzcmNfc2Vzc2lvbiI6eyJidWNrZXQiOiJvbiIsInZlcnNpb24iOm51bGx9LCJ0ZndfZm9zbnJfc29mdF9pbnRlcnZlbnRpb25zX2VuYWJsZWQiOnsiYnVja2V0Ijoib24iLCJ2ZXJzaW9uIjpudWxsfSwidGZ3X21peGVkX21lZGlhXzE1ODk3Ijp7ImJ1Y2tldCI6InRyZWF0bWVudCIsInZlcnNpb24iOm51bGx9LCJ0ZndfZXhwZXJpbWVudHNfY29va2llX2V4cGlyYXRpb24iOnsiYnVja2V0IjoxMjA5NjAwLCJ2ZXJzaW9uIjpudWxsfSwidGZ3X3Nob3dfYmlyZHdhdGNoX3Bpdm90c19lbmFibGVkIjp7ImJ1Y2tldCI6Im9uIiwidmVyc2lvbiI6bnVsbH0sInRmd19kdXBsaWNhdGVfc2NyaWJlc190b19zZXR0aW5ncyI6eyJidWNrZXQiOiJvbiIsInZlcnNpb24iOm51bGx9LCJ0ZndfdXNlX3Byb2ZpbGVfaW1hZ2Vfc2hhcGVfZW5hYmxlZCI6eyJidWNrZXQiOiJvbiIsInZlcnNpb24iOm51bGx9LCJ0ZndfdmlkZW9faGxzX2R5bmFtaWNfbWFuaWZlc3RzXzE1MDgyIjp7ImJ1Y2tldCI6InRydWVfYml0cmF0ZSIsInZlcnNpb24iOm51bGx9LCJ0ZndfbGVnYWN5X3RpbWVsaW5lX3N1bnNldCI6eyJidWNrZXQiOnRydWUsInZlcnNpb24iOm51bGx9LCJ0ZndfdHdlZXRfZWRpdF9mcm9udGVuZCI6eyJidWNrZXQiOiJvbiIsInZlcnNpb24iOm51bGx9fQ%3D%3D&amp;frame=false&amp;hideCard=false&amp;hideThread=false&amp;id=1731314194337673364&amp;lang=es&amp;origin=https%3A%2F%2Fwww.telam.com.ar%2Fnotas%2F202312%2F648489-coparticipacin-buenos-aires-kicillof.html&amp;sessionId=24cb61453f5db7dfe6d948588e209e16aab1c1e4&amp;siteScreenName=agenciatelam&amp;theme=light&amp;widgetsVersion=01917f4d1d4cb%3A1696883169554&amp;width=550px\" id=\"twitter-widget-0\" class=\"lazyload\" title=\"Twitter Tweet\"  frameborder=\"0\" scrolling=\"no\" allowfullscreen=\"allowfullscreen\" data-tweet-id=\"1731314194337673364\" data-mce-fragment=\"1\"><\/iframe><\/div>\n<p>El gobernador provincial sostuvo que \u00aben proporci\u00f3n a la cantidad de habitantes\u00bb que habitan Buenos Aires, unas 17,5 millones de personas seg\u00fan el \u00faltimo Censo, es la \u00abjurisdicci\u00f3n que menos gasta y que menos empleados p\u00fablicos tiene\u00bb.<\/p>\n<p>En tanto<strong>, Kicillof advirti\u00f3 que durante el gobierno del electo presidente, Javier Milei, continuar\u00e1 peleando por los recursos de la provincia\u00a0<\/strong>porque \u00abson fundamentales para afrontar todo lo que falta para que las y los bonaerenses vivan mejor\u00bb, concluy\u00f3.<\/p>\n<p>El mandatario bonaerense mantuvo as\u00ed la postura que expres\u00f3 el jueves \u00faltimo al participar de la 29a. Conferencia de la Uni\u00f3n Industrial Argentina (UIA).<\/p>\n<p>All\u00ed,\u00a0<strong>Kicillof expres\u00f3 que durante el segundo mandato al frente de la provincia sostendr\u00e1 el \u00abcompromiso\u00bb de \u00abseguir defendiendo el aparato productivo\u00bb\u00a0<\/strong>por medio del \u00abcr\u00e9dito, la obra p\u00fablica y la infraestructura\u00bb.<\/div>\n<div class=\"tags mt-4\"><\/div>\n","protected":false},"excerpt":{"rendered":"<p>El gobernador bonaerense,\u00a0Axel Kicillof, afirm\u00f3 que la provincia que gobierna y al frente de la cual fue reelecto en las elecciones del 22 de octubre pasado es la m\u00e1s perjudicada en materia de coparticipaci\u00f3n en proporci\u00f3n a la cantidad de habitantes. \u00abLa provincia de Buenos Aires es la m\u00e1s perjudicada en materia de coparticipaci\u00f3n: aporta cerca del 40% de los fondos y recibe apenas un 22%\u00bb, destac\u00f3 Kicillof en un mensaje difundido por medio de sus redes sociales. El gobernador provincial sostuvo que \u00aben proporci\u00f3n a la cantidad de habitantes\u00bb&hellip;<\/p>\n","protected":false},"author":1,"featured_media":0,"comment_status":"open","ping_status":"closed","sticky":false,"template":"","format":"standard","meta":{"footnotes":""},"categories":[4],"tags":[],"class_list":["post-5473","post","type-post","status-publish","format-standard","hentry","category-interes-general"],"rttpg_featured_image_url":null,"rttpg_author":{"display_name":"rober","author_link":"https:\/\/livingmultimediosde.net.ar\/INDEX\/author\/rober\/"},"rttpg_comment":0,"rttpg_category":"<a href=\"https:\/\/livingmultimediosde.net.ar\/INDEX\/category\/interes-general\/\" rel=\"category tag\">INTERES GENERAL<\/a>","rttpg_excerpt":"El gobernador bonaerense,\u00a0Axel Kicillof, afirm\u00f3 que la provincia que gobierna y al frente de la cual fue reelecto en las elecciones del 22 de octubre pasado es la m\u00e1s perjudicada en materia de coparticipaci\u00f3n en proporci\u00f3n a la cantidad de habitantes. \u00abLa provincia de Buenos Aires es la m\u00e1s perjudicada en materia de coparticipaci\u00f3n: aporta&hellip;","_links":{"self":[{"href":"https:\/\/livingmultimediosde.net.ar\/INDEX\/wp-json\/wp\/v2\/posts\/5473","targetHints":{"allow":["GET"]}}],"collection":[{"href":"https:\/\/livingmultimediosde.net.ar\/INDEX\/wp-json\/wp\/v2\/posts"}],"about":[{"href":"https:\/\/livingmultimediosde.net.ar\/INDEX\/wp-json\/wp\/v2\/types\/post"}],"author":[{"embeddable":true,"href":"https:\/\/livingmultimediosde.net.ar\/INDEX\/wp-json\/wp\/v2\/users\/1"}],"replies":[{"embeddable":true,"href":"https:\/\/livingmultimediosde.net.ar\/INDEX\/wp-json\/wp\/v2\/comments?post=5473"}],"version-history":[{"count":1,"href":"https:\/\/livingmultimediosde.net.ar\/INDEX\/wp-json\/wp\/v2\/posts\/5473\/revisions"}],"predecessor-version":[{"id":5476,"href":"https:\/\/livingmultimediosde.net.ar\/INDEX\/wp-json\/wp\/v2\/posts\/5473\/revisions\/5476"}],"wp:attachment":[{"href":"https:\/\/livingmultimediosde.net.ar\/INDEX\/wp-json\/wp\/v2\/media?parent=5473"}],"wp:term":[{"taxonomy":"category","embeddable":true,"href":"https:\/\/livingmultimediosde.net.ar\/INDEX\/wp-json\/wp\/v2\/categories?post=5473"},{"taxonomy":"post_tag","embeddable":true,"href":"https:\/\/livingmultimediosde.net.ar\/INDEX\/wp-json\/wp\/v2\/tags?post=5473"}],"curies":[{"name":"wp","href":"https:\/\/api.w.org\/{rel}","templated":true}]}}