{"id":5133,"date":"2023-11-17T12:58:51","date_gmt":"2023-11-17T12:58:51","guid":{"rendered":"https:\/\/livingmultimediosde.net.ar\/INDEX\/?p=5133"},"modified":"2023-11-17T12:58:51","modified_gmt":"2023-11-17T12:58:51","slug":"la-municipalidad-y-entidades-locales-comenzaron-a-trabajar-en-la-nueva-edicion-de-la-campana-navidad-ecologica","status":"publish","type":"post","link":"https:\/\/livingmultimediosde.net.ar\/INDEX\/2023\/11\/la-municipalidad-y-entidades-locales-comenzaron-a-trabajar-en-la-nueva-edicion-de-la-campana-navidad-ecologica\/","title":{"rendered":"La Municipalidad y entidades locales comenzaron a trabajar en la nueva edici\u00f3n de la campa\u00f1a Navidad Ecol\u00f3gica"},"content":{"rendered":"<p>En el marco de la campa\u00f1a \u201cPor una Navidad Ecol\u00f3gica\u201d que impulsa la Municipalidad de la Capital, comenzaron en el Parque Sur las tareas de limpieza, clasificaci\u00f3n y recorte de los envases pl\u00e1sticos que se destinar\u00e1n al armado del \u00e1rbol navide\u00f1o y la ornamentaci\u00f3n de la ciudad.<\/p>\n<p>Los trabajos est\u00e1n a cargo de un grupo de artesanos y artistas locales, quienes se encuentran elaborando esferas y otros adornos navide\u00f1os \u00edntegramente con botellas recicladas, que embellecer\u00e1n la ciudad durante la \u00e9poca de las fiestas de fin de a\u00f1o.<\/p>\n<p>La iniciativa busca promover la reutilizaci\u00f3n de los residuos urbanos, en articulaci\u00f3n con ONGs, jardines de infantes municipales, centros vecinales y dem\u00e1s entidades de la sociedad civil que participan de la recepci\u00f3n de los envases para sacarlos de circulaci\u00f3n a trav\u00e9s de puntos de eco canje.<\/p>\n<p>En este sentido, Lucrecia Gim\u00e9nez de la asociaci\u00f3n Siminisqa, indic\u00f3 que \u00ablos vecinos pueden cambiar diez envases limpios, sin etiquetas y con tapas por especies arb\u00f3reas para ser plantadas en las veredas de sus domicilios, incrementando as\u00ed el patrimonio forestal de la ciudad\u00bb.<\/p>\n<p>Adem\u00e1s, destac\u00f3 que una vez desarmadas las ornamentaciones cuando terminen las fiestas, los envases pl\u00e1sticos ser\u00e1n utilizados para la elaboraci\u00f3n de ladrillos ecol\u00f3gicos en el marco del programa de construcciones que desarrolla el IPVU.<\/p>\n<p>Las botellas pl\u00e1sticas de cualquier tama\u00f1o y color se reciben en el Parque Sur (detr\u00e1s del Sal\u00f3n \u00d3valo), el Parque Norte (Block 1) y la Direcci\u00f3n de Desarrollo Comunitario de la municipalidad (Absal\u00f3n Rojas 248).<\/p>\n","protected":false},"excerpt":{"rendered":"<p>En el marco de la campa\u00f1a \u201cPor una Navidad Ecol\u00f3gica\u201d que impulsa la Municipalidad de la Capital, comenzaron en el Parque Sur las tareas de limpieza, clasificaci\u00f3n y recorte de los envases pl\u00e1sticos que se destinar\u00e1n al armado del \u00e1rbol navide\u00f1o y la ornamentaci\u00f3n de la ciudad. Los trabajos est\u00e1n a cargo de un grupo de artesanos y artistas locales, quienes se encuentran elaborando esferas y otros adornos navide\u00f1os \u00edntegramente con botellas recicladas, que embellecer\u00e1n la ciudad durante la \u00e9poca de las fiestas de fin de a\u00f1o. La iniciativa busca&hellip;<\/p>\n","protected":false},"author":1,"featured_media":0,"comment_status":"open","ping_status":"closed","sticky":false,"template":"","format":"standard","meta":{"footnotes":""},"categories":[1],"tags":[],"class_list":["post-5133","post","type-post","status-publish","format-standard","hentry","category-uncategorized"],"rttpg_featured_image_url":null,"rttpg_author":{"display_name":"rober","author_link":"https:\/\/livingmultimediosde.net.ar\/INDEX\/author\/rober\/"},"rttpg_comment":0,"rttpg_category":"<a href=\"https:\/\/livingmultimediosde.net.ar\/INDEX\/category\/uncategorized\/\" rel=\"category tag\">Uncategorized<\/a>","rttpg_excerpt":"En el marco de la campa\u00f1a \u201cPor una Navidad Ecol\u00f3gica\u201d que impulsa la Municipalidad de la Capital, comenzaron en el Parque Sur las tareas de limpieza, clasificaci\u00f3n y recorte de los envases pl\u00e1sticos que se destinar\u00e1n al armado del \u00e1rbol navide\u00f1o y la ornamentaci\u00f3n de la ciudad. Los trabajos est\u00e1n a cargo de un grupo&hellip;","_links":{"self":[{"href":"https:\/\/livingmultimediosde.net.ar\/INDEX\/wp-json\/wp\/v2\/posts\/5133","targetHints":{"allow":["GET"]}}],"collection":[{"href":"https:\/\/livingmultimediosde.net.ar\/INDEX\/wp-json\/wp\/v2\/posts"}],"about":[{"href":"https:\/\/livingmultimediosde.net.ar\/INDEX\/wp-json\/wp\/v2\/types\/post"}],"author":[{"embeddable":true,"href":"https:\/\/livingmultimediosde.net.ar\/INDEX\/wp-json\/wp\/v2\/users\/1"}],"replies":[{"embeddable":true,"href":"https:\/\/livingmultimediosde.net.ar\/INDEX\/wp-json\/wp\/v2\/comments?post=5133"}],"version-history":[{"count":1,"href":"https:\/\/livingmultimediosde.net.ar\/INDEX\/wp-json\/wp\/v2\/posts\/5133\/revisions"}],"predecessor-version":[{"id":5136,"href":"https:\/\/livingmultimediosde.net.ar\/INDEX\/wp-json\/wp\/v2\/posts\/5133\/revisions\/5136"}],"wp:attachment":[{"href":"https:\/\/livingmultimediosde.net.ar\/INDEX\/wp-json\/wp\/v2\/media?parent=5133"}],"wp:term":[{"taxonomy":"category","embeddable":true,"href":"https:\/\/livingmultimediosde.net.ar\/INDEX\/wp-json\/wp\/v2\/categories?post=5133"},{"taxonomy":"post_tag","embeddable":true,"href":"https:\/\/livingmultimediosde.net.ar\/INDEX\/wp-json\/wp\/v2\/tags?post=5133"}],"curies":[{"name":"wp","href":"https:\/\/api.w.org\/{rel}","templated":true}]}}