{"id":5120,"date":"2023-11-16T16:43:20","date_gmt":"2023-11-16T16:43:20","guid":{"rendered":"https:\/\/livingmultimediosde.net.ar\/INDEX\/?p=5120"},"modified":"2023-11-16T16:43:20","modified_gmt":"2023-11-16T16:43:20","slug":"zamora-se-reunio-con-autoridades-del-comando-electoral","status":"publish","type":"post","link":"https:\/\/livingmultimediosde.net.ar\/INDEX\/2023\/11\/zamora-se-reunio-con-autoridades-del-comando-electoral\/","title":{"rendered":"Zamora se reuni\u00f3 con autoridades del Comando Electoral"},"content":{"rendered":"<p>El gobernador Gerardo Zamora recibi\u00f3 este mi\u00e9rcoles en Casa de Gobierno la visita de las autoridades del Comando Electoral, integradas por el comodoro Gabriel Otero; el vicecomodoro Javier Stafulki; el jefe de Personal, mayor Enzo Velardez; de la Asesor\u00eda Jur\u00eddica, capit\u00e1n Mart\u00edn D\u00edaz y los suboficiales principales Mar\u00eda Jos\u00e9 Gigena y Sergio Ochoa.<br \/>\nEn la reuni\u00f3n se coordin\u00f3 el trabajo con vistas a las elecciones nacionales del 19 de noviembre.<br \/>\nTambi\u00e9n particip\u00f3 la ministra de Justicia, Matilde O\u2019Mill.<br \/>\nTras el encuentro, Otero destac\u00f3 la predisposici\u00f3n del gobernador y de las fuerzas de seguridad de la provincia para trabajar en forma conjunta para que el proceso electoral se desarrolle con normalidad.<\/p>\n","protected":false},"excerpt":{"rendered":"<p>El gobernador Gerardo Zamora recibi\u00f3 este mi\u00e9rcoles en Casa de Gobierno la visita de las autoridades del Comando Electoral, integradas por el comodoro Gabriel Otero; el vicecomodoro Javier Stafulki; el jefe de Personal, mayor Enzo Velardez; de la Asesor\u00eda Jur\u00eddica, capit\u00e1n Mart\u00edn D\u00edaz y los suboficiales principales Mar\u00eda Jos\u00e9 Gigena y Sergio Ochoa. En la reuni\u00f3n se coordin\u00f3 el trabajo con vistas a las elecciones nacionales del 19 de noviembre. Tambi\u00e9n particip\u00f3 la ministra de Justicia, Matilde O\u2019Mill. Tras el encuentro, Otero destac\u00f3 la predisposici\u00f3n del gobernador y de las&hellip;<\/p>\n","protected":false},"author":1,"featured_media":0,"comment_status":"open","ping_status":"closed","sticky":false,"template":"","format":"standard","meta":{"footnotes":""},"categories":[1],"tags":[],"class_list":["post-5120","post","type-post","status-publish","format-standard","hentry","category-uncategorized"],"rttpg_featured_image_url":null,"rttpg_author":{"display_name":"rober","author_link":"https:\/\/livingmultimediosde.net.ar\/INDEX\/author\/rober\/"},"rttpg_comment":0,"rttpg_category":"<a href=\"https:\/\/livingmultimediosde.net.ar\/INDEX\/category\/uncategorized\/\" rel=\"category tag\">Uncategorized<\/a>","rttpg_excerpt":"El gobernador Gerardo Zamora recibi\u00f3 este mi\u00e9rcoles en Casa de Gobierno la visita de las autoridades del Comando Electoral, integradas por el comodoro Gabriel Otero; el vicecomodoro Javier Stafulki; el jefe de Personal, mayor Enzo Velardez; de la Asesor\u00eda Jur\u00eddica, capit\u00e1n Mart\u00edn D\u00edaz y los suboficiales principales Mar\u00eda Jos\u00e9 Gigena y Sergio Ochoa. En la&hellip;","_links":{"self":[{"href":"https:\/\/livingmultimediosde.net.ar\/INDEX\/wp-json\/wp\/v2\/posts\/5120","targetHints":{"allow":["GET"]}}],"collection":[{"href":"https:\/\/livingmultimediosde.net.ar\/INDEX\/wp-json\/wp\/v2\/posts"}],"about":[{"href":"https:\/\/livingmultimediosde.net.ar\/INDEX\/wp-json\/wp\/v2\/types\/post"}],"author":[{"embeddable":true,"href":"https:\/\/livingmultimediosde.net.ar\/INDEX\/wp-json\/wp\/v2\/users\/1"}],"replies":[{"embeddable":true,"href":"https:\/\/livingmultimediosde.net.ar\/INDEX\/wp-json\/wp\/v2\/comments?post=5120"}],"version-history":[{"count":1,"href":"https:\/\/livingmultimediosde.net.ar\/INDEX\/wp-json\/wp\/v2\/posts\/5120\/revisions"}],"predecessor-version":[{"id":5123,"href":"https:\/\/livingmultimediosde.net.ar\/INDEX\/wp-json\/wp\/v2\/posts\/5120\/revisions\/5123"}],"wp:attachment":[{"href":"https:\/\/livingmultimediosde.net.ar\/INDEX\/wp-json\/wp\/v2\/media?parent=5120"}],"wp:term":[{"taxonomy":"category","embeddable":true,"href":"https:\/\/livingmultimediosde.net.ar\/INDEX\/wp-json\/wp\/v2\/categories?post=5120"},{"taxonomy":"post_tag","embeddable":true,"href":"https:\/\/livingmultimediosde.net.ar\/INDEX\/wp-json\/wp\/v2\/tags?post=5120"}],"curies":[{"name":"wp","href":"https:\/\/api.w.org\/{rel}","templated":true}]}}