{"id":5109,"date":"2023-11-15T14:27:41","date_gmt":"2023-11-15T14:27:41","guid":{"rendered":"https:\/\/livingmultimediosde.net.ar\/INDEX\/?p=5109"},"modified":"2023-11-15T14:27:41","modified_gmt":"2023-11-15T14:27:41","slug":"la-defensoria-inicio-una-campana-de-prevencion-en-el-dia-mundial-sin-alcohol","status":"publish","type":"post","link":"https:\/\/livingmultimediosde.net.ar\/INDEX\/2023\/11\/la-defensoria-inicio-una-campana-de-prevencion-en-el-dia-mundial-sin-alcohol\/","title":{"rendered":"La Defensor\u00eda inici\u00f3 una campa\u00f1a de prevenci\u00f3n en el D\u00eda Mundial Sin Alcohol"},"content":{"rendered":"<p>En el marco del D\u00eda Mundial Sin Alcohol, el Observatorio de Adicciones y Consumos Problem\u00e1ticos de la Defensor\u00eda del Pueblo bonaerense inici\u00f3 una campa\u00f1a de prevenci\u00f3n que incluye una\u00a0<strong>gu\u00eda con una serie de recomendaciones para propiciar di\u00e1logos<\/strong>\u00a0en las familias vinculados con los riesgos para ni\u00f1os, ni\u00f1as y adolescentes (NNyA).<\/p>\n<p>La gu\u00eda surge como respuesta ante algunos de los resultados obtenidos por distintos estudios de campo realizados por el Observatorio.<\/p>\n<p>Concretamente, ante una consulta espec\u00edfica referida sobre qu\u00e9 har\u00edan primero ante un caso de consumo problem\u00e1tico de alcohol, m\u00e1s de 1.000 j\u00f3venes escolarizados y encuestados en el a\u00f1o 2021,\u00a0<strong>eligieron la opci\u00f3n \u00ablo hablar\u00eda con mi familia\u00bb<\/strong>\u00a0como primera opci\u00f3n.<\/p>\n<p>La segunda y tercera opci\u00f3n con m\u00e1s menciones fueron: \u00abbuscar\u00eda ayuda m\u00e9dica\u00bb y \u00ablo hablar\u00eda con mis amigos\/as\u00bb.<\/p>\n<p>\u00abEn la gu\u00eda destacamos que los entornos familiares, sea cual fuere su particular configuraci\u00f3n, juegan un papel central en la vida de los ni\u00f1os, ni\u00f1as y adolescentes. Por eso su fortalecimiento como espacios de contenci\u00f3n, afecto, di\u00e1logo y respeto es quiz\u00e1s la clave principal de cualquier tarea preventiva, de protecci\u00f3n y de gesti\u00f3n de riesgo, muy particularmente, de riesgo social\u00bb, explicaron Magdalena Miceli y Juan Gossen, integrantes del Observatorio que participaron en la elaboraci\u00f3n de la campa\u00f1a junto a Walter Arias, secretario de la Promoci\u00f3n de Derechos de Familias Vulnerables de la Defensor\u00eda.<\/p>\n<p>Algunas<strong>\u00a0sugerencias para el abordaje intrafamiliar sobre el exceso en el consumo de alcohol<\/strong>\u00a0son mostrar cercan\u00eda; mantener comunicaci\u00f3n con las y los NNyA; resultar razonables y confiables, mostrarnos comprensibles y solidarios.<\/p>\n<p>Adem\u00e1s, como es probable que los ni\u00f1os y adolescentes tengan o sientan en alg\u00fan momento alg\u00fan tipo presi\u00f3n de su propios pares, en sus grupos de pertenencia, para beber alcohol,<strong>\u00a0es preciso hablar sobre los riesgos de consumir alcohol a temprana edad\u00a0<\/strong>y demorar lo m\u00e1ximo posible el inicio en este consumo es cuidar su salud y es un factor clave en la estrategia de prevenci\u00f3n.<\/p>\n<p>Se recomend\u00f3 \u00abdejar que las y los adolescentes se expresen sobre este asunto sin prejuzgar y valorar su punto de vista, tratando de estimular su esp\u00edritu cr\u00edtico\u00bb, as\u00ed como \u00abredoblar esfuerzos individualmente y en alianza con otros adultos por rechazar la forma de beber compulsivamente\u00bb.<\/p>\n<p>Ante alguna salida o actividad donde pueda haber consumo de alcohol, se propuso \u00abadelantar que se va a estar atentos a ver c\u00f3mo vuelve, c\u00f3mo le ha ido en el evento, no por desconfianza, sino porque es una preocupaci\u00f3n sincera\u00bb.<\/p>\n<p>\u00abEs importante limitar la cantidad de dinero que se le da a los adolescentes. Es mejor dar poco y a menudo, que mucho y de golpe\u00bb, se indic\u00f3 desde el \u00e1rea y se destac\u00f3 la importancia de \u00abtener di\u00e1logo continuo con otros cuidadores\/padres\/madres de los chicos\/as que comparten a diario con nuestros hijos\/as\u00bb.<\/p>\n","protected":false},"excerpt":{"rendered":"<p>En el marco del D\u00eda Mundial Sin Alcohol, el Observatorio de Adicciones y Consumos Problem\u00e1ticos de la Defensor\u00eda del Pueblo bonaerense inici\u00f3 una campa\u00f1a de prevenci\u00f3n que incluye una\u00a0gu\u00eda con una serie de recomendaciones para propiciar di\u00e1logos\u00a0en las familias vinculados con los riesgos para ni\u00f1os, ni\u00f1as y adolescentes (NNyA). La gu\u00eda surge como respuesta ante algunos de los resultados obtenidos por distintos estudios de campo realizados por el Observatorio. Concretamente, ante una consulta espec\u00edfica referida sobre qu\u00e9 har\u00edan primero ante un caso de consumo problem\u00e1tico de alcohol, m\u00e1s de 1.000&hellip;<\/p>\n","protected":false},"author":1,"featured_media":0,"comment_status":"open","ping_status":"closed","sticky":false,"template":"","format":"standard","meta":{"footnotes":""},"categories":[4],"tags":[],"class_list":["post-5109","post","type-post","status-publish","format-standard","hentry","category-interes-general"],"rttpg_featured_image_url":null,"rttpg_author":{"display_name":"rober","author_link":"https:\/\/livingmultimediosde.net.ar\/INDEX\/author\/rober\/"},"rttpg_comment":0,"rttpg_category":"<a href=\"https:\/\/livingmultimediosde.net.ar\/INDEX\/category\/interes-general\/\" rel=\"category tag\">INTERES GENERAL<\/a>","rttpg_excerpt":"En el marco del D\u00eda Mundial Sin Alcohol, el Observatorio de Adicciones y Consumos Problem\u00e1ticos de la Defensor\u00eda del Pueblo bonaerense inici\u00f3 una campa\u00f1a de prevenci\u00f3n que incluye una\u00a0gu\u00eda con una serie de recomendaciones para propiciar di\u00e1logos\u00a0en las familias vinculados con los riesgos para ni\u00f1os, ni\u00f1as y adolescentes (NNyA). La gu\u00eda surge como respuesta ante&hellip;","_links":{"self":[{"href":"https:\/\/livingmultimediosde.net.ar\/INDEX\/wp-json\/wp\/v2\/posts\/5109","targetHints":{"allow":["GET"]}}],"collection":[{"href":"https:\/\/livingmultimediosde.net.ar\/INDEX\/wp-json\/wp\/v2\/posts"}],"about":[{"href":"https:\/\/livingmultimediosde.net.ar\/INDEX\/wp-json\/wp\/v2\/types\/post"}],"author":[{"embeddable":true,"href":"https:\/\/livingmultimediosde.net.ar\/INDEX\/wp-json\/wp\/v2\/users\/1"}],"replies":[{"embeddable":true,"href":"https:\/\/livingmultimediosde.net.ar\/INDEX\/wp-json\/wp\/v2\/comments?post=5109"}],"version-history":[{"count":1,"href":"https:\/\/livingmultimediosde.net.ar\/INDEX\/wp-json\/wp\/v2\/posts\/5109\/revisions"}],"predecessor-version":[{"id":5112,"href":"https:\/\/livingmultimediosde.net.ar\/INDEX\/wp-json\/wp\/v2\/posts\/5109\/revisions\/5112"}],"wp:attachment":[{"href":"https:\/\/livingmultimediosde.net.ar\/INDEX\/wp-json\/wp\/v2\/media?parent=5109"}],"wp:term":[{"taxonomy":"category","embeddable":true,"href":"https:\/\/livingmultimediosde.net.ar\/INDEX\/wp-json\/wp\/v2\/categories?post=5109"},{"taxonomy":"post_tag","embeddable":true,"href":"https:\/\/livingmultimediosde.net.ar\/INDEX\/wp-json\/wp\/v2\/tags?post=5109"}],"curies":[{"name":"wp","href":"https:\/\/api.w.org\/{rel}","templated":true}]}}