{"id":5098,"date":"2023-11-15T04:24:48","date_gmt":"2023-11-15T04:24:48","guid":{"rendered":"https:\/\/livingmultimediosde.net.ar\/INDEX\/?p=5098"},"modified":"2023-11-15T04:24:48","modified_gmt":"2023-11-15T04:24:48","slug":"gran-participacion-en-la-feria-saludable-por-el-dia-mundial-de-la-diabetes","status":"publish","type":"post","link":"https:\/\/livingmultimediosde.net.ar\/INDEX\/2023\/11\/gran-participacion-en-la-feria-saludable-por-el-dia-mundial-de-la-diabetes\/","title":{"rendered":"GRAN PARTICIPACI\u00d3N EN LA FERIA SALUDABLE POR EL D\u00cdA MUNDIAL DE LA DIABETES"},"content":{"rendered":"<p>Cientos de personas participaron de la Feria de la Salud en la Plaza Saludable Sarmiento en conmemoraci\u00f3n del D\u00efa Mundial de la Diabetes, este 14 de noviembre.<br \/>\nOrganizada por el Ministerio de Salud, a trav\u00e9s de la Direcci\u00f3n de APS, Salud Comunitaria, el programa Redes y la Municipalidad de la Capital, se realiz\u00f3 esta actividad que convoc\u00f3 a todas las UPAs y CAPs en una jornada de prevenci\u00f3n que cont\u00f3 con stands informativos que giraron en torno principalmente juegos educativos, controles de salud y una master class de actividad f\u00edsica guiada por los profesores.<br \/>\nTambi\u00e9n junto a los alumnos de la Ciencias M\u00e9dicas se brind\u00f3 una clase de RCP para los participantes.<br \/>\nLa directora de APS, Dra Martha Tarchini, explic\u00f3 que el objetivo de la jornada en la Plaza Saludable es brindar informaci\u00f3n y sensibilizar acerca de la necesidad del diagn\u00f3stico oportuno de la enfermedad y el tratamiento que est\u00e1 accesible y disponible en el sistema de salud p\u00fablica, en todos los centros de salud, adem\u00e1s de la promoci\u00f3n de h\u00e1bitos saludables como la alimentaci\u00f3n y la actividad f\u00edsica.<br \/>\nPor su parte, el director de Salud Comunitaria, Lic. Gonzalo Ter\u00e1n, destac\u00f3 la importante funci\u00f3n que cumple el Programa de Plazas Saludables para la prevenci\u00f3n y el tratamiento de enfermedades cr\u00f3nicas como la diabetes e inform\u00f3 que son 16 las plazas saludables, 14 en Capital y 2 en La Banda, donde la comunidad puede acceder a actividad f\u00edsica gratuita y adaptada a las edades.<br \/>\nLa Dra. Martha Curet dijo que si bien la diabetes es una enfermedad cr\u00f3nica se puede prevenir, se puede tratar y se puede hacer un adecuado tratamiento en todos los casos y en todas las UPAs, CAPs y hopitales.<br \/>\n\u00abLos invitamos a que se acerquen, porque toda persona de 18 a\u00f1os o m\u00e1s se tiene que hacer un control peri\u00f3dico de salud, por lo menos, teniendo factores de riesgo una vez al a\u00f1o y sino, cada tres a\u00f1os. Y si tienes diabetes, les pedimos que se acerquen a recibir tratamiento\u00bb, dijo.<br \/>\nSeg\u00fan datos de la 4\u2022 Encuesta Nacional de Factores de Riesgo, en Argentina 1 de cada 10 personas adultas tiene DM. Debido a que su forma m\u00e1s frecuente la DM2, es una enfermedad silenciosa, aproximadamente 4 de cada 10 personas desconocen que la padecen.<br \/>\nPara prevenir su desarrollo, se recomienda un estilo de vida saludable, que incluya actividad f\u00edsica, alimentaci\u00f3n saludable, no fumar y evitar el consumo de alcohol.<br \/>\nPara su detecci\u00f3n temprana, se recomienda realizar controles de salud peri\u00f3dicos. Una diabetes no diagnosticada o mal controlada, aumenta el riesgo de padecer enfermedades cardiovasculares, lesiones en los pies, ojos o ri\u00f1ones, mientras que un diagn\u00f3stico temprano, el tratamiento adecuado y la educaci\u00f3n diabetol\u00f3gica previene o retrasa las complicaciones de la enfermedad.<br \/>\nLas personas de m\u00e1s de 45 a\u00f1os, o menos de esa edad con alg\u00fan factor de riesgo para DM (antecedentes familiares, diabetes durante el embarazo, mujeres con hijos nacidos con peso mayor a 4 kg, sobrepeso u obesidad, actividad f\u00edsica insuficiente, sedentarismo, enfermedad cardiovascular, hipertensi\u00f3n arterial, colesterol alto, tabaquismo) debe consultar.<br \/>\nLa respuesta est\u00e1 en conocer el riesgo para actuar oportuna y adecuadamente.<\/p>\n","protected":false},"excerpt":{"rendered":"<p>Cientos de personas participaron de la Feria de la Salud en la Plaza Saludable Sarmiento en conmemoraci\u00f3n del D\u00efa Mundial de la Diabetes, este 14 de noviembre. Organizada por el Ministerio de Salud, a trav\u00e9s de la Direcci\u00f3n de APS, Salud Comunitaria, el programa Redes y la Municipalidad de la Capital, se realiz\u00f3 esta actividad que convoc\u00f3 a todas las UPAs y CAPs en una jornada de prevenci\u00f3n que cont\u00f3 con stands informativos que giraron en torno principalmente juegos educativos, controles de salud y una master class de actividad f\u00edsica&hellip;<\/p>\n","protected":false},"author":1,"featured_media":0,"comment_status":"open","ping_status":"closed","sticky":false,"template":"","format":"standard","meta":{"footnotes":""},"categories":[1],"tags":[],"class_list":["post-5098","post","type-post","status-publish","format-standard","hentry","category-uncategorized"],"rttpg_featured_image_url":null,"rttpg_author":{"display_name":"rober","author_link":"https:\/\/livingmultimediosde.net.ar\/INDEX\/author\/rober\/"},"rttpg_comment":0,"rttpg_category":"<a href=\"https:\/\/livingmultimediosde.net.ar\/INDEX\/category\/uncategorized\/\" rel=\"category tag\">Uncategorized<\/a>","rttpg_excerpt":"Cientos de personas participaron de la Feria de la Salud en la Plaza Saludable Sarmiento en conmemoraci\u00f3n del D\u00efa Mundial de la Diabetes, este 14 de noviembre. Organizada por el Ministerio de Salud, a trav\u00e9s de la Direcci\u00f3n de APS, Salud Comunitaria, el programa Redes y la Municipalidad de la Capital, se realiz\u00f3 esta actividad&hellip;","_links":{"self":[{"href":"https:\/\/livingmultimediosde.net.ar\/INDEX\/wp-json\/wp\/v2\/posts\/5098","targetHints":{"allow":["GET"]}}],"collection":[{"href":"https:\/\/livingmultimediosde.net.ar\/INDEX\/wp-json\/wp\/v2\/posts"}],"about":[{"href":"https:\/\/livingmultimediosde.net.ar\/INDEX\/wp-json\/wp\/v2\/types\/post"}],"author":[{"embeddable":true,"href":"https:\/\/livingmultimediosde.net.ar\/INDEX\/wp-json\/wp\/v2\/users\/1"}],"replies":[{"embeddable":true,"href":"https:\/\/livingmultimediosde.net.ar\/INDEX\/wp-json\/wp\/v2\/comments?post=5098"}],"version-history":[{"count":1,"href":"https:\/\/livingmultimediosde.net.ar\/INDEX\/wp-json\/wp\/v2\/posts\/5098\/revisions"}],"predecessor-version":[{"id":5100,"href":"https:\/\/livingmultimediosde.net.ar\/INDEX\/wp-json\/wp\/v2\/posts\/5098\/revisions\/5100"}],"wp:attachment":[{"href":"https:\/\/livingmultimediosde.net.ar\/INDEX\/wp-json\/wp\/v2\/media?parent=5098"}],"wp:term":[{"taxonomy":"category","embeddable":true,"href":"https:\/\/livingmultimediosde.net.ar\/INDEX\/wp-json\/wp\/v2\/categories?post=5098"},{"taxonomy":"post_tag","embeddable":true,"href":"https:\/\/livingmultimediosde.net.ar\/INDEX\/wp-json\/wp\/v2\/tags?post=5098"}],"curies":[{"name":"wp","href":"https:\/\/api.w.org\/{rel}","templated":true}]}}