{"id":5092,"date":"2023-11-15T04:19:44","date_gmt":"2023-11-15T04:19:44","guid":{"rendered":"https:\/\/livingmultimediosde.net.ar\/INDEX\/?p=5092"},"modified":"2023-11-15T04:19:44","modified_gmt":"2023-11-15T04:19:44","slug":"hcd-reconoce-la-fecunda-y-prolifica-labor-del-grupo-musical-kijanos","status":"publish","type":"post","link":"https:\/\/livingmultimediosde.net.ar\/INDEX\/2023\/11\/hcd-reconoce-la-fecunda-y-prolifica-labor-del-grupo-musical-kijanos\/","title":{"rendered":"HCD: RECONOCE LA FECUNDA Y PROL\u00cdFICA LABOR DEL GRUPO MUSICAL \u201cKIJANOS\u201d"},"content":{"rendered":"<p>14.11.23<strong>\u00a0Sesi\u00f3n 33\/23<\/strong>\u00a0\u2013\u00a0<strong>Cumpli\u00f3 20 a\u00f1os de trayectoria art\u00edstica. En un clima de tranquilidad, sin mayores controversias, se celebr\u00f3 la 33ra sesi\u00f3n ordinaria del Concejo Deliberante de la Capital, presidida por su titular, Humberto Santill\u00e1n, y con la presencia de 9 ediles. En la ocasi\u00f3n, se entreg\u00f3 Ordenanza sancionada por el cuerpo de ediles capitalino por la que \u201cse reconoce la fecunda y fruct\u00edfera labor del Grupo Musical \u201cKijanos\u201d.<\/strong><\/p>\n<p>En efecto, a instancias de una iniciativa del bloque del Frente C\u00edvico, en la sesi\u00f3n ordinaria 28va, se sancion\u00f3 la Ordenanza por la que \u201cse reconoce la fecunda y fruct\u00edfera labor del Grupo Musical \u201cKijanos\u201d, por llevar adelante la difusi\u00f3n de la m\u00fasica y la cultura santiague\u00f1a en sus 20 a\u00f1os de trayectoria art\u00edstica, en base a los fundamentos esgrimidos en la presente Ordenanza\u201d.<\/p>\n<p>En los fundamentos, el autor se\u00f1ala que la misma \u201ces liderada por Ram\u00f3n Lacube, voz principal del grupo que, con su estilo caracter\u00edstico en la interpretaci\u00f3n vocal, aporta el caudal de identidad que el p\u00fablico reconoce en cada escenario y en cada disco. Junto a Nacho Ferreyra y Guillermo Corbal\u00e1n, Ram\u00f3n Lacube desandar\u00e1 un reportorio tradicional, con canciones cl\u00e1sicas del folclore santiague\u00f1o, salte\u00f1o y argentino, pero tambi\u00e9n trascender\u00e1 las fronteras para llegar juntos a paisajes musicales del cancionero popular mexicano, peruano y latinoamericano, y desde ese reportorio tambi\u00e9n podr\u00e1n disfrutar sus nuevos \u00e9xitos, adem\u00e1s de los cl\u00e1sicos ya consagrados por el aplauso de la gente en una trayectoria exitosa que los consolida en el camino de la m\u00fasica latinoamericana y los ubica en una escena musical que borra las fronteras a fuerza de voces y melod\u00edas profundas\u201d.<\/p>\n<p>Puntualiza que \u201cen marzo de 2009 Grupo Kijanos pega el gran salto a nivel nacional a trav\u00e9s de las pantallas de televisi\u00f3n al llegar a las finales del reconocido programa Talento Argentino por la se\u00f1al de TELEFE, conducido por el Se\u00f1or Mariano Peluffo\u201d.<\/p>\n<p>Agrega que \u201cen el a\u00f1o 2010 los encuentra con su segundo trabajo discogr\u00e1fico, \u201cMentiras\u201d, en \u00e9l ya se incorporaban Ricardo Vega en voz y guitarra; Leonardo Ju\u00e1rez en bajo; Javier D\u00edaz en teclados y Pablo Caro en bater\u00eda\u201d.<\/p>\n<p>A\u00f1ade que \u201cest\u00e9 \u00faltimo trabajo fue presentado con un rotundo \u00e9xito en el coliseo mayor de Santiago del Estero, el Teatro 25 de Mayo, y a su vez cont\u00f3 con la grabaci\u00f3n de un DVD que se lanz\u00f3 al mercado en enero de 2011\u201d.<\/p>\n<p>Concluye que \u201cen la actualidad el Grupo Kijanos sigue trabajando diariamente con esfuerzo, dedicaci\u00f3n, responsabilidad y amor por nuestra cultura y defendiendo los ideales de su amada provincia, en cada lugar donde se presenten, poniendo en lo m\u00e1s alto la bandera de Santiago del Estero y llevando la m\u00fasica ancestral santiague\u00f1a a pa\u00edses vecinos como Bolivia, Uruguay, Chile, entre otros\u201d.<\/p>\n<p>Recibi\u00f3 la Ordenanza, del presidente, Humberto Santill\u00e1n, y la concejala, Gabriela Ortiz, el mentor del grupo, Ram\u00f3n Lecube quien agradeci\u00f3 al cuerpo de ediles la distinci\u00f3n otorgada que \u201ces un mimo al alma del grupo musical\u201d. En la oportunidad, deleitaron con un tema folcl\u00f3rico a los presentes en el plenario del deliberativo capitalino, en se\u00f1al de agradecimiento.<\/p>\n<p><strong>Orden del D\u00eda<\/strong><\/p>\n<p>En cuanto al Orden del d\u00eda, con despacho de comunicaci\u00f3n, se sancion\u00f3 una comunicaci\u00f3n y tres resoluciones.<\/p>\n<p>En la Comunicaci\u00f3n, el H. Concejo Deliberante, a instancias del Consejo Consultivo de la Tercera Edad, ver\u00eda con agrado que Departamento Ejecutivo Municipal, a trav\u00e9s del \u00e1rea correspondiente, proceda a realizar la reparaci\u00f3n de luminarias y juegos infantiles de la plaza \u00c1rabe, ubicada en la calle Espa\u00f1a del barrio los Inmigrantes\u201d.<\/p>\n<p>Tambi\u00e9n se sancion\u00f3 la Resoluci\u00f3n del Frente C\u00edvico por la cual \u201cse solicita al Departamento Ejecutivo Municipal que, a trav\u00e9s del organismo pertinente, proceda al estudio de factibilidad t\u00e9cnica y presupuestaria para la colocaci\u00f3n de reductores de velocidad en calles Departamento Jim\u00e9nez (colectora de circunvalaci\u00f3n) entre Monte Quemado y El Saladillo del barrio Villa del Carmen\u201d.<\/p>\n<p>Se hizo lo propio con la Resoluci\u00f3n del Frente C\u00edvico por la que \u201cse solicita al Departamento Ejecutivo Municipal que, a trav\u00e9s del organismo pertinente, proceda al estudio de factibilidad t\u00e9cnica y presupuestaria para la reparaci\u00f3n y\/o reposici\u00f3n de l\u00e1mparas de alumbrado p\u00fablico en Av. Del Libertador desde Av. Libertad hasta calle Lavalle\u201d.<\/p>\n<p>Por \u00faltimo, se sancion\u00f3 la Resoluci\u00f3n del Frente C\u00edvico por la que \u201cse solicita al Departamento\u00a0\u00a0 Ejecutivo Municipal que, a trav\u00e9s del organismo pertinente, proceda al estudio de factibilidad t\u00e9cnica y presupuestaria para la remodelaci\u00f3n de la plaza \u201cProfesor Luis Alem Lascano\u201d, ubicada en las intersecciones de calles Atahualpa Yupanqui ente Dr. Esteban Laureano Maradona, Victoria Ocampo y Dr. Le\u00f3nidas Espeche del barrio Siglo XXI\u201d.<\/p>\n","protected":false},"excerpt":{"rendered":"<p>14.11.23\u00a0Sesi\u00f3n 33\/23\u00a0\u2013\u00a0Cumpli\u00f3 20 a\u00f1os de trayectoria art\u00edstica. En un clima de tranquilidad, sin mayores controversias, se celebr\u00f3 la 33ra sesi\u00f3n ordinaria del Concejo Deliberante de la Capital, presidida por su titular, Humberto Santill\u00e1n, y con la presencia de 9 ediles. En la ocasi\u00f3n, se entreg\u00f3 Ordenanza sancionada por el cuerpo de ediles capitalino por la que \u201cse reconoce la fecunda y fruct\u00edfera labor del Grupo Musical \u201cKijanos\u201d. En efecto, a instancias de una iniciativa del bloque del Frente C\u00edvico, en la sesi\u00f3n ordinaria 28va, se sancion\u00f3 la Ordenanza por la&hellip;<\/p>\n","protected":false},"author":1,"featured_media":0,"comment_status":"open","ping_status":"closed","sticky":false,"template":"","format":"standard","meta":{"footnotes":""},"categories":[3],"tags":[],"class_list":["post-5092","post","type-post","status-publish","format-standard","hentry","category-hcd-capital"],"rttpg_featured_image_url":null,"rttpg_author":{"display_name":"rober","author_link":"https:\/\/livingmultimediosde.net.ar\/INDEX\/author\/rober\/"},"rttpg_comment":0,"rttpg_category":"<a href=\"https:\/\/livingmultimediosde.net.ar\/INDEX\/category\/hcd-capital\/\" rel=\"category tag\">HCD CAPITAL<\/a>","rttpg_excerpt":"14.11.23\u00a0Sesi\u00f3n 33\/23\u00a0\u2013\u00a0Cumpli\u00f3 20 a\u00f1os de trayectoria art\u00edstica. En un clima de tranquilidad, sin mayores controversias, se celebr\u00f3 la 33ra sesi\u00f3n ordinaria del Concejo Deliberante de la Capital, presidida por su titular, Humberto Santill\u00e1n, y con la presencia de 9 ediles. En la ocasi\u00f3n, se entreg\u00f3 Ordenanza sancionada por el cuerpo de ediles capitalino por la&hellip;","_links":{"self":[{"href":"https:\/\/livingmultimediosde.net.ar\/INDEX\/wp-json\/wp\/v2\/posts\/5092","targetHints":{"allow":["GET"]}}],"collection":[{"href":"https:\/\/livingmultimediosde.net.ar\/INDEX\/wp-json\/wp\/v2\/posts"}],"about":[{"href":"https:\/\/livingmultimediosde.net.ar\/INDEX\/wp-json\/wp\/v2\/types\/post"}],"author":[{"embeddable":true,"href":"https:\/\/livingmultimediosde.net.ar\/INDEX\/wp-json\/wp\/v2\/users\/1"}],"replies":[{"embeddable":true,"href":"https:\/\/livingmultimediosde.net.ar\/INDEX\/wp-json\/wp\/v2\/comments?post=5092"}],"version-history":[{"count":2,"href":"https:\/\/livingmultimediosde.net.ar\/INDEX\/wp-json\/wp\/v2\/posts\/5092\/revisions"}],"predecessor-version":[{"id":5095,"href":"https:\/\/livingmultimediosde.net.ar\/INDEX\/wp-json\/wp\/v2\/posts\/5092\/revisions\/5095"}],"wp:attachment":[{"href":"https:\/\/livingmultimediosde.net.ar\/INDEX\/wp-json\/wp\/v2\/media?parent=5092"}],"wp:term":[{"taxonomy":"category","embeddable":true,"href":"https:\/\/livingmultimediosde.net.ar\/INDEX\/wp-json\/wp\/v2\/categories?post=5092"},{"taxonomy":"post_tag","embeddable":true,"href":"https:\/\/livingmultimediosde.net.ar\/INDEX\/wp-json\/wp\/v2\/tags?post=5092"}],"curies":[{"name":"wp","href":"https:\/\/api.w.org\/{rel}","templated":true}]}}