{"id":5089,"date":"2023-11-15T04:17:51","date_gmt":"2023-11-15T04:17:51","guid":{"rendered":"https:\/\/livingmultimediosde.net.ar\/INDEX\/?p=5089"},"modified":"2023-11-15T04:17:51","modified_gmt":"2023-11-15T04:17:51","slug":"hcd-en-el-espectaculo-en-homenaje-al-grupo-salitral","status":"publish","type":"post","link":"https:\/\/livingmultimediosde.net.ar\/INDEX\/2023\/11\/hcd-en-el-espectaculo-en-homenaje-al-grupo-salitral\/","title":{"rendered":"HCD EN EL ESPECT\u00c1CULO EN HOMENAJE AL GRUPO \u00abSALITRAL\u00bb"},"content":{"rendered":"<p>En la noche del domingo ultimo , se realiz\u00f3 en el Centro Cultural del Bicentenario ubicado en el Parque Aguirre, la Feria Artesanal y espect\u00e1culo en homenaje del Grupo SALITRAL.<\/p>\n<p>En la oportunidad asisti\u00f3 especialmente invitado, el presidente del Honorable Concejo Deliberante don Humberto Eduardo Santill\u00e1n, quien entreg\u00f3 la Ordenanza N\u00b0 6239\/23 que declara de Inter\u00e9s Cultural las actividades del grupo folcl\u00f3rico SALITRAL.<\/p>\n<p>En los considerandos la ordenanza destaca que \u00abdesde el espacio televisivo \u00abSantiago es pueblo que baila\u00bb, se propicia realizar esta declaraci\u00f3n de inter\u00e9s Cultural a la trayectoria y las actividades del grupo SALITRAL; est\u00e1 agrupaci\u00f3n se form\u00f3 en el a\u00f1o 2003 con Tacko Ju\u00e1rez, Masa Maldonado , Daniel Ruiz y Topo Paz que recorren el pa\u00eds sembrando chacareras a trav\u00e9s de las cuales nuestros poetas pintan de colores a su Santiago querido\u00bb entre otros puntos.<\/p>\n","protected":false},"excerpt":{"rendered":"<p>En la noche del domingo ultimo , se realiz\u00f3 en el Centro Cultural del Bicentenario ubicado en el Parque Aguirre, la Feria Artesanal y espect\u00e1culo en homenaje del Grupo SALITRAL. En la oportunidad asisti\u00f3 especialmente invitado, el presidente del Honorable Concejo Deliberante don Humberto Eduardo Santill\u00e1n, quien entreg\u00f3 la Ordenanza N\u00b0 6239\/23 que declara de Inter\u00e9s Cultural las actividades del grupo folcl\u00f3rico SALITRAL. En los considerandos la ordenanza destaca que \u00abdesde el espacio televisivo \u00abSantiago es pueblo que baila\u00bb, se propicia realizar esta declaraci\u00f3n de inter\u00e9s Cultural a la trayectoria&hellip;<\/p>\n","protected":false},"author":1,"featured_media":0,"comment_status":"open","ping_status":"closed","sticky":false,"template":"","format":"standard","meta":{"footnotes":""},"categories":[3],"tags":[],"class_list":["post-5089","post","type-post","status-publish","format-standard","hentry","category-hcd-capital"],"rttpg_featured_image_url":null,"rttpg_author":{"display_name":"rober","author_link":"https:\/\/livingmultimediosde.net.ar\/INDEX\/author\/rober\/"},"rttpg_comment":0,"rttpg_category":"<a href=\"https:\/\/livingmultimediosde.net.ar\/INDEX\/category\/hcd-capital\/\" rel=\"category tag\">HCD CAPITAL<\/a>","rttpg_excerpt":"En la noche del domingo ultimo , se realiz\u00f3 en el Centro Cultural del Bicentenario ubicado en el Parque Aguirre, la Feria Artesanal y espect\u00e1culo en homenaje del Grupo SALITRAL. En la oportunidad asisti\u00f3 especialmente invitado, el presidente del Honorable Concejo Deliberante don Humberto Eduardo Santill\u00e1n, quien entreg\u00f3 la Ordenanza N\u00b0 6239\/23 que declara de&hellip;","_links":{"self":[{"href":"https:\/\/livingmultimediosde.net.ar\/INDEX\/wp-json\/wp\/v2\/posts\/5089","targetHints":{"allow":["GET"]}}],"collection":[{"href":"https:\/\/livingmultimediosde.net.ar\/INDEX\/wp-json\/wp\/v2\/posts"}],"about":[{"href":"https:\/\/livingmultimediosde.net.ar\/INDEX\/wp-json\/wp\/v2\/types\/post"}],"author":[{"embeddable":true,"href":"https:\/\/livingmultimediosde.net.ar\/INDEX\/wp-json\/wp\/v2\/users\/1"}],"replies":[{"embeddable":true,"href":"https:\/\/livingmultimediosde.net.ar\/INDEX\/wp-json\/wp\/v2\/comments?post=5089"}],"version-history":[{"count":1,"href":"https:\/\/livingmultimediosde.net.ar\/INDEX\/wp-json\/wp\/v2\/posts\/5089\/revisions"}],"predecessor-version":[{"id":5091,"href":"https:\/\/livingmultimediosde.net.ar\/INDEX\/wp-json\/wp\/v2\/posts\/5089\/revisions\/5091"}],"wp:attachment":[{"href":"https:\/\/livingmultimediosde.net.ar\/INDEX\/wp-json\/wp\/v2\/media?parent=5089"}],"wp:term":[{"taxonomy":"category","embeddable":true,"href":"https:\/\/livingmultimediosde.net.ar\/INDEX\/wp-json\/wp\/v2\/categories?post=5089"},{"taxonomy":"post_tag","embeddable":true,"href":"https:\/\/livingmultimediosde.net.ar\/INDEX\/wp-json\/wp\/v2\/tags?post=5089"}],"curies":[{"name":"wp","href":"https:\/\/api.w.org\/{rel}","templated":true}]}}