{"id":5083,"date":"2023-11-15T04:09:42","date_gmt":"2023-11-15T04:09:42","guid":{"rendered":"https:\/\/livingmultimediosde.net.ar\/INDEX\/?p=5083"},"modified":"2023-11-15T04:09:42","modified_gmt":"2023-11-15T04:09:42","slug":"1-encuentro-y-mini-certamen-de-academias-folcloricas","status":"publish","type":"post","link":"https:\/\/livingmultimediosde.net.ar\/INDEX\/2023\/11\/1-encuentro-y-mini-certamen-de-academias-folcloricas\/","title":{"rendered":"1\u00b0 ENCUENTRO Y MINI CERTAMEN DE ACADEMIAS FOLCL\u00d3RICAS"},"content":{"rendered":"<p>11.11.23. En el marco de los \u00ab40 a\u00f1os de democracia\u00bb y del \u00abD\u00eda de la Tradici\u00f3n\u00bb, se realiz\u00f3 en la tarde del s\u00e1bado el 1\u00b0 Encuentro y mini certamen de Academias Folcl\u00f3ricas que estuvo organizado por la Academia de Danzas \u2018Virgen del Carmen\u00bb; este encuentro fue en el Club Jorge Newbery.<br \/>\nEn la oportunidad asisti\u00f3 especialmente invitado, el presidente del Honorable Concejo Deliberante don Humberto Eduardo Santill\u00e1n, quien entreg\u00f3 reconocimientos por su trayectoria a los se\u00f1ores Tito Herrera, \u00c1ngel Ponce y Baltazar Serrano.<br \/>\nLa Academia organizadora junto a otras invitadas brindaron adem\u00e1s un espect\u00e1culo lleno de color y alegr\u00eda mostrando lo aprendido en este a\u00f1o.<\/p>\n","protected":false},"excerpt":{"rendered":"<p>11.11.23. En el marco de los \u00ab40 a\u00f1os de democracia\u00bb y del \u00abD\u00eda de la Tradici\u00f3n\u00bb, se realiz\u00f3 en la tarde del s\u00e1bado el 1\u00b0 Encuentro y mini certamen de Academias Folcl\u00f3ricas que estuvo organizado por la Academia de Danzas \u2018Virgen del Carmen\u00bb; este encuentro fue en el Club Jorge Newbery. En la oportunidad asisti\u00f3 especialmente invitado, el presidente del Honorable Concejo Deliberante don Humberto Eduardo Santill\u00e1n, quien entreg\u00f3 reconocimientos por su trayectoria a los se\u00f1ores Tito Herrera, \u00c1ngel Ponce y Baltazar Serrano. La Academia organizadora junto a otras invitadas&hellip;<\/p>\n","protected":false},"author":1,"featured_media":0,"comment_status":"open","ping_status":"closed","sticky":false,"template":"","format":"standard","meta":{"footnotes":""},"categories":[3],"tags":[],"class_list":["post-5083","post","type-post","status-publish","format-standard","hentry","category-hcd-capital"],"rttpg_featured_image_url":null,"rttpg_author":{"display_name":"rober","author_link":"https:\/\/livingmultimediosde.net.ar\/INDEX\/author\/rober\/"},"rttpg_comment":0,"rttpg_category":"<a href=\"https:\/\/livingmultimediosde.net.ar\/INDEX\/category\/hcd-capital\/\" rel=\"category tag\">HCD CAPITAL<\/a>","rttpg_excerpt":"11.11.23. En el marco de los \u00ab40 a\u00f1os de democracia\u00bb y del \u00abD\u00eda de la Tradici\u00f3n\u00bb, se realiz\u00f3 en la tarde del s\u00e1bado el 1\u00b0 Encuentro y mini certamen de Academias Folcl\u00f3ricas que estuvo organizado por la Academia de Danzas \u2018Virgen del Carmen\u00bb; este encuentro fue en el Club Jorge Newbery. En la oportunidad asisti\u00f3&hellip;","_links":{"self":[{"href":"https:\/\/livingmultimediosde.net.ar\/INDEX\/wp-json\/wp\/v2\/posts\/5083","targetHints":{"allow":["GET"]}}],"collection":[{"href":"https:\/\/livingmultimediosde.net.ar\/INDEX\/wp-json\/wp\/v2\/posts"}],"about":[{"href":"https:\/\/livingmultimediosde.net.ar\/INDEX\/wp-json\/wp\/v2\/types\/post"}],"author":[{"embeddable":true,"href":"https:\/\/livingmultimediosde.net.ar\/INDEX\/wp-json\/wp\/v2\/users\/1"}],"replies":[{"embeddable":true,"href":"https:\/\/livingmultimediosde.net.ar\/INDEX\/wp-json\/wp\/v2\/comments?post=5083"}],"version-history":[{"count":1,"href":"https:\/\/livingmultimediosde.net.ar\/INDEX\/wp-json\/wp\/v2\/posts\/5083\/revisions"}],"predecessor-version":[{"id":5085,"href":"https:\/\/livingmultimediosde.net.ar\/INDEX\/wp-json\/wp\/v2\/posts\/5083\/revisions\/5085"}],"wp:attachment":[{"href":"https:\/\/livingmultimediosde.net.ar\/INDEX\/wp-json\/wp\/v2\/media?parent=5083"}],"wp:term":[{"taxonomy":"category","embeddable":true,"href":"https:\/\/livingmultimediosde.net.ar\/INDEX\/wp-json\/wp\/v2\/categories?post=5083"},{"taxonomy":"post_tag","embeddable":true,"href":"https:\/\/livingmultimediosde.net.ar\/INDEX\/wp-json\/wp\/v2\/tags?post=5083"}],"curies":[{"name":"wp","href":"https:\/\/api.w.org\/{rel}","templated":true}]}}