{"id":5080,"date":"2023-11-15T04:08:10","date_gmt":"2023-11-15T04:08:10","guid":{"rendered":"https:\/\/livingmultimediosde.net.ar\/INDEX\/?p=5080"},"modified":"2023-11-15T04:08:10","modified_gmt":"2023-11-15T04:08:10","slug":"evento-re-corriendo-mi-ciudad","status":"publish","type":"post","link":"https:\/\/livingmultimediosde.net.ar\/INDEX\/2023\/11\/evento-re-corriendo-mi-ciudad\/","title":{"rendered":"EVENTO \u00abRE-CORRIENDO MI CIUDAD\u00bb"},"content":{"rendered":"<p>10.11.23 Durante la tarde del viernes y la ma\u00f1ana de este s\u00e1bado se realiz\u00f3 en las galer\u00edas externas del Honorable Concejo Deliberante la inscripci\u00f3n para la \u00faltima fecha del Evento Deportivo Social, Sustentable e Inclusivo denominado \u00abRE-CORRIENDO MI CIUDAD\u00bb . El mismo se realizar\u00e1 este domingo 12 del cte desde las 8 h en el espacio Food Truck Diego Maradona.<br \/>\nEste evento es organizado por la Asociaci\u00f3n Civil META, junto a la Escuela de Atletismo Infantil<br \/>\n\u201cCORRE-CAMINOS\u00bb y<br \/>\ntendr\u00e1 las siguientes modalidades:<br \/>\n*Circuito Santiague\u00f1o de atletismo de Calle<br \/>\n*Caminata familiar<br \/>\n*Atletismo infantil.<br \/>\n*Feria Artesanal<\/p>\n","protected":false},"excerpt":{"rendered":"<p>10.11.23 Durante la tarde del viernes y la ma\u00f1ana de este s\u00e1bado se realiz\u00f3 en las galer\u00edas externas del Honorable Concejo Deliberante la inscripci\u00f3n para la \u00faltima fecha del Evento Deportivo Social, Sustentable e Inclusivo denominado \u00abRE-CORRIENDO MI CIUDAD\u00bb . El mismo se realizar\u00e1 este domingo 12 del cte desde las 8 h en el espacio Food Truck Diego Maradona. Este evento es organizado por la Asociaci\u00f3n Civil META, junto a la Escuela de Atletismo Infantil \u201cCORRE-CAMINOS\u00bb y tendr\u00e1 las siguientes modalidades: *Circuito Santiague\u00f1o de atletismo de Calle *Caminata familiar&hellip;<\/p>\n","protected":false},"author":1,"featured_media":0,"comment_status":"open","ping_status":"closed","sticky":false,"template":"","format":"standard","meta":{"footnotes":""},"categories":[3],"tags":[],"class_list":["post-5080","post","type-post","status-publish","format-standard","hentry","category-hcd-capital"],"rttpg_featured_image_url":null,"rttpg_author":{"display_name":"rober","author_link":"https:\/\/livingmultimediosde.net.ar\/INDEX\/author\/rober\/"},"rttpg_comment":0,"rttpg_category":"<a href=\"https:\/\/livingmultimediosde.net.ar\/INDEX\/category\/hcd-capital\/\" rel=\"category tag\">HCD CAPITAL<\/a>","rttpg_excerpt":"10.11.23 Durante la tarde del viernes y la ma\u00f1ana de este s\u00e1bado se realiz\u00f3 en las galer\u00edas externas del Honorable Concejo Deliberante la inscripci\u00f3n para la \u00faltima fecha del Evento Deportivo Social, Sustentable e Inclusivo denominado \u00abRE-CORRIENDO MI CIUDAD\u00bb . El mismo se realizar\u00e1 este domingo 12 del cte desde las 8 h en el&hellip;","_links":{"self":[{"href":"https:\/\/livingmultimediosde.net.ar\/INDEX\/wp-json\/wp\/v2\/posts\/5080","targetHints":{"allow":["GET"]}}],"collection":[{"href":"https:\/\/livingmultimediosde.net.ar\/INDEX\/wp-json\/wp\/v2\/posts"}],"about":[{"href":"https:\/\/livingmultimediosde.net.ar\/INDEX\/wp-json\/wp\/v2\/types\/post"}],"author":[{"embeddable":true,"href":"https:\/\/livingmultimediosde.net.ar\/INDEX\/wp-json\/wp\/v2\/users\/1"}],"replies":[{"embeddable":true,"href":"https:\/\/livingmultimediosde.net.ar\/INDEX\/wp-json\/wp\/v2\/comments?post=5080"}],"version-history":[{"count":1,"href":"https:\/\/livingmultimediosde.net.ar\/INDEX\/wp-json\/wp\/v2\/posts\/5080\/revisions"}],"predecessor-version":[{"id":5082,"href":"https:\/\/livingmultimediosde.net.ar\/INDEX\/wp-json\/wp\/v2\/posts\/5080\/revisions\/5082"}],"wp:attachment":[{"href":"https:\/\/livingmultimediosde.net.ar\/INDEX\/wp-json\/wp\/v2\/media?parent=5080"}],"wp:term":[{"taxonomy":"category","embeddable":true,"href":"https:\/\/livingmultimediosde.net.ar\/INDEX\/wp-json\/wp\/v2\/categories?post=5080"},{"taxonomy":"post_tag","embeddable":true,"href":"https:\/\/livingmultimediosde.net.ar\/INDEX\/wp-json\/wp\/v2\/tags?post=5080"}],"curies":[{"name":"wp","href":"https:\/\/api.w.org\/{rel}","templated":true}]}}