{"id":5062,"date":"2023-11-14T15:26:47","date_gmt":"2023-11-14T15:26:47","guid":{"rendered":"https:\/\/livingmultimediosde.net.ar\/INDEX\/?p=5062"},"modified":"2023-11-14T15:26:47","modified_gmt":"2023-11-14T15:26:47","slug":"tras-reunirse-con-zamora-intendentes-cordobeses-radicales-dieron-su-apoyo-a-massa","status":"publish","type":"post","link":"https:\/\/livingmultimediosde.net.ar\/INDEX\/2023\/11\/tras-reunirse-con-zamora-intendentes-cordobeses-radicales-dieron-su-apoyo-a-massa\/","title":{"rendered":"Tras reunirse con Zamora, intendentes cordobeses radicales dieron su apoyo a Massa"},"content":{"rendered":"<p>Unos 25 intendentes radicales de localidades ubicadas en el norte de<strong>\u00a0C\u00f3rdoba<\/strong>, que en las elecciones generales hab\u00edan apoyado a\u00a0<strong>Juntos por el Cambio<\/strong>\u00a0(JxC), hicieron p\u00fablico su respaldo al ministro de Econom\u00eda y candidato de<strong>\u00a0Uni\u00f3n por la Patria<\/strong>\u00a0(UxP),<strong>\u00a0Sergio Massa,<\/strong>\u00a0de cara al<strong>\u00a0balotaje<\/strong>\u00a0del pr\u00f3ximo domingo, tras una reuni\u00f3n que mantuvieron con el gobernador de Santiago del Estero,\u00a0<strong>Gerardo Zamora<\/strong>.<\/p>\n<p><iframe class=\"lazyload\" data-src=\"https:\/\/www.facebook.com\/plugins\/post.php?href=https%3A%2F%2Fwww.facebook.com%2FzamoraSDE%2Fposts%2Fpfbid02r8mEgKLUhk4RC1DzkUWbDS6afPxfaVhVXKkj8kCahPXRbmtw4EwGUZ1jFvYeouKwl&amp;show_text=true&amp;width=500\"  width=\"500\" height=\"601\" frameborder=\"0\" scrolling=\"no\" allowfullscreen=\"allowfullscreen\" data-mce-fragment=\"1\"><\/iframe><\/p>\n<p>\u201cAnoche mantuvimos una reuni\u00f3n en la Ciudad de Ojo de Agua, con 25 Intendentes radicales del Norte de C\u00f3rdoba, y funcionarios de otras localidades, donde se coincidi\u00f3 en el apoyo a Sergio Massa para el Balotaje del 19 de noviembre. Es muy importante que en esta instancia, por encima de cualquier pertenencia partidaria, podamos coincidir en defender el federalismo, la producci\u00f3n, el trabajo, la industria nacional, la salud y la educaci\u00f3n p\u00fablica, en una argentina que no excluya a nadie\u201d, remarc\u00f3 Zamora en un mensaje publicado en sus redes sociales.<\/p>\n<blockquote class=\"\"><p>\u201cAnoche mantuvimos una reuni\u00f3n en la Ciudad de Ojo de Agua, con 25 Intendentes radicales del Norte de C\u00f3rdoba, y funcionarios de otras localidades, donde se coincidi\u00f3 en el apoyo a Sergio Massa para el Balotaje del 19 de noviembre\u00bb<cite class=\"author\">Gerardo Zamora<\/cite><\/p><\/blockquote>\n<p>En ese encuentro, los jefes comunales manifestaron \u201cla decisi\u00f3n de defender el federalismo, la producci\u00f3n, el trabajo, la industria nacional, la salud y la educaci\u00f3n p\u00fablica, en una Argentina que no excluya a nadie\u201d, seg\u00fan indicaron fuentes partidarias.<\/p>\n<h2 class=\"\">Los presentes<\/h2>\n<p>Estuvieron presentes en esta reuni\u00f3n<strong>\u00a0Melisa Oviedo de Villa Pocho<\/strong>,\u00a0<strong>Adri\u00e1n Garay de San Pedro<\/strong>,\u00a0<strong>Heredia Carmen Antonio de Olivares San Nicol\u00e1s<\/strong>,<strong>\u00a0Manuel Far\u00edas de La Batea<\/strong>,\u00a0<strong>Alejandro Cortez de La Ca\u00f1ada<\/strong>,<strong>\u00a0Mart\u00edn Ricardo de Serrezuela<\/strong>,\u00a0<strong>Fabi\u00e1n Luna de Candelaria Sud,<\/strong>\u00a0<strong>Claudio Tripiana de Los Pozos<\/strong>,\u00a0<strong>Sebasti\u00e1n Peralta de Villa Tulumba<\/strong>,\u00a0<strong>Mario Centuri\u00f3n de Capilla Siton<\/strong>,\u00a0<strong>Rub\u00e9n Vel\u00e1zquez de Ca\u00f1ada De Luque<\/strong>,\u00a0<strong>Carlos Ciprini de Sinsacate<\/strong>,\u00a0<strong>Guillermo Moyano de Sarmiento<\/strong>,\u00a0<strong>Gury Qui\u00f1ones de El Rodeo<\/strong>,<strong>\u00a0Diego Rojas de Santa Elena<\/strong>,\u00a0<strong>Jos\u00e9 Luis Ludue\u00f1a de La Rinconada<\/strong>,\u00a0<strong>Rodolfo Ganz de Puesto Castro<\/strong>,\u00a0<strong>Sebasti\u00e1n Arga\u00f1araz de San Francisco Del Cha\u00f1ar<\/strong>,\u00a0<strong>Ariel Guti\u00e9rrez de Rio Pinto<\/strong>,\u00a0<strong>Gladis Esp\u00edndola de Pozo Nuevo<\/strong>,\u00a0<strong>Mariela Bel\u00e9n de Villa Candelaria<\/strong>,\u00a0<strong>Daniel Medina de Las Arrias<\/strong>,<strong>\u00a0Paola Mart\u00ednez de Tala Cha\u00f1ar<\/strong>,<strong>\u00a0Mart\u00edn Cata\u00f1ia de La Salada\u00a0<\/strong>y\u00a0<strong>Ariel Aliendro de Altos Los Quebrachos<\/strong>.<\/p>\n<p>Tambi\u00e9n participaron el<strong>\u00a0Secretario de Gobierno de San Jos\u00e9 de la Dormida, Nels\u00f3n Romero y de la localidad de Sebasti\u00e1n El Cano, Cristian Oviedo<\/strong>.<\/p>\n","protected":false},"excerpt":{"rendered":"<p>Unos 25 intendentes radicales de localidades ubicadas en el norte de\u00a0C\u00f3rdoba, que en las elecciones generales hab\u00edan apoyado a\u00a0Juntos por el Cambio\u00a0(JxC), hicieron p\u00fablico su respaldo al ministro de Econom\u00eda y candidato de\u00a0Uni\u00f3n por la Patria\u00a0(UxP),\u00a0Sergio Massa,\u00a0de cara al\u00a0balotaje\u00a0del pr\u00f3ximo domingo, tras una reuni\u00f3n que mantuvieron con el gobernador de Santiago del Estero,\u00a0Gerardo Zamora. \u201cAnoche mantuvimos una reuni\u00f3n en la Ciudad de Ojo de Agua, con 25 Intendentes radicales del Norte de C\u00f3rdoba, y funcionarios de otras localidades, donde se coincidi\u00f3 en el apoyo a Sergio Massa para el Balotaje&hellip;<\/p>\n","protected":false},"author":1,"featured_media":0,"comment_status":"open","ping_status":"closed","sticky":false,"template":"","format":"standard","meta":{"footnotes":""},"categories":[4],"tags":[],"class_list":["post-5062","post","type-post","status-publish","format-standard","hentry","category-interes-general"],"rttpg_featured_image_url":null,"rttpg_author":{"display_name":"rober","author_link":"https:\/\/livingmultimediosde.net.ar\/INDEX\/author\/rober\/"},"rttpg_comment":0,"rttpg_category":"<a href=\"https:\/\/livingmultimediosde.net.ar\/INDEX\/category\/interes-general\/\" rel=\"category tag\">INTERES GENERAL<\/a>","rttpg_excerpt":"Unos 25 intendentes radicales de localidades ubicadas en el norte de\u00a0C\u00f3rdoba, que en las elecciones generales hab\u00edan apoyado a\u00a0Juntos por el Cambio\u00a0(JxC), hicieron p\u00fablico su respaldo al ministro de Econom\u00eda y candidato de\u00a0Uni\u00f3n por la Patria\u00a0(UxP),\u00a0Sergio Massa,\u00a0de cara al\u00a0balotaje\u00a0del pr\u00f3ximo domingo, tras una reuni\u00f3n que mantuvieron con el gobernador de Santiago del Estero,\u00a0Gerardo Zamora. \u201cAnoche&hellip;","_links":{"self":[{"href":"https:\/\/livingmultimediosde.net.ar\/INDEX\/wp-json\/wp\/v2\/posts\/5062","targetHints":{"allow":["GET"]}}],"collection":[{"href":"https:\/\/livingmultimediosde.net.ar\/INDEX\/wp-json\/wp\/v2\/posts"}],"about":[{"href":"https:\/\/livingmultimediosde.net.ar\/INDEX\/wp-json\/wp\/v2\/types\/post"}],"author":[{"embeddable":true,"href":"https:\/\/livingmultimediosde.net.ar\/INDEX\/wp-json\/wp\/v2\/users\/1"}],"replies":[{"embeddable":true,"href":"https:\/\/livingmultimediosde.net.ar\/INDEX\/wp-json\/wp\/v2\/comments?post=5062"}],"version-history":[{"count":2,"href":"https:\/\/livingmultimediosde.net.ar\/INDEX\/wp-json\/wp\/v2\/posts\/5062\/revisions"}],"predecessor-version":[{"id":5066,"href":"https:\/\/livingmultimediosde.net.ar\/INDEX\/wp-json\/wp\/v2\/posts\/5062\/revisions\/5066"}],"wp:attachment":[{"href":"https:\/\/livingmultimediosde.net.ar\/INDEX\/wp-json\/wp\/v2\/media?parent=5062"}],"wp:term":[{"taxonomy":"category","embeddable":true,"href":"https:\/\/livingmultimediosde.net.ar\/INDEX\/wp-json\/wp\/v2\/categories?post=5062"},{"taxonomy":"post_tag","embeddable":true,"href":"https:\/\/livingmultimediosde.net.ar\/INDEX\/wp-json\/wp\/v2\/tags?post=5062"}],"curies":[{"name":"wp","href":"https:\/\/api.w.org\/{rel}","templated":true}]}}