{"id":5058,"date":"2023-11-14T15:16:49","date_gmt":"2023-11-14T15:16:49","guid":{"rendered":"https:\/\/livingmultimediosde.net.ar\/INDEX\/?p=5058"},"modified":"2023-11-14T15:16:49","modified_gmt":"2023-11-14T15:16:49","slug":"lula-pidio-a-los-argentinos-votar-a-favor-de-la-unidad-entre-brasil-y-argentina","status":"publish","type":"post","link":"https:\/\/livingmultimediosde.net.ar\/INDEX\/2023\/11\/lula-pidio-a-los-argentinos-votar-a-favor-de-la-unidad-entre-brasil-y-argentina\/","title":{"rendered":"Lula pidi\u00f3 a los argentinos votar a favor de la unidad entre Brasil y Argentina"},"content":{"rendered":"<p>El presidente de Brasil, Luiz In\u00e1cio Lula da Silva, pidi\u00f3 a los argentinos votar el pr\u00f3ximo domingo en el balotaje que disputar\u00e1n Sergio Massa y Javier Milei, pensando que brasile\u00f1os y argentinos son \u00abm\u00e1s fuertes estando juntos y d\u00e9biles separados\u00bb.<\/p>\n<p><strong>\u00abLe pido al pueblo argentino que a la hora de votar piense en Argentina, piense en qu\u00e9 tipo de Sudam\u00e9rica quiere, qu\u00e9 tipo de Am\u00e9rica Latina quiere crear. Juntos seremos fuertes y separados seremos d\u00e9biles\u00bb<\/strong>, afirm\u00f3 Lula durante su participaci\u00f3n en el programa semanal Conversaci\u00f3n con el Presidente, que emiten los medios p\u00fablicos brasile\u00f1os.<\/p>\n<p>De esta manera, Lula se refiri\u00f3 al balotaje del domingo entre el ministro de Econom\u00eda, Sergio Massa, y el aspirante opositor de La Libertad Avanza (LLA), Javier Milei, aliado del expresidente ultraderechista brasile\u00f1o Jair Bolsonaro.<\/p>\n","protected":false},"excerpt":{"rendered":"<p>El presidente de Brasil, Luiz In\u00e1cio Lula da Silva, pidi\u00f3 a los argentinos votar el pr\u00f3ximo domingo en el balotaje que disputar\u00e1n Sergio Massa y Javier Milei, pensando que brasile\u00f1os y argentinos son \u00abm\u00e1s fuertes estando juntos y d\u00e9biles separados\u00bb. \u00abLe pido al pueblo argentino que a la hora de votar piense en Argentina, piense en qu\u00e9 tipo de Sudam\u00e9rica quiere, qu\u00e9 tipo de Am\u00e9rica Latina quiere crear. Juntos seremos fuertes y separados seremos d\u00e9biles\u00bb, afirm\u00f3 Lula durante su participaci\u00f3n en el programa semanal Conversaci\u00f3n con el Presidente, que emiten&hellip;<\/p>\n","protected":false},"author":1,"featured_media":0,"comment_status":"open","ping_status":"closed","sticky":false,"template":"","format":"standard","meta":{"footnotes":""},"categories":[4],"tags":[],"class_list":["post-5058","post","type-post","status-publish","format-standard","hentry","category-interes-general"],"rttpg_featured_image_url":null,"rttpg_author":{"display_name":"rober","author_link":"https:\/\/livingmultimediosde.net.ar\/INDEX\/author\/rober\/"},"rttpg_comment":0,"rttpg_category":"<a href=\"https:\/\/livingmultimediosde.net.ar\/INDEX\/category\/interes-general\/\" rel=\"category tag\">INTERES GENERAL<\/a>","rttpg_excerpt":"El presidente de Brasil, Luiz In\u00e1cio Lula da Silva, pidi\u00f3 a los argentinos votar el pr\u00f3ximo domingo en el balotaje que disputar\u00e1n Sergio Massa y Javier Milei, pensando que brasile\u00f1os y argentinos son \u00abm\u00e1s fuertes estando juntos y d\u00e9biles separados\u00bb. \u00abLe pido al pueblo argentino que a la hora de votar piense en Argentina, piense&hellip;","_links":{"self":[{"href":"https:\/\/livingmultimediosde.net.ar\/INDEX\/wp-json\/wp\/v2\/posts\/5058","targetHints":{"allow":["GET"]}}],"collection":[{"href":"https:\/\/livingmultimediosde.net.ar\/INDEX\/wp-json\/wp\/v2\/posts"}],"about":[{"href":"https:\/\/livingmultimediosde.net.ar\/INDEX\/wp-json\/wp\/v2\/types\/post"}],"author":[{"embeddable":true,"href":"https:\/\/livingmultimediosde.net.ar\/INDEX\/wp-json\/wp\/v2\/users\/1"}],"replies":[{"embeddable":true,"href":"https:\/\/livingmultimediosde.net.ar\/INDEX\/wp-json\/wp\/v2\/comments?post=5058"}],"version-history":[{"count":1,"href":"https:\/\/livingmultimediosde.net.ar\/INDEX\/wp-json\/wp\/v2\/posts\/5058\/revisions"}],"predecessor-version":[{"id":5061,"href":"https:\/\/livingmultimediosde.net.ar\/INDEX\/wp-json\/wp\/v2\/posts\/5058\/revisions\/5061"}],"wp:attachment":[{"href":"https:\/\/livingmultimediosde.net.ar\/INDEX\/wp-json\/wp\/v2\/media?parent=5058"}],"wp:term":[{"taxonomy":"category","embeddable":true,"href":"https:\/\/livingmultimediosde.net.ar\/INDEX\/wp-json\/wp\/v2\/categories?post=5058"},{"taxonomy":"post_tag","embeddable":true,"href":"https:\/\/livingmultimediosde.net.ar\/INDEX\/wp-json\/wp\/v2\/tags?post=5058"}],"curies":[{"name":"wp","href":"https:\/\/api.w.org\/{rel}","templated":true}]}}