{"id":5055,"date":"2023-11-14T05:47:26","date_gmt":"2023-11-14T05:47:26","guid":{"rendered":"https:\/\/livingmultimediosde.net.ar\/INDEX\/?p=5055"},"modified":"2023-11-14T05:47:26","modified_gmt":"2023-11-14T05:47:26","slug":"fiscalia-de-estado-y-defensoria-del-pueblo-iniciaran-acciones-penales-por-la-mortandad-masiva-de-peces-en-el-embalse-de-rio-hondo","status":"publish","type":"post","link":"https:\/\/livingmultimediosde.net.ar\/INDEX\/2023\/11\/fiscalia-de-estado-y-defensoria-del-pueblo-iniciaran-acciones-penales-por-la-mortandad-masiva-de-peces-en-el-embalse-de-rio-hondo\/","title":{"rendered":"FISCAL\u00cdA DE ESTADO Y DEFENSOR\u00cdA DEL PUEBLO INICIAR\u00c1N ACCIONES PENALES POR LA MORTANDAD MASIVA DE PECES EN EL EMBALSE DE R\u00cdO HONDO"},"content":{"rendered":"<p>Fiscal\u00eda de Estado de Santiago del Estero y la Defensor\u00eda del Pueblo de la provincia iniciar\u00e1n acciones penales para dar con los responsables de la masiva mortandad de peces que se depositan a lo largo de kil\u00f3metros de las costas del Embalse de R\u00edo Hondo.<br \/>\nAs\u00ed lo afirm\u00f3 el fiscal Ra\u00fal Abate, luego de participar este lunes de un operativo de verificaci\u00f3n por agua y por aire en distintos puntos de la desembocadura del r\u00edo Sal\u00ed, que nace en Tucum\u00e1n.<br \/>\nLa comitiva tambi\u00e9n estuvo integrada por el defensor del Pueblo, Lionel Su\u00e1rez; el director de Asuntos Penales, Marcelo Acu\u00f1a; la asesora de Fiscal\u00eda de Estado, Andrea Achari, e integrantes del Sistema de Monitoreo de la Defensor\u00eda del Pueblo, Mart\u00edn Ibarra y Oscar Ibarra.<br \/>\n\u201cEn este operativo verificamos la mortandad de peces, nos encontramos con este desastre ecol\u00f3gico que tiene su comienzo en la vecina provincia de Tucum\u00e1n\u201d, asegur\u00f3 Abate.<br \/>\n\u201cHemos ido remontando con el helic\u00f3ptero de la provincia r\u00edo arriba y observamos que son kil\u00f3metros de peces muertos y tambi\u00e9n moribundos. Pens\u00e1bamos que hab\u00eda escarmentado la gente que produce estos hechos con las \u00f3rdenes, o que con las iniciativas dadas por la Corte Suprema de Justicia se iban a terminar estas visiones tan aterradoras, pero aparentemente la codicia y la ambici\u00f3n les pesa y prima sobre estas cuestiones. A partir de este momento vamos a iniciar las acciones penales por instrucci\u00f3n de la Direcci\u00f3n de Asuntos Penales de la Fiscal\u00eda de Estado\u201d, dijo.<br \/>\nPor su parte, Lionel Su\u00e1rez, explic\u00f3; \u201cVinimos a verificar esta situaci\u00f3n dolorosa para Santiago del Estero porque afecta todo el esfuerzo que viene haciendo la provincia con la puesta en marcha desde el 2.012 con el Programa de Monitoreo Permanente, incluso con las inspecciones en los ingenios con destiler\u00edas de la provincia de Tucum\u00e1n y que est\u00e1bamos pr\u00f3ximo a hacerlo, y nos encontramos con esta sorpresa con un sinn\u00famero de peces muertos de distintas variedades a lo largo de lo que es el r\u00edo Sal\u00ed y principalmente en la desembocadura de nuestro embalse, que a su altura goza de \u00f3ptimo ox\u00edgeno, lo cual no implica que esta mortandad que ha sufrido r\u00edo arriba en jurisdicci\u00f3n de Tucum\u00e1n no impacte negativamente en nuestra provincia\u201d.<br \/>\nAgreg\u00f3: \u201cA pesar de los monitores y que se hayan extra\u00eddo las muestras de los cursos de agua y de peces, estamos a menos de 48 hs de un supuesto pulso contaminante que se ha llevado la vida de todos estos ejemplares. Nos vamos con la peor de las im\u00e1genes, pero con las herramientas suficientes como para iniciar las acciones judiciales para determinaci\u00f3n de los responsables de esta mortandad\u201d.<\/p>\n","protected":false},"excerpt":{"rendered":"<p>Fiscal\u00eda de Estado de Santiago del Estero y la Defensor\u00eda del Pueblo de la provincia iniciar\u00e1n acciones penales para dar con los responsables de la masiva mortandad de peces que se depositan a lo largo de kil\u00f3metros de las costas del Embalse de R\u00edo Hondo. As\u00ed lo afirm\u00f3 el fiscal Ra\u00fal Abate, luego de participar este lunes de un operativo de verificaci\u00f3n por agua y por aire en distintos puntos de la desembocadura del r\u00edo Sal\u00ed, que nace en Tucum\u00e1n. La comitiva tambi\u00e9n estuvo integrada por el defensor del Pueblo,&hellip;<\/p>\n","protected":false},"author":1,"featured_media":0,"comment_status":"open","ping_status":"closed","sticky":false,"template":"","format":"standard","meta":{"footnotes":""},"categories":[1],"tags":[],"class_list":["post-5055","post","type-post","status-publish","format-standard","hentry","category-uncategorized"],"rttpg_featured_image_url":null,"rttpg_author":{"display_name":"rober","author_link":"https:\/\/livingmultimediosde.net.ar\/INDEX\/author\/rober\/"},"rttpg_comment":0,"rttpg_category":"<a href=\"https:\/\/livingmultimediosde.net.ar\/INDEX\/category\/uncategorized\/\" rel=\"category tag\">Uncategorized<\/a>","rttpg_excerpt":"Fiscal\u00eda de Estado de Santiago del Estero y la Defensor\u00eda del Pueblo de la provincia iniciar\u00e1n acciones penales para dar con los responsables de la masiva mortandad de peces que se depositan a lo largo de kil\u00f3metros de las costas del Embalse de R\u00edo Hondo. As\u00ed lo afirm\u00f3 el fiscal Ra\u00fal Abate, luego de participar&hellip;","_links":{"self":[{"href":"https:\/\/livingmultimediosde.net.ar\/INDEX\/wp-json\/wp\/v2\/posts\/5055","targetHints":{"allow":["GET"]}}],"collection":[{"href":"https:\/\/livingmultimediosde.net.ar\/INDEX\/wp-json\/wp\/v2\/posts"}],"about":[{"href":"https:\/\/livingmultimediosde.net.ar\/INDEX\/wp-json\/wp\/v2\/types\/post"}],"author":[{"embeddable":true,"href":"https:\/\/livingmultimediosde.net.ar\/INDEX\/wp-json\/wp\/v2\/users\/1"}],"replies":[{"embeddable":true,"href":"https:\/\/livingmultimediosde.net.ar\/INDEX\/wp-json\/wp\/v2\/comments?post=5055"}],"version-history":[{"count":1,"href":"https:\/\/livingmultimediosde.net.ar\/INDEX\/wp-json\/wp\/v2\/posts\/5055\/revisions"}],"predecessor-version":[{"id":5057,"href":"https:\/\/livingmultimediosde.net.ar\/INDEX\/wp-json\/wp\/v2\/posts\/5055\/revisions\/5057"}],"wp:attachment":[{"href":"https:\/\/livingmultimediosde.net.ar\/INDEX\/wp-json\/wp\/v2\/media?parent=5055"}],"wp:term":[{"taxonomy":"category","embeddable":true,"href":"https:\/\/livingmultimediosde.net.ar\/INDEX\/wp-json\/wp\/v2\/categories?post=5055"},{"taxonomy":"post_tag","embeddable":true,"href":"https:\/\/livingmultimediosde.net.ar\/INDEX\/wp-json\/wp\/v2\/tags?post=5055"}],"curies":[{"name":"wp","href":"https:\/\/api.w.org\/{rel}","templated":true}]}}