{"id":5052,"date":"2023-11-14T05:43:47","date_gmt":"2023-11-14T05:43:47","guid":{"rendered":"https:\/\/livingmultimediosde.net.ar\/INDEX\/?p=5052"},"modified":"2023-11-14T05:43:47","modified_gmt":"2023-11-14T05:43:47","slug":"zamora-y-de-pedro-encabezaron-la-entrega-de-premios-del-1-concurso-de-escritura-ana-frank","status":"publish","type":"post","link":"https:\/\/livingmultimediosde.net.ar\/INDEX\/2023\/11\/zamora-y-de-pedro-encabezaron-la-entrega-de-premios-del-1-concurso-de-escritura-ana-frank\/","title":{"rendered":"ZAMORA Y DE PEDRO ENCABEZARON LA ENTREGA DE PREMIOS DEL 1\u00b0 CONCURSO DE ESCRITURA \u201cANA FRANK\u201d"},"content":{"rendered":"<p>El gobernador Gerardo Zamora, junto con el ministro del Interior de la Naci\u00f3n, Eduardo De Pedro, particip\u00f3 este lunes de la entrega de los premios del 1\u00b0 Concurso de Escritura \u201cAna Frank\u201d, en el Centro de Convenciones F\u00f3rum, donde tambi\u00e9n estuvieron la presidente provisional del Senado, Claudia de Zamora; el vicegobernador Carlos Silva Neder; el jefe de Gabinete, El\u00edas Su\u00e1rez; la ministra de Educaci\u00f3n de la provincia, Mariela Nassif y el director del Centro Ana Frank en Argentina, H\u00e9ctor Shalom.<br \/>\nEl concurso fue organizado por el Centro Ana Frank para Am\u00e9rica Latina y el Gobierno de Santiago del Estero, en el cual participaron 390 estudiantes de toda la provincia y que otorg\u00f3 como premio un viaje a la ciudad de \u00c1msterdam, Pa\u00edses Bajos, en el a\u00f1o 2024. Adem\u00e1s de reconocimientos y tablets para los finalistas otorgados por el Ministerio de Educaci\u00f3n de la Naci\u00f3n.<br \/>\nEl 1\u00ba Concurso de Escritura \u00abDe Ana Frank a Nuestros d\u00edas\u00bb fue una invitaci\u00f3n a la escritura de textos vinculados a Ana Frank, el nazismo, la dictadura militar en Argentina, la democracia y los derechos humanos, motivando una reflexi\u00f3n acerca de la convivencia en la diversidad, la justicia social y el derecho a vivir sin violencia.<br \/>\nEn una sala colmada tambi\u00e9n estuvieron el senador Jos\u00e9 Emilio Neder; la intendente Norma Fuentes; los rectores de la Unse, H\u00e9ctor Paz, y de la Ucse, Luis Lucena; adem\u00e1s de ministros; legisladores y docentes y alumnos de los colegios participantes.<br \/>\nTras la entrega de premios y reconocimientos, Shalom resalt\u00f3 la importancia de este concurso, como una \u201cresponsabilidad de portar el legado de Ana Frank\u201d y valor\u00f3 el acompa\u00f1amiento de las autoridades de Santiago del Estero, \u201cporque es la provincia donde hemos desarrollado el proyecto m\u00e1s amplio y completo de todo el pa\u00eds\u201d.<br \/>\nDijo adem\u00e1s que los trabajos finalistas del concurso ser\u00e1n publicados en un libro llamado \u201cTextos y proyectos que construyen convivencia\u201d.<br \/>\nPor otra parte, la ministra de Educaci\u00f3n destac\u00f3 la relevancia de este proyecto. \u201cEs un inmenso orgullo verlos aqu\u00ed con la alegr\u00eda y el entusiasmo de haber producidos estas obras que son de alt\u00edsimo nivel y de much\u00edsima calidad\u201d, dijo al dirigirse a los alumnos y docentes.<br \/>\nA su turno, el ministro De Pedro remarc\u00f3 que este concurso es motivo de compromiso y reflexi\u00f3n, \u201ccuando pensamos una Argentina sin odio, donde podamos construir una sociedad que se respete, que se quiera, donde se trabaje codo a codo para dejar a cada una de las generaciones un poquito mejor este hermoso pa\u00eds\u201d.<br \/>\nPara finalizar, felicit\u00f3 al gobernador \u201cpor dar el espacio en estos tiempos dif\u00edciles en el mundo y en la Argentina, donde hay mucho discurso de odio, donde hay un negacionismo peligroso de lo que pas\u00f3 en el pa\u00eds; tambi\u00e9n por utilizar la literatura y el arte para seguir manteniendo viva la llama de la memoria\u201d.<br \/>\nPor \u00faltimo, Zamora manifest\u00f3 su agradecimiento a los profesores, estudiantes y a todos los que trabajaron en este concurso literario al considerar que \u201ces una gran posibilidad de lograr, a trav\u00e9s del arte, una nueva semilla m\u00e1s en esto que genera la educaci\u00f3n, que es igualar y que promover el clima de convivencia\u201d.<br \/>\nResalt\u00f3 tambi\u00e9n el trabajo de los educadores, \u201cpor haber creado el clima de debate, dentro y fuera del aula, y generar tambi\u00e9n la conciencia ciudadana necesaria sobre la base de algo horrible que pas\u00f3 en la historia del mundo \u2013como el holocausto- y que ha generado a trav\u00e9s de Ana Frank la posibilidad de discutir\u201d.<br \/>\nPara concluir, dej\u00f3 un mensaje a los 390 participantes: \u201cQue puedan levantar con mucha firmeza esa idea de protector para cualquier compa\u00f1ero que sufra bullying o que sea discriminado. Para ir generando en esta sociedad argentina, en el medio de un mundo convulsionado con muchas cosas que est\u00e1n pasando con mucha violencia, dolor y que tiene a veces el discurso del odio y la discriminaci\u00f3n que no permite ni el g\u00e9nero, ni la diversidad o una condici\u00f3n social o un pensamiento diferente\u201d.<\/p>\n","protected":false},"excerpt":{"rendered":"<p>El gobernador Gerardo Zamora, junto con el ministro del Interior de la Naci\u00f3n, Eduardo De Pedro, particip\u00f3 este lunes de la entrega de los premios del 1\u00b0 Concurso de Escritura \u201cAna Frank\u201d, en el Centro de Convenciones F\u00f3rum, donde tambi\u00e9n estuvieron la presidente provisional del Senado, Claudia de Zamora; el vicegobernador Carlos Silva Neder; el jefe de Gabinete, El\u00edas Su\u00e1rez; la ministra de Educaci\u00f3n de la provincia, Mariela Nassif y el director del Centro Ana Frank en Argentina, H\u00e9ctor Shalom. El concurso fue organizado por el Centro Ana Frank para&hellip;<\/p>\n","protected":false},"author":1,"featured_media":0,"comment_status":"open","ping_status":"closed","sticky":false,"template":"","format":"standard","meta":{"footnotes":""},"categories":[1],"tags":[],"class_list":["post-5052","post","type-post","status-publish","format-standard","hentry","category-uncategorized"],"rttpg_featured_image_url":null,"rttpg_author":{"display_name":"rober","author_link":"https:\/\/livingmultimediosde.net.ar\/INDEX\/author\/rober\/"},"rttpg_comment":0,"rttpg_category":"<a href=\"https:\/\/livingmultimediosde.net.ar\/INDEX\/category\/uncategorized\/\" rel=\"category tag\">Uncategorized<\/a>","rttpg_excerpt":"El gobernador Gerardo Zamora, junto con el ministro del Interior de la Naci\u00f3n, Eduardo De Pedro, particip\u00f3 este lunes de la entrega de los premios del 1\u00b0 Concurso de Escritura \u201cAna Frank\u201d, en el Centro de Convenciones F\u00f3rum, donde tambi\u00e9n estuvieron la presidente provisional del Senado, Claudia de Zamora; el vicegobernador Carlos Silva Neder; el&hellip;","_links":{"self":[{"href":"https:\/\/livingmultimediosde.net.ar\/INDEX\/wp-json\/wp\/v2\/posts\/5052","targetHints":{"allow":["GET"]}}],"collection":[{"href":"https:\/\/livingmultimediosde.net.ar\/INDEX\/wp-json\/wp\/v2\/posts"}],"about":[{"href":"https:\/\/livingmultimediosde.net.ar\/INDEX\/wp-json\/wp\/v2\/types\/post"}],"author":[{"embeddable":true,"href":"https:\/\/livingmultimediosde.net.ar\/INDEX\/wp-json\/wp\/v2\/users\/1"}],"replies":[{"embeddable":true,"href":"https:\/\/livingmultimediosde.net.ar\/INDEX\/wp-json\/wp\/v2\/comments?post=5052"}],"version-history":[{"count":1,"href":"https:\/\/livingmultimediosde.net.ar\/INDEX\/wp-json\/wp\/v2\/posts\/5052\/revisions"}],"predecessor-version":[{"id":5054,"href":"https:\/\/livingmultimediosde.net.ar\/INDEX\/wp-json\/wp\/v2\/posts\/5052\/revisions\/5054"}],"wp:attachment":[{"href":"https:\/\/livingmultimediosde.net.ar\/INDEX\/wp-json\/wp\/v2\/media?parent=5052"}],"wp:term":[{"taxonomy":"category","embeddable":true,"href":"https:\/\/livingmultimediosde.net.ar\/INDEX\/wp-json\/wp\/v2\/categories?post=5052"},{"taxonomy":"post_tag","embeddable":true,"href":"https:\/\/livingmultimediosde.net.ar\/INDEX\/wp-json\/wp\/v2\/tags?post=5052"}],"curies":[{"name":"wp","href":"https:\/\/api.w.org\/{rel}","templated":true}]}}