{"id":5049,"date":"2023-11-14T05:42:24","date_gmt":"2023-11-14T05:42:24","guid":{"rendered":"https:\/\/livingmultimediosde.net.ar\/INDEX\/?p=5049"},"modified":"2023-11-14T05:42:24","modified_gmt":"2023-11-14T05:42:24","slug":"lanzaron-el-programa-mis-primeros-1700-dias-en-la-escuela-no-1-249-del-barrio-belen-de-ciudad-capital","status":"publish","type":"post","link":"https:\/\/livingmultimediosde.net.ar\/INDEX\/2023\/11\/lanzaron-el-programa-mis-primeros-1700-dias-en-la-escuela-no-1-249-del-barrio-belen-de-ciudad-capital\/","title":{"rendered":"LANZARON EL PROGRAMA \u201cMIS PRIMEROS 1700 D\u00cdAS\u201d EN LA ESCUELA N\u00ba 1.249 DEL BARRIO BEL\u00c9N DE CIUDAD CAPITAL"},"content":{"rendered":"<p>En la ma\u00f1ana de este lunes se llev\u00f3 a cabo el lanzamiento del \u201cPrograma Mis Primeros 1.700 D\u00edas\u201d en la Escuela N\u00ba 1.249 en la ciudad Capital y que beneficiar\u00e1 a m\u00e1s de cien ni\u00f1os junto a sus familias de los barrios Bel\u00e9n, Santa Teresita, General Paz, Bosco I, II y III.<br \/>\nEste programa tiene como finalidad en reforzar la nutrici\u00f3n, el acompa\u00f1amiento y los controles de salud necesarios de los ni\u00f1os desde su gestaci\u00f3n y a lo largo de toda su infancia.<br \/>\nDe la presentaci\u00f3n participaron el referente del programa Benjam\u00edn Coria; la directora de la escuela, Claudia Corbal\u00e1n, y la coordinadora del programa, Daiana Sayago.<br \/>\nTambi\u00e9n estuvo presente el equipo de profesionales encargados de la capacitaci\u00f3n de las madres sobre la preparaci\u00f3n de los alimentos.<br \/>\nEn este marco, Coria destac\u00f3 la importancia de llegar con el programa \u201cMis Primeros 1700 D\u00edas\u201d a todas las comunidades, tanto en el interior como en la Capital, porque \u201ces un compromiso del gobernador Gerardo Zamora con todas las familias de toda la provincia\u201d.<br \/>\nPor su parte, la directora escolar destac\u00f3 los beneficios del programa, porque \u201ces muy importante para la vida de los ni\u00f1os en sus primeros a\u00f1os\u201d.<\/p>\n","protected":false},"excerpt":{"rendered":"<p>En la ma\u00f1ana de este lunes se llev\u00f3 a cabo el lanzamiento del \u201cPrograma Mis Primeros 1.700 D\u00edas\u201d en la Escuela N\u00ba 1.249 en la ciudad Capital y que beneficiar\u00e1 a m\u00e1s de cien ni\u00f1os junto a sus familias de los barrios Bel\u00e9n, Santa Teresita, General Paz, Bosco I, II y III. Este programa tiene como finalidad en reforzar la nutrici\u00f3n, el acompa\u00f1amiento y los controles de salud necesarios de los ni\u00f1os desde su gestaci\u00f3n y a lo largo de toda su infancia. De la presentaci\u00f3n participaron el referente del&hellip;<\/p>\n","protected":false},"author":1,"featured_media":0,"comment_status":"open","ping_status":"closed","sticky":false,"template":"","format":"standard","meta":{"footnotes":""},"categories":[1],"tags":[],"class_list":["post-5049","post","type-post","status-publish","format-standard","hentry","category-uncategorized"],"rttpg_featured_image_url":null,"rttpg_author":{"display_name":"rober","author_link":"https:\/\/livingmultimediosde.net.ar\/INDEX\/author\/rober\/"},"rttpg_comment":0,"rttpg_category":"<a href=\"https:\/\/livingmultimediosde.net.ar\/INDEX\/category\/uncategorized\/\" rel=\"category tag\">Uncategorized<\/a>","rttpg_excerpt":"En la ma\u00f1ana de este lunes se llev\u00f3 a cabo el lanzamiento del \u201cPrograma Mis Primeros 1.700 D\u00edas\u201d en la Escuela N\u00ba 1.249 en la ciudad Capital y que beneficiar\u00e1 a m\u00e1s de cien ni\u00f1os junto a sus familias de los barrios Bel\u00e9n, Santa Teresita, General Paz, Bosco I, II y III. Este programa tiene&hellip;","_links":{"self":[{"href":"https:\/\/livingmultimediosde.net.ar\/INDEX\/wp-json\/wp\/v2\/posts\/5049","targetHints":{"allow":["GET"]}}],"collection":[{"href":"https:\/\/livingmultimediosde.net.ar\/INDEX\/wp-json\/wp\/v2\/posts"}],"about":[{"href":"https:\/\/livingmultimediosde.net.ar\/INDEX\/wp-json\/wp\/v2\/types\/post"}],"author":[{"embeddable":true,"href":"https:\/\/livingmultimediosde.net.ar\/INDEX\/wp-json\/wp\/v2\/users\/1"}],"replies":[{"embeddable":true,"href":"https:\/\/livingmultimediosde.net.ar\/INDEX\/wp-json\/wp\/v2\/comments?post=5049"}],"version-history":[{"count":1,"href":"https:\/\/livingmultimediosde.net.ar\/INDEX\/wp-json\/wp\/v2\/posts\/5049\/revisions"}],"predecessor-version":[{"id":5051,"href":"https:\/\/livingmultimediosde.net.ar\/INDEX\/wp-json\/wp\/v2\/posts\/5049\/revisions\/5051"}],"wp:attachment":[{"href":"https:\/\/livingmultimediosde.net.ar\/INDEX\/wp-json\/wp\/v2\/media?parent=5049"}],"wp:term":[{"taxonomy":"category","embeddable":true,"href":"https:\/\/livingmultimediosde.net.ar\/INDEX\/wp-json\/wp\/v2\/categories?post=5049"},{"taxonomy":"post_tag","embeddable":true,"href":"https:\/\/livingmultimediosde.net.ar\/INDEX\/wp-json\/wp\/v2\/tags?post=5049"}],"curies":[{"name":"wp","href":"https:\/\/api.w.org\/{rel}","templated":true}]}}