{"id":5038,"date":"2023-11-12T17:37:29","date_gmt":"2023-11-12T17:37:29","guid":{"rendered":"https:\/\/livingmultimediosde.net.ar\/INDEX\/?p=5038"},"modified":"2023-11-12T17:37:29","modified_gmt":"2023-11-12T17:37:29","slug":"massa-tenemos-que-ir-a-un-nuevo-pacto-federal","status":"publish","type":"post","link":"https:\/\/livingmultimediosde.net.ar\/INDEX\/2023\/11\/massa-tenemos-que-ir-a-un-nuevo-pacto-federal\/","title":{"rendered":"Massa: \u00abTenemos que ir a un nuevo pacto federal\u00bb"},"content":{"rendered":"<div class=\"entry-content\">\n<p>El ministro de Econom\u00eda y candidato presidencial de Uni\u00f3n por la Patria (UxP), Sergio Massa, sostuvo que Argentina tiene que ir a un \u00abnuevo pacto federal\u00bb y asever\u00f3 que va a gobernar \u00abpara todos los argentinos\u00bb sin importar \u00absi en otra provincia gobierna otra fuerza pol\u00edtica\u00bb, en la primera entrevista federal realizada con medios provinciales.<\/p>\n<p><strong>\u00abTenemos que ir a un nuevo pacto federal. Estoy dispuesto a ceder recursos, pero todos debemos ceder un poquito, para alcanzar una simplificaci\u00f3n tributaria\u00bb<\/strong>, remarc\u00f3 Massa en una entrevista realizada en el b\u00fanker de campa\u00f1a de UxP y publicada este domingo con casi 70 medios del interior de Argentina.<\/p>\n<p>Adem\u00e1s se\u00f1al\u00f3:\u00a0<strong>\u00abYo siento que nosotros somos una Naci\u00f3n que tenemos adem\u00e1s una bandera, valores y un sistema de vida que nos identifica, que no es s\u00e1lvese quien pueda. Esa respuesta es la respuesta m\u00e1s clara de que el federalismo no est\u00e1 en la cabeza de la otra fuerza pol\u00edtica\u00bb<\/strong>, dijo en referencia su contrincante en el balotaje del 19 de noviembre, el postulante de LLA, Javier Milei.<\/p>\n<figure class=\"mb-3\"><img decoding=\"async\" data-src=\"https:\/\/www.telam.com.ar\/thumbs\/bluesteel\/advf\/imagenes\/2023\/11\/654d36d19328b_1200.jpg\" class=\"lazy lazyload\" src=\"data:image\/gif;base64,R0lGODlhAQABAIAAAAAAAP\/\/\/yH5BAEAAAAALAAAAAABAAEAAAIBRAA7\" alt=\"Foto prensa\" width=\"100%\" height=\"100%\" \/><noscript><img decoding=\"async\" class=\" lazy \" src=\"https:\/\/www.telam.com.ar\/thumbs\/bluesteel\/advf\/imagenes\/2023\/11\/654d36d19328b_1200.jpg\" alt=\"Foto prensa\" width=\"100%\" height=\"100%\"><\/noscript>&nbsp;<\/p>\n<div class=\"media-icons\"><\/div><figcaption>Foto: prensa<\/figcaption><\/figure>\n<p>El ministro remarc\u00f3 que \u00abno todo tiene precio\u00bb y diferenci\u00f3 que \u00abuna cosa es el mercado y otra cosa la Patria\u00bb.<\/p>\n<p>\u00abNo todo tiene precio, la vida, el alma de los argentinos, la identidad, la bandera, nuestra constituci\u00f3n, el himno, no tienen precio porque son de nuestra esencia. Y eso me hace absolutamente distinto de este otro candidato\u00bb, insisti\u00f3.<\/p>\n<blockquote class=\"\"><p>\u00abNo todo tiene precio, la vida, el alma de los argentinos, la identidad, la bandera, nuestra constituci\u00f3n, el himno, no tienen precio porque son de nuestra esencia. Y eso me hace absolutamente distinto de este otro candidato\u00bb<\/p><\/blockquote>\n<p>Para Massa, Argentina debe \u00abpartir de un cambio de paradigma en\u00a0<strong>10 temas<\/strong>\u00bb como \u00ab<strong>educaci\u00f3n, reglas laborales, inversi\u00f3n energ\u00e9tica, inversi\u00f3n en el campo, inversi\u00f3n en miner\u00eda<\/strong>\u00bb y pidi\u00f3 que con esos temas \u00abno jodamos\u00bb porque, dijo, \u00abson para el desarrollo argentino\u00bb.<\/p>\n<p>Destac\u00f3 que Argentina \u00abcon orden, con pol\u00edticas de Estado tiene para crecer much\u00edsimo y tiene para que la gente viva mucho mejor\u00bb.<\/p>\n<p>Sobre el \u00edndice de precios, consider\u00f3 que si se \u00abestuviese discutiendo una elecci\u00f3n que sea, por ejemplo, Massa o (Horacio Rodr\u00edguez) Larreta, el 10 de diciembre gobierne quien gobierne la inflaci\u00f3n bajar\u00eda naturalmente a la mitad\u00bb pero advirti\u00f3 que con \u00absaltos al vac\u00edo\u00bb y propuestas de \u00abcerrar el Banco Central\u00bb no es posible prever eso.<\/p>\n<p>Consultado sobre la relaci\u00f3n que tendr\u00eda con los gobernadores de la oposici\u00f3n, destac\u00f3 que, en caso de ser electo, \u00abel 10 de diciembre tengo la responsabilidad de gobernar para todos los argentinos\u00bb y resalt\u00f3 que \u00abno importa si en otra provincia gobierna otra fuerza pol\u00edtica\u00bb.<\/p>\n<figure class=\"mb-3\"><img decoding=\"async\" data-src=\"https:\/\/www.telam.com.ar\/thumbs\/bluesteel\/advf\/imagenes\/2023\/11\/654c1433801c2_1200.jpg\" class=\"lazy lazyload\" src=\"data:image\/gif;base64,R0lGODlhAQABAIAAAAAAAP\/\/\/yH5BAEAAAAALAAAAAABAAEAAAIBRAA7\" alt=\"Foto Cris Sille \" width=\"100%\" height=\"100%\" \/><noscript><img decoding=\"async\" class=\" lazy \" src=\"https:\/\/www.telam.com.ar\/thumbs\/bluesteel\/advf\/imagenes\/2023\/11\/654c1433801c2_1200.jpg\" alt=\"Foto Cris Sille \" width=\"100%\" height=\"100%\"><\/noscript>&nbsp;<\/p>\n<div class=\"media-icons\"><\/div><figcaption>Foto: Cris Sille<\/figcaption><\/figure>\n<p>\u00abEl cambio m\u00e1s importante que podemos construir desde el 10 de diciembre es cerrar definitivamente la grieta y construir un gobierno de unidad nacional, y eso no tiene partidos pol\u00edticos\u00bb, agreg\u00f3.<\/p>\n<blockquote class=\"\"><p>\u00abEl cambio m\u00e1s importante que podemos construir desde el 10 de diciembre es cerrar definitivamente la grieta y construir un gobierno de unidad nacional, y eso no tiene partidos pol\u00edticos\u00bb<\/p><\/blockquote>\n<\/div>\n","protected":false},"excerpt":{"rendered":"<p>El ministro de Econom\u00eda y candidato presidencial de Uni\u00f3n por la Patria (UxP), Sergio Massa, sostuvo que Argentina tiene que ir a un \u00abnuevo pacto federal\u00bb y asever\u00f3 que va a gobernar \u00abpara todos los argentinos\u00bb sin importar \u00absi en otra provincia gobierna otra fuerza pol\u00edtica\u00bb, en la primera entrevista federal realizada con medios provinciales. \u00abTenemos que ir a un nuevo pacto federal. Estoy dispuesto a ceder recursos, pero todos debemos ceder un poquito, para alcanzar una simplificaci\u00f3n tributaria\u00bb, remarc\u00f3 Massa en una entrevista realizada en el b\u00fanker de campa\u00f1a&hellip;<\/p>\n","protected":false},"author":1,"featured_media":0,"comment_status":"open","ping_status":"closed","sticky":false,"template":"","format":"standard","meta":{"footnotes":""},"categories":[4],"tags":[],"class_list":["post-5038","post","type-post","status-publish","format-standard","hentry","category-interes-general"],"rttpg_featured_image_url":null,"rttpg_author":{"display_name":"rober","author_link":"https:\/\/livingmultimediosde.net.ar\/INDEX\/author\/rober\/"},"rttpg_comment":0,"rttpg_category":"<a href=\"https:\/\/livingmultimediosde.net.ar\/INDEX\/category\/interes-general\/\" rel=\"category tag\">INTERES GENERAL<\/a>","rttpg_excerpt":"El ministro de Econom\u00eda y candidato presidencial de Uni\u00f3n por la Patria (UxP), Sergio Massa, sostuvo que Argentina tiene que ir a un \u00abnuevo pacto federal\u00bb y asever\u00f3 que va a gobernar \u00abpara todos los argentinos\u00bb sin importar \u00absi en otra provincia gobierna otra fuerza pol\u00edtica\u00bb, en la primera entrevista federal realizada con medios provinciales.&hellip;","_links":{"self":[{"href":"https:\/\/livingmultimediosde.net.ar\/INDEX\/wp-json\/wp\/v2\/posts\/5038","targetHints":{"allow":["GET"]}}],"collection":[{"href":"https:\/\/livingmultimediosde.net.ar\/INDEX\/wp-json\/wp\/v2\/posts"}],"about":[{"href":"https:\/\/livingmultimediosde.net.ar\/INDEX\/wp-json\/wp\/v2\/types\/post"}],"author":[{"embeddable":true,"href":"https:\/\/livingmultimediosde.net.ar\/INDEX\/wp-json\/wp\/v2\/users\/1"}],"replies":[{"embeddable":true,"href":"https:\/\/livingmultimediosde.net.ar\/INDEX\/wp-json\/wp\/v2\/comments?post=5038"}],"version-history":[{"count":1,"href":"https:\/\/livingmultimediosde.net.ar\/INDEX\/wp-json\/wp\/v2\/posts\/5038\/revisions"}],"predecessor-version":[{"id":5040,"href":"https:\/\/livingmultimediosde.net.ar\/INDEX\/wp-json\/wp\/v2\/posts\/5038\/revisions\/5040"}],"wp:attachment":[{"href":"https:\/\/livingmultimediosde.net.ar\/INDEX\/wp-json\/wp\/v2\/media?parent=5038"}],"wp:term":[{"taxonomy":"category","embeddable":true,"href":"https:\/\/livingmultimediosde.net.ar\/INDEX\/wp-json\/wp\/v2\/categories?post=5038"},{"taxonomy":"post_tag","embeddable":true,"href":"https:\/\/livingmultimediosde.net.ar\/INDEX\/wp-json\/wp\/v2\/tags?post=5038"}],"curies":[{"name":"wp","href":"https:\/\/api.w.org\/{rel}","templated":true}]}}