{"id":5029,"date":"2023-11-12T17:33:48","date_gmt":"2023-11-12T17:33:48","guid":{"rendered":"https:\/\/livingmultimediosde.net.ar\/INDEX\/?p=5029"},"modified":"2023-11-12T17:33:48","modified_gmt":"2023-11-12T17:33:48","slug":"el-hcd-en-la-conmemoracion-de-los-40-anos-de-democracia-en-argentina","status":"publish","type":"post","link":"https:\/\/livingmultimediosde.net.ar\/INDEX\/2023\/11\/el-hcd-en-la-conmemoracion-de-los-40-anos-de-democracia-en-argentina\/","title":{"rendered":"EL HCD EN LA CONMEMORACI\u00d3N DE LOS 40 A\u00d1OS DE DEMOCRACIA EN ARGENTINA"},"content":{"rendered":"<div class=\"entry-content\">\n<p>Presidida por el gobernador Gerardo Zamora y la presidenta provisional del Senado, Claudia Ledesma Abdala De Zamora, se realiz\u00f3 la ceremonia de apertura del mes de conmemoraci\u00f3n de los 40 a\u00f1os de democracia en Argentina, en la explanada del Centro Cultural del Bicentenario Santiago del Estero.<\/p>\n<p>La jornada estuvo llena de espect\u00e1culos de danza, m\u00fasica y un despliegue de banderas argentinas con la interpretaci\u00f3n del Himno Nacional a cargo de integrantes de la Orquesta Infantil Juvenil del Ministerio de Educaci\u00f3n y Coro Polif\u00f3nico del CCB dirigida por el profesor Eduardo Bucci.<\/p>\n<p>Al finalizar, se realiz\u00f3 la puesta en escena del Ballet Latinoamericano de Santiago del Estero dirigido por el profesor Juan Messad.<\/p>\n<p>Estuvieron tambi\u00e9n, el vicegobernador Carlos Silva Neder; el jefe de Gabinete, El\u00edas Su\u00e1rez; la intendente de la Capital, Norma Fuentes; presidente del Honorable Concejo Deliberante don Humberto Eduardo Santill\u00e1n, concejales Walter Medina Salom\u00f3n, Mar\u00eda Isabel P\u00e9rez Nazar, Mario Nazer, Carlos Basualdo, Aida Luz Soria y Gabriela Ortiz., ministros, legisladores y dem\u00e1s autoridades provinciales y municipales.<\/p>\n<figure class=\"wp-block-gallery has-nested-images columns-default is-cropped wp-block-gallery-1 is-layout-flex wp-block-gallery-is-layout-flex\" data-carousel-extra=\"{&quot;blog_id&quot;:1,&quot;permalink&quot;:&quot;https:\\\/\\\/cdsde.com.ar\\\/index\\\/2023\\\/11\\\/11\\\/el-hcd-en-la-conmemoracion-de-los-40-anos-de-democracia-en-argentina\\\/&quot;}\">\n<figure class=\"wp-block-image size-large\"><img decoding=\"async\" data-src=\"https:\/\/cdsde.com.ar\/wp-content\/uploads\/2023\/11\/IMG-20231111-WA0078-1024x1024.jpg\" data-srcset=\"https:\/\/cdsde.com.ar\/wp-content\/uploads\/2023\/11\/IMG-20231111-WA0078-1024x1024.jpg 1024w, https:\/\/cdsde.com.ar\/wp-content\/uploads\/2023\/11\/IMG-20231111-WA0078-300x300.jpg 300w, https:\/\/cdsde.com.ar\/wp-content\/uploads\/2023\/11\/IMG-20231111-WA0078-150x150.jpg 150w, https:\/\/cdsde.com.ar\/wp-content\/uploads\/2023\/11\/IMG-20231111-WA0078-768x768.jpg 768w, https:\/\/cdsde.com.ar\/wp-content\/uploads\/2023\/11\/IMG-20231111-WA0078.jpg 1080w\" class=\"wp-image-2253 jetpack-lazy-image jetpack-lazy-image--handled lazyload\" src=\"data:image\/gif;base64,R0lGODlhAQABAIAAAAAAAP\/\/\/yH5BAEAAAAALAAAAAABAAEAAAIBRAA7\" sizes=\"(max-width: 1024px) 100vw, 1024px\"  alt=\"\" width=\"1024\" height=\"1024\" data-attachment-id=\"2253\" data-permalink=\"https:\/\/cdsde.com.ar\/index\/2023\/11\/11\/el-hcd-en-la-conmemoracion-de-los-40-anos-de-democracia-en-argentina\/img-20231111-wa0078\/\" data-orig-file=\"https:\/\/cdsde.com.ar\/wp-content\/uploads\/2023\/11\/IMG-20231111-WA0078.jpg\" data-orig-size=\"1080,1080\" data-comments-opened=\"1\" data-image-meta=\"{&quot;aperture&quot;:&quot;0&quot;,&quot;credit&quot;:&quot;&quot;,&quot;camera&quot;:&quot;&quot;,&quot;caption&quot;:&quot;&quot;,&quot;created_timestamp&quot;:&quot;0&quot;,&quot;copyright&quot;:&quot;&quot;,&quot;focal_length&quot;:&quot;0&quot;,&quot;iso&quot;:&quot;0&quot;,&quot;shutter_speed&quot;:&quot;0&quot;,&quot;title&quot;:&quot;&quot;,&quot;orientation&quot;:&quot;0&quot;}\" data-image-title=\"IMG-20231111-WA0078\" data-image-description=\"\" data-image-caption=\"\" data-medium-file=\"https:\/\/cdsde.com.ar\/wp-content\/uploads\/2023\/11\/IMG-20231111-WA0078-300x300.jpg\" data-large-file=\"https:\/\/cdsde.com.ar\/wp-content\/uploads\/2023\/11\/IMG-20231111-WA0078-1024x1024.jpg\" data-id=\"2253\" data-lazy-loaded=\"1\" \/><noscript><img decoding=\"async\" class=\"wp-image-2253 jetpack-lazy-image jetpack-lazy-image--handled\" src=\"https:\/\/cdsde.com.ar\/wp-content\/uploads\/2023\/11\/IMG-20231111-WA0078-1024x1024.jpg\" sizes=\"(max-width: 1024px) 100vw, 1024px\" srcset=\"https:\/\/cdsde.com.ar\/wp-content\/uploads\/2023\/11\/IMG-20231111-WA0078-1024x1024.jpg 1024w, https:\/\/cdsde.com.ar\/wp-content\/uploads\/2023\/11\/IMG-20231111-WA0078-300x300.jpg 300w, https:\/\/cdsde.com.ar\/wp-content\/uploads\/2023\/11\/IMG-20231111-WA0078-150x150.jpg 150w, https:\/\/cdsde.com.ar\/wp-content\/uploads\/2023\/11\/IMG-20231111-WA0078-768x768.jpg 768w, https:\/\/cdsde.com.ar\/wp-content\/uploads\/2023\/11\/IMG-20231111-WA0078.jpg 1080w\" alt=\"\" width=\"1024\" height=\"1024\" data-attachment-id=\"2253\" data-permalink=\"https:\/\/cdsde.com.ar\/index\/2023\/11\/11\/el-hcd-en-la-conmemoracion-de-los-40-anos-de-democracia-en-argentina\/img-20231111-wa0078\/\" data-orig-file=\"https:\/\/cdsde.com.ar\/wp-content\/uploads\/2023\/11\/IMG-20231111-WA0078.jpg\" data-orig-size=\"1080,1080\" data-comments-opened=\"1\" data-image-meta=\"{&quot;aperture&quot;:&quot;0&quot;,&quot;credit&quot;:&quot;&quot;,&quot;camera&quot;:&quot;&quot;,&quot;caption&quot;:&quot;&quot;,&quot;created_timestamp&quot;:&quot;0&quot;,&quot;copyright&quot;:&quot;&quot;,&quot;focal_length&quot;:&quot;0&quot;,&quot;iso&quot;:&quot;0&quot;,&quot;shutter_speed&quot;:&quot;0&quot;,&quot;title&quot;:&quot;&quot;,&quot;orientation&quot;:&quot;0&quot;}\" data-image-title=\"IMG-20231111-WA0078\" data-image-description=\"\" data-image-caption=\"\" data-medium-file=\"https:\/\/cdsde.com.ar\/wp-content\/uploads\/2023\/11\/IMG-20231111-WA0078-300x300.jpg\" data-large-file=\"https:\/\/cdsde.com.ar\/wp-content\/uploads\/2023\/11\/IMG-20231111-WA0078-1024x1024.jpg\" data-id=\"2253\" data-lazy-loaded=\"1\"><\/noscript><\/figure>\n<figure class=\"wp-block-image size-large\"><img decoding=\"async\" data-src=\"https:\/\/cdsde.com.ar\/wp-content\/uploads\/2023\/11\/IMG-20231111-WA0077-1024x1024.jpg\" data-srcset=\"https:\/\/cdsde.com.ar\/wp-content\/uploads\/2023\/11\/IMG-20231111-WA0077-1024x1024.jpg 1024w, https:\/\/cdsde.com.ar\/wp-content\/uploads\/2023\/11\/IMG-20231111-WA0077-300x300.jpg 300w, https:\/\/cdsde.com.ar\/wp-content\/uploads\/2023\/11\/IMG-20231111-WA0077-150x150.jpg 150w, https:\/\/cdsde.com.ar\/wp-content\/uploads\/2023\/11\/IMG-20231111-WA0077-768x768.jpg 768w, https:\/\/cdsde.com.ar\/wp-content\/uploads\/2023\/11\/IMG-20231111-WA0077.jpg 1080w\" class=\"wp-image-2250 jetpack-lazy-image jetpack-lazy-image--handled lazyload\" src=\"data:image\/gif;base64,R0lGODlhAQABAIAAAAAAAP\/\/\/yH5BAEAAAAALAAAAAABAAEAAAIBRAA7\" sizes=\"(max-width: 1024px) 100vw, 1024px\"  alt=\"\" width=\"1024\" height=\"1024\" data-attachment-id=\"2250\" data-permalink=\"https:\/\/cdsde.com.ar\/index\/2023\/11\/11\/el-hcd-en-la-conmemoracion-de-los-40-anos-de-democracia-en-argentina\/img-20231111-wa0077\/\" data-orig-file=\"https:\/\/cdsde.com.ar\/wp-content\/uploads\/2023\/11\/IMG-20231111-WA0077.jpg\" data-orig-size=\"1080,1080\" data-comments-opened=\"1\" data-image-meta=\"{&quot;aperture&quot;:&quot;0&quot;,&quot;credit&quot;:&quot;&quot;,&quot;camera&quot;:&quot;&quot;,&quot;caption&quot;:&quot;&quot;,&quot;created_timestamp&quot;:&quot;0&quot;,&quot;copyright&quot;:&quot;&quot;,&quot;focal_length&quot;:&quot;0&quot;,&quot;iso&quot;:&quot;0&quot;,&quot;shutter_speed&quot;:&quot;0&quot;,&quot;title&quot;:&quot;&quot;,&quot;orientation&quot;:&quot;0&quot;}\" data-image-title=\"IMG-20231111-WA0077\" data-image-description=\"\" data-image-caption=\"\" data-medium-file=\"https:\/\/cdsde.com.ar\/wp-content\/uploads\/2023\/11\/IMG-20231111-WA0077-300x300.jpg\" data-large-file=\"https:\/\/cdsde.com.ar\/wp-content\/uploads\/2023\/11\/IMG-20231111-WA0077-1024x1024.jpg\" data-id=\"2250\" data-lazy-loaded=\"1\" \/><noscript><img decoding=\"async\" class=\"wp-image-2250 jetpack-lazy-image jetpack-lazy-image--handled\" src=\"https:\/\/cdsde.com.ar\/wp-content\/uploads\/2023\/11\/IMG-20231111-WA0077-1024x1024.jpg\" sizes=\"(max-width: 1024px) 100vw, 1024px\" srcset=\"https:\/\/cdsde.com.ar\/wp-content\/uploads\/2023\/11\/IMG-20231111-WA0077-1024x1024.jpg 1024w, https:\/\/cdsde.com.ar\/wp-content\/uploads\/2023\/11\/IMG-20231111-WA0077-300x300.jpg 300w, https:\/\/cdsde.com.ar\/wp-content\/uploads\/2023\/11\/IMG-20231111-WA0077-150x150.jpg 150w, https:\/\/cdsde.com.ar\/wp-content\/uploads\/2023\/11\/IMG-20231111-WA0077-768x768.jpg 768w, https:\/\/cdsde.com.ar\/wp-content\/uploads\/2023\/11\/IMG-20231111-WA0077.jpg 1080w\" alt=\"\" width=\"1024\" height=\"1024\" data-attachment-id=\"2250\" data-permalink=\"https:\/\/cdsde.com.ar\/index\/2023\/11\/11\/el-hcd-en-la-conmemoracion-de-los-40-anos-de-democracia-en-argentina\/img-20231111-wa0077\/\" data-orig-file=\"https:\/\/cdsde.com.ar\/wp-content\/uploads\/2023\/11\/IMG-20231111-WA0077.jpg\" data-orig-size=\"1080,1080\" data-comments-opened=\"1\" data-image-meta=\"{&quot;aperture&quot;:&quot;0&quot;,&quot;credit&quot;:&quot;&quot;,&quot;camera&quot;:&quot;&quot;,&quot;caption&quot;:&quot;&quot;,&quot;created_timestamp&quot;:&quot;0&quot;,&quot;copyright&quot;:&quot;&quot;,&quot;focal_length&quot;:&quot;0&quot;,&quot;iso&quot;:&quot;0&quot;,&quot;shutter_speed&quot;:&quot;0&quot;,&quot;title&quot;:&quot;&quot;,&quot;orientation&quot;:&quot;0&quot;}\" data-image-title=\"IMG-20231111-WA0077\" data-image-description=\"\" data-image-caption=\"\" data-medium-file=\"https:\/\/cdsde.com.ar\/wp-content\/uploads\/2023\/11\/IMG-20231111-WA0077-300x300.jpg\" data-large-file=\"https:\/\/cdsde.com.ar\/wp-content\/uploads\/2023\/11\/IMG-20231111-WA0077-1024x1024.jpg\" data-id=\"2250\" data-lazy-loaded=\"1\"><\/noscript><\/figure>\n<figure class=\"wp-block-image size-large\"><img decoding=\"async\" data-src=\"https:\/\/cdsde.com.ar\/wp-content\/uploads\/2023\/11\/IMG-20231111-WA0074-1024x1024.jpg\" data-srcset=\"https:\/\/cdsde.com.ar\/wp-content\/uploads\/2023\/11\/IMG-20231111-WA0074-1024x1024.jpg 1024w, https:\/\/cdsde.com.ar\/wp-content\/uploads\/2023\/11\/IMG-20231111-WA0074-300x300.jpg 300w, https:\/\/cdsde.com.ar\/wp-content\/uploads\/2023\/11\/IMG-20231111-WA0074-150x150.jpg 150w, https:\/\/cdsde.com.ar\/wp-content\/uploads\/2023\/11\/IMG-20231111-WA0074-768x768.jpg 768w, https:\/\/cdsde.com.ar\/wp-content\/uploads\/2023\/11\/IMG-20231111-WA0074.jpg 1080w\" class=\"wp-image-2254 jetpack-lazy-image jetpack-lazy-image--handled lazyload\" src=\"data:image\/gif;base64,R0lGODlhAQABAIAAAAAAAP\/\/\/yH5BAEAAAAALAAAAAABAAEAAAIBRAA7\" sizes=\"(max-width: 1024px) 100vw, 1024px\"  alt=\"\" width=\"1024\" height=\"1024\" data-attachment-id=\"2254\" data-permalink=\"https:\/\/cdsde.com.ar\/index\/2023\/11\/11\/el-hcd-en-la-conmemoracion-de-los-40-anos-de-democracia-en-argentina\/img-20231111-wa0074\/\" data-orig-file=\"https:\/\/cdsde.com.ar\/wp-content\/uploads\/2023\/11\/IMG-20231111-WA0074.jpg\" data-orig-size=\"1080,1080\" data-comments-opened=\"1\" data-image-meta=\"{&quot;aperture&quot;:&quot;0&quot;,&quot;credit&quot;:&quot;&quot;,&quot;camera&quot;:&quot;&quot;,&quot;caption&quot;:&quot;&quot;,&quot;created_timestamp&quot;:&quot;0&quot;,&quot;copyright&quot;:&quot;&quot;,&quot;focal_length&quot;:&quot;0&quot;,&quot;iso&quot;:&quot;0&quot;,&quot;shutter_speed&quot;:&quot;0&quot;,&quot;title&quot;:&quot;&quot;,&quot;orientation&quot;:&quot;0&quot;}\" data-image-title=\"IMG-20231111-WA0074\" data-image-description=\"\" data-image-caption=\"\" data-medium-file=\"https:\/\/cdsde.com.ar\/wp-content\/uploads\/2023\/11\/IMG-20231111-WA0074-300x300.jpg\" data-large-file=\"https:\/\/cdsde.com.ar\/wp-content\/uploads\/2023\/11\/IMG-20231111-WA0074-1024x1024.jpg\" data-id=\"2254\" data-lazy-loaded=\"1\" \/><noscript><img decoding=\"async\" class=\"wp-image-2254 jetpack-lazy-image jetpack-lazy-image--handled\" src=\"https:\/\/cdsde.com.ar\/wp-content\/uploads\/2023\/11\/IMG-20231111-WA0074-1024x1024.jpg\" sizes=\"(max-width: 1024px) 100vw, 1024px\" srcset=\"https:\/\/cdsde.com.ar\/wp-content\/uploads\/2023\/11\/IMG-20231111-WA0074-1024x1024.jpg 1024w, https:\/\/cdsde.com.ar\/wp-content\/uploads\/2023\/11\/IMG-20231111-WA0074-300x300.jpg 300w, https:\/\/cdsde.com.ar\/wp-content\/uploads\/2023\/11\/IMG-20231111-WA0074-150x150.jpg 150w, https:\/\/cdsde.com.ar\/wp-content\/uploads\/2023\/11\/IMG-20231111-WA0074-768x768.jpg 768w, https:\/\/cdsde.com.ar\/wp-content\/uploads\/2023\/11\/IMG-20231111-WA0074.jpg 1080w\" alt=\"\" width=\"1024\" height=\"1024\" data-attachment-id=\"2254\" data-permalink=\"https:\/\/cdsde.com.ar\/index\/2023\/11\/11\/el-hcd-en-la-conmemoracion-de-los-40-anos-de-democracia-en-argentina\/img-20231111-wa0074\/\" data-orig-file=\"https:\/\/cdsde.com.ar\/wp-content\/uploads\/2023\/11\/IMG-20231111-WA0074.jpg\" data-orig-size=\"1080,1080\" data-comments-opened=\"1\" data-image-meta=\"{&quot;aperture&quot;:&quot;0&quot;,&quot;credit&quot;:&quot;&quot;,&quot;camera&quot;:&quot;&quot;,&quot;caption&quot;:&quot;&quot;,&quot;created_timestamp&quot;:&quot;0&quot;,&quot;copyright&quot;:&quot;&quot;,&quot;focal_length&quot;:&quot;0&quot;,&quot;iso&quot;:&quot;0&quot;,&quot;shutter_speed&quot;:&quot;0&quot;,&quot;title&quot;:&quot;&quot;,&quot;orientation&quot;:&quot;0&quot;}\" data-image-title=\"IMG-20231111-WA0074\" data-image-description=\"\" data-image-caption=\"\" data-medium-file=\"https:\/\/cdsde.com.ar\/wp-content\/uploads\/2023\/11\/IMG-20231111-WA0074-300x300.jpg\" data-large-file=\"https:\/\/cdsde.com.ar\/wp-content\/uploads\/2023\/11\/IMG-20231111-WA0074-1024x1024.jpg\" data-id=\"2254\" data-lazy-loaded=\"1\"><\/noscript><\/figure>\n<figure class=\"wp-block-image size-large\"><img decoding=\"async\" data-src=\"https:\/\/cdsde.com.ar\/wp-content\/uploads\/2023\/11\/IMG-20231111-WA0075-1024x1024.jpg\" data-srcset=\"https:\/\/cdsde.com.ar\/wp-content\/uploads\/2023\/11\/IMG-20231111-WA0075-1024x1024.jpg 1024w, https:\/\/cdsde.com.ar\/wp-content\/uploads\/2023\/11\/IMG-20231111-WA0075-300x300.jpg 300w, https:\/\/cdsde.com.ar\/wp-content\/uploads\/2023\/11\/IMG-20231111-WA0075-150x150.jpg 150w, https:\/\/cdsde.com.ar\/wp-content\/uploads\/2023\/11\/IMG-20231111-WA0075-768x768.jpg 768w, https:\/\/cdsde.com.ar\/wp-content\/uploads\/2023\/11\/IMG-20231111-WA0075.jpg 1080w\" class=\"wp-image-2251 jetpack-lazy-image jetpack-lazy-image--handled lazyload\" src=\"data:image\/gif;base64,R0lGODlhAQABAIAAAAAAAP\/\/\/yH5BAEAAAAALAAAAAABAAEAAAIBRAA7\" sizes=\"(max-width: 1024px) 100vw, 1024px\"  alt=\"\" width=\"1024\" height=\"1024\" data-attachment-id=\"2251\" data-permalink=\"https:\/\/cdsde.com.ar\/index\/2023\/11\/11\/el-hcd-en-la-conmemoracion-de-los-40-anos-de-democracia-en-argentina\/img-20231111-wa0075\/\" data-orig-file=\"https:\/\/cdsde.com.ar\/wp-content\/uploads\/2023\/11\/IMG-20231111-WA0075.jpg\" data-orig-size=\"1080,1080\" data-comments-opened=\"1\" data-image-meta=\"{&quot;aperture&quot;:&quot;0&quot;,&quot;credit&quot;:&quot;&quot;,&quot;camera&quot;:&quot;&quot;,&quot;caption&quot;:&quot;&quot;,&quot;created_timestamp&quot;:&quot;0&quot;,&quot;copyright&quot;:&quot;&quot;,&quot;focal_length&quot;:&quot;0&quot;,&quot;iso&quot;:&quot;0&quot;,&quot;shutter_speed&quot;:&quot;0&quot;,&quot;title&quot;:&quot;&quot;,&quot;orientation&quot;:&quot;0&quot;}\" data-image-title=\"IMG-20231111-WA0075\" data-image-description=\"\" data-image-caption=\"\" data-medium-file=\"https:\/\/cdsde.com.ar\/wp-content\/uploads\/2023\/11\/IMG-20231111-WA0075-300x300.jpg\" data-large-file=\"https:\/\/cdsde.com.ar\/wp-content\/uploads\/2023\/11\/IMG-20231111-WA0075-1024x1024.jpg\" data-id=\"2251\" data-lazy-loaded=\"1\" \/><noscript><img decoding=\"async\" class=\"wp-image-2251 jetpack-lazy-image jetpack-lazy-image--handled\" src=\"https:\/\/cdsde.com.ar\/wp-content\/uploads\/2023\/11\/IMG-20231111-WA0075-1024x1024.jpg\" sizes=\"(max-width: 1024px) 100vw, 1024px\" srcset=\"https:\/\/cdsde.com.ar\/wp-content\/uploads\/2023\/11\/IMG-20231111-WA0075-1024x1024.jpg 1024w, https:\/\/cdsde.com.ar\/wp-content\/uploads\/2023\/11\/IMG-20231111-WA0075-300x300.jpg 300w, https:\/\/cdsde.com.ar\/wp-content\/uploads\/2023\/11\/IMG-20231111-WA0075-150x150.jpg 150w, https:\/\/cdsde.com.ar\/wp-content\/uploads\/2023\/11\/IMG-20231111-WA0075-768x768.jpg 768w, https:\/\/cdsde.com.ar\/wp-content\/uploads\/2023\/11\/IMG-20231111-WA0075.jpg 1080w\" alt=\"\" width=\"1024\" height=\"1024\" data-attachment-id=\"2251\" data-permalink=\"https:\/\/cdsde.com.ar\/index\/2023\/11\/11\/el-hcd-en-la-conmemoracion-de-los-40-anos-de-democracia-en-argentina\/img-20231111-wa0075\/\" data-orig-file=\"https:\/\/cdsde.com.ar\/wp-content\/uploads\/2023\/11\/IMG-20231111-WA0075.jpg\" data-orig-size=\"1080,1080\" data-comments-opened=\"1\" data-image-meta=\"{&quot;aperture&quot;:&quot;0&quot;,&quot;credit&quot;:&quot;&quot;,&quot;camera&quot;:&quot;&quot;,&quot;caption&quot;:&quot;&quot;,&quot;created_timestamp&quot;:&quot;0&quot;,&quot;copyright&quot;:&quot;&quot;,&quot;focal_length&quot;:&quot;0&quot;,&quot;iso&quot;:&quot;0&quot;,&quot;shutter_speed&quot;:&quot;0&quot;,&quot;title&quot;:&quot;&quot;,&quot;orientation&quot;:&quot;0&quot;}\" data-image-title=\"IMG-20231111-WA0075\" data-image-description=\"\" data-image-caption=\"\" data-medium-file=\"https:\/\/cdsde.com.ar\/wp-content\/uploads\/2023\/11\/IMG-20231111-WA0075-300x300.jpg\" data-large-file=\"https:\/\/cdsde.com.ar\/wp-content\/uploads\/2023\/11\/IMG-20231111-WA0075-1024x1024.jpg\" data-id=\"2251\" data-lazy-loaded=\"1\"><\/noscript><\/figure>\n<figure class=\"wp-block-image size-large\"><img decoding=\"async\" data-src=\"https:\/\/cdsde.com.ar\/wp-content\/uploads\/2023\/11\/IMG-20231111-WA0073-1024x1024.jpg\" data-srcset=\"https:\/\/cdsde.com.ar\/wp-content\/uploads\/2023\/11\/IMG-20231111-WA0073-1024x1024.jpg 1024w, https:\/\/cdsde.com.ar\/wp-content\/uploads\/2023\/11\/IMG-20231111-WA0073-300x300.jpg 300w, https:\/\/cdsde.com.ar\/wp-content\/uploads\/2023\/11\/IMG-20231111-WA0073-150x150.jpg 150w, https:\/\/cdsde.com.ar\/wp-content\/uploads\/2023\/11\/IMG-20231111-WA0073-768x768.jpg 768w, https:\/\/cdsde.com.ar\/wp-content\/uploads\/2023\/11\/IMG-20231111-WA0073.jpg 1080w\" class=\"wp-image-2252 jetpack-lazy-image jetpack-lazy-image--handled lazyload\" src=\"data:image\/gif;base64,R0lGODlhAQABAIAAAAAAAP\/\/\/yH5BAEAAAAALAAAAAABAAEAAAIBRAA7\" sizes=\"(max-width: 1024px) 100vw, 1024px\"  alt=\"\" width=\"1024\" height=\"1024\" data-attachment-id=\"2252\" data-permalink=\"https:\/\/cdsde.com.ar\/index\/2023\/11\/11\/el-hcd-en-la-conmemoracion-de-los-40-anos-de-democracia-en-argentina\/img-20231111-wa0073\/\" data-orig-file=\"https:\/\/cdsde.com.ar\/wp-content\/uploads\/2023\/11\/IMG-20231111-WA0073.jpg\" data-orig-size=\"1080,1080\" data-comments-opened=\"1\" data-image-meta=\"{&quot;aperture&quot;:&quot;0&quot;,&quot;credit&quot;:&quot;&quot;,&quot;camera&quot;:&quot;&quot;,&quot;caption&quot;:&quot;&quot;,&quot;created_timestamp&quot;:&quot;0&quot;,&quot;copyright&quot;:&quot;&quot;,&quot;focal_length&quot;:&quot;0&quot;,&quot;iso&quot;:&quot;0&quot;,&quot;shutter_speed&quot;:&quot;0&quot;,&quot;title&quot;:&quot;&quot;,&quot;orientation&quot;:&quot;0&quot;}\" data-image-title=\"IMG-20231111-WA0073\" data-image-description=\"\" data-image-caption=\"\" data-medium-file=\"https:\/\/cdsde.com.ar\/wp-content\/uploads\/2023\/11\/IMG-20231111-WA0073-300x300.jpg\" data-large-file=\"https:\/\/cdsde.com.ar\/wp-content\/uploads\/2023\/11\/IMG-20231111-WA0073-1024x1024.jpg\" data-id=\"2252\" data-lazy-loaded=\"1\" \/><noscript><img decoding=\"async\" class=\"wp-image-2252 jetpack-lazy-image jetpack-lazy-image--handled\" src=\"https:\/\/cdsde.com.ar\/wp-content\/uploads\/2023\/11\/IMG-20231111-WA0073-1024x1024.jpg\" sizes=\"(max-width: 1024px) 100vw, 1024px\" srcset=\"https:\/\/cdsde.com.ar\/wp-content\/uploads\/2023\/11\/IMG-20231111-WA0073-1024x1024.jpg 1024w, https:\/\/cdsde.com.ar\/wp-content\/uploads\/2023\/11\/IMG-20231111-WA0073-300x300.jpg 300w, https:\/\/cdsde.com.ar\/wp-content\/uploads\/2023\/11\/IMG-20231111-WA0073-150x150.jpg 150w, https:\/\/cdsde.com.ar\/wp-content\/uploads\/2023\/11\/IMG-20231111-WA0073-768x768.jpg 768w, https:\/\/cdsde.com.ar\/wp-content\/uploads\/2023\/11\/IMG-20231111-WA0073.jpg 1080w\" alt=\"\" width=\"1024\" height=\"1024\" data-attachment-id=\"2252\" data-permalink=\"https:\/\/cdsde.com.ar\/index\/2023\/11\/11\/el-hcd-en-la-conmemoracion-de-los-40-anos-de-democracia-en-argentina\/img-20231111-wa0073\/\" data-orig-file=\"https:\/\/cdsde.com.ar\/wp-content\/uploads\/2023\/11\/IMG-20231111-WA0073.jpg\" data-orig-size=\"1080,1080\" data-comments-opened=\"1\" data-image-meta=\"{&quot;aperture&quot;:&quot;0&quot;,&quot;credit&quot;:&quot;&quot;,&quot;camera&quot;:&quot;&quot;,&quot;caption&quot;:&quot;&quot;,&quot;created_timestamp&quot;:&quot;0&quot;,&quot;copyright&quot;:&quot;&quot;,&quot;focal_length&quot;:&quot;0&quot;,&quot;iso&quot;:&quot;0&quot;,&quot;shutter_speed&quot;:&quot;0&quot;,&quot;title&quot;:&quot;&quot;,&quot;orientation&quot;:&quot;0&quot;}\" data-image-title=\"IMG-20231111-WA0073\" data-image-description=\"\" data-image-caption=\"\" data-medium-file=\"https:\/\/cdsde.com.ar\/wp-content\/uploads\/2023\/11\/IMG-20231111-WA0073-300x300.jpg\" data-large-file=\"https:\/\/cdsde.com.ar\/wp-content\/uploads\/2023\/11\/IMG-20231111-WA0073-1024x1024.jpg\" data-id=\"2252\" data-lazy-loaded=\"1\"><\/noscript><\/figure>\n<\/figure>\n<\/div>\n<footer class=\"entry-footer featured-desc\"><\/footer>\n","protected":false},"excerpt":{"rendered":"<p>Presidida por el gobernador Gerardo Zamora y la presidenta provisional del Senado, Claudia Ledesma Abdala De Zamora, se realiz\u00f3 la ceremonia de apertura del mes de conmemoraci\u00f3n de los 40 a\u00f1os de democracia en Argentina, en la explanada del Centro Cultural del Bicentenario Santiago del Estero. La jornada estuvo llena de espect\u00e1culos de danza, m\u00fasica y un despliegue de banderas argentinas con la interpretaci\u00f3n del Himno Nacional a cargo de integrantes de la Orquesta Infantil Juvenil del Ministerio de Educaci\u00f3n y Coro Polif\u00f3nico del CCB dirigida por el profesor Eduardo&hellip;<\/p>\n","protected":false},"author":1,"featured_media":0,"comment_status":"open","ping_status":"closed","sticky":false,"template":"","format":"standard","meta":{"footnotes":""},"categories":[3],"tags":[],"class_list":["post-5029","post","type-post","status-publish","format-standard","hentry","category-hcd-capital"],"rttpg_featured_image_url":null,"rttpg_author":{"display_name":"rober","author_link":"https:\/\/livingmultimediosde.net.ar\/INDEX\/author\/rober\/"},"rttpg_comment":0,"rttpg_category":"<a href=\"https:\/\/livingmultimediosde.net.ar\/INDEX\/category\/hcd-capital\/\" rel=\"category tag\">HCD CAPITAL<\/a>","rttpg_excerpt":"Presidida por el gobernador Gerardo Zamora y la presidenta provisional del Senado, Claudia Ledesma Abdala De Zamora, se realiz\u00f3 la ceremonia de apertura del mes de conmemoraci\u00f3n de los 40 a\u00f1os de democracia en Argentina, en la explanada del Centro Cultural del Bicentenario Santiago del Estero. La jornada estuvo llena de espect\u00e1culos de danza, m\u00fasica&hellip;","_links":{"self":[{"href":"https:\/\/livingmultimediosde.net.ar\/INDEX\/wp-json\/wp\/v2\/posts\/5029","targetHints":{"allow":["GET"]}}],"collection":[{"href":"https:\/\/livingmultimediosde.net.ar\/INDEX\/wp-json\/wp\/v2\/posts"}],"about":[{"href":"https:\/\/livingmultimediosde.net.ar\/INDEX\/wp-json\/wp\/v2\/types\/post"}],"author":[{"embeddable":true,"href":"https:\/\/livingmultimediosde.net.ar\/INDEX\/wp-json\/wp\/v2\/users\/1"}],"replies":[{"embeddable":true,"href":"https:\/\/livingmultimediosde.net.ar\/INDEX\/wp-json\/wp\/v2\/comments?post=5029"}],"version-history":[{"count":1,"href":"https:\/\/livingmultimediosde.net.ar\/INDEX\/wp-json\/wp\/v2\/posts\/5029\/revisions"}],"predecessor-version":[{"id":5031,"href":"https:\/\/livingmultimediosde.net.ar\/INDEX\/wp-json\/wp\/v2\/posts\/5029\/revisions\/5031"}],"wp:attachment":[{"href":"https:\/\/livingmultimediosde.net.ar\/INDEX\/wp-json\/wp\/v2\/media?parent=5029"}],"wp:term":[{"taxonomy":"category","embeddable":true,"href":"https:\/\/livingmultimediosde.net.ar\/INDEX\/wp-json\/wp\/v2\/categories?post=5029"},{"taxonomy":"post_tag","embeddable":true,"href":"https:\/\/livingmultimediosde.net.ar\/INDEX\/wp-json\/wp\/v2\/tags?post=5029"}],"curies":[{"name":"wp","href":"https:\/\/api.w.org\/{rel}","templated":true}]}}