{"id":5026,"date":"2023-11-12T17:32:01","date_gmt":"2023-11-12T17:32:01","guid":{"rendered":"https:\/\/livingmultimediosde.net.ar\/INDEX\/?p=5026"},"modified":"2023-11-12T17:32:01","modified_gmt":"2023-11-12T17:32:01","slug":"el-hcd-en-la-plaza-cristoforo-juarez","status":"publish","type":"post","link":"https:\/\/livingmultimediosde.net.ar\/INDEX\/2023\/11\/el-hcd-en-la-plaza-cristoforo-juarez\/","title":{"rendered":"EL HCD EN LA PLAZA \u00abCRISTOFORO JUAREZ\u00bb"},"content":{"rendered":"<p>10.11.23. Durante esta ma\u00f1ana del ultimo viernes, la intendente Norma Fuentes junto a funcionarios municipales, el presidente del Honorable Concejo Deliberante don Humberto Eduardo Santill\u00e1n y los concejales Aida Luz Soria, Gustavo Salvatierra Rodr\u00edguez y Mario Nazer, visitaron la Plaza \u00abCrist\u00f3foro Ju\u00e1rez\u00bb ubicada en calle Jap\u00f3n entre Alemania y Grecia del barrio Los Inmigrantes.<br \/>\nTambi\u00e9n fueron acompa\u00f1ados por vecinos que se acercaron, saludaron y agradecieron a la sra intendente la realizaci\u00f3n de esta obra, que viene a embellecer la zona y ser\u00e1 espacio de esparcimiento para todos ellos.<\/p>\n<figure class=\"wp-block-gallery has-nested-images columns-default is-cropped wp-block-gallery-1 is-layout-flex wp-block-gallery-is-layout-flex\" data-carousel-extra=\"{&quot;blog_id&quot;:1,&quot;permalink&quot;:&quot;https:\\\/\\\/cdsde.com.ar\\\/index\\\/2023\\\/11\\\/11\\\/el-hcd-en-la-plaza-cristoforo-juarez\\\/&quot;}\">\n<figure class=\"wp-block-image size-large\"><img decoding=\"async\" data-src=\"https:\/\/cdsde.com.ar\/wp-content\/uploads\/2023\/11\/IMG-20231111-WA0081-1-1024x768.jpg\" data-srcset=\"https:\/\/cdsde.com.ar\/wp-content\/uploads\/2023\/11\/IMG-20231111-WA0081-1-1024x768.jpg 1024w, https:\/\/cdsde.com.ar\/wp-content\/uploads\/2023\/11\/IMG-20231111-WA0081-1-300x225.jpg 300w, https:\/\/cdsde.com.ar\/wp-content\/uploads\/2023\/11\/IMG-20231111-WA0081-1-768x576.jpg 768w, https:\/\/cdsde.com.ar\/wp-content\/uploads\/2023\/11\/IMG-20231111-WA0081-1-1536x1153.jpg 1536w, https:\/\/cdsde.com.ar\/wp-content\/uploads\/2023\/11\/IMG-20231111-WA0081-1.jpg 1599w\" class=\"wp-image-2243 jetpack-lazy-image jetpack-lazy-image--handled lazyload\" src=\"data:image\/gif;base64,R0lGODlhAQABAIAAAAAAAP\/\/\/yH5BAEAAAAALAAAAAABAAEAAAIBRAA7\" sizes=\"(max-width: 1024px) 100vw, 1024px\"  alt=\"\" width=\"1024\" height=\"768\" data-attachment-id=\"2243\" data-permalink=\"https:\/\/cdsde.com.ar\/index\/2023\/11\/11\/el-hcd-en-la-plaza-cristoforo-juarez\/img-20231111-wa0081-1\/\" data-orig-file=\"https:\/\/cdsde.com.ar\/wp-content\/uploads\/2023\/11\/IMG-20231111-WA0081-1.jpg\" data-orig-size=\"1599,1200\" data-comments-opened=\"1\" data-image-meta=\"{&quot;aperture&quot;:&quot;0&quot;,&quot;credit&quot;:&quot;&quot;,&quot;camera&quot;:&quot;&quot;,&quot;caption&quot;:&quot;&quot;,&quot;created_timestamp&quot;:&quot;0&quot;,&quot;copyright&quot;:&quot;&quot;,&quot;focal_length&quot;:&quot;0&quot;,&quot;iso&quot;:&quot;0&quot;,&quot;shutter_speed&quot;:&quot;0&quot;,&quot;title&quot;:&quot;&quot;,&quot;orientation&quot;:&quot;0&quot;}\" data-image-title=\"IMG-20231111-WA0081-1\" data-image-description=\"\" data-image-caption=\"\" data-medium-file=\"https:\/\/cdsde.com.ar\/wp-content\/uploads\/2023\/11\/IMG-20231111-WA0081-1-300x225.jpg\" data-large-file=\"https:\/\/cdsde.com.ar\/wp-content\/uploads\/2023\/11\/IMG-20231111-WA0081-1-1024x768.jpg\" data-id=\"2243\" data-lazy-loaded=\"1\" \/><noscript><img decoding=\"async\" class=\"wp-image-2243 jetpack-lazy-image jetpack-lazy-image--handled\" src=\"https:\/\/cdsde.com.ar\/wp-content\/uploads\/2023\/11\/IMG-20231111-WA0081-1-1024x768.jpg\" sizes=\"(max-width: 1024px) 100vw, 1024px\" srcset=\"https:\/\/cdsde.com.ar\/wp-content\/uploads\/2023\/11\/IMG-20231111-WA0081-1-1024x768.jpg 1024w, https:\/\/cdsde.com.ar\/wp-content\/uploads\/2023\/11\/IMG-20231111-WA0081-1-300x225.jpg 300w, https:\/\/cdsde.com.ar\/wp-content\/uploads\/2023\/11\/IMG-20231111-WA0081-1-768x576.jpg 768w, https:\/\/cdsde.com.ar\/wp-content\/uploads\/2023\/11\/IMG-20231111-WA0081-1-1536x1153.jpg 1536w, https:\/\/cdsde.com.ar\/wp-content\/uploads\/2023\/11\/IMG-20231111-WA0081-1.jpg 1599w\" alt=\"\" width=\"1024\" height=\"768\" data-attachment-id=\"2243\" data-permalink=\"https:\/\/cdsde.com.ar\/index\/2023\/11\/11\/el-hcd-en-la-plaza-cristoforo-juarez\/img-20231111-wa0081-1\/\" data-orig-file=\"https:\/\/cdsde.com.ar\/wp-content\/uploads\/2023\/11\/IMG-20231111-WA0081-1.jpg\" data-orig-size=\"1599,1200\" data-comments-opened=\"1\" data-image-meta=\"{&quot;aperture&quot;:&quot;0&quot;,&quot;credit&quot;:&quot;&quot;,&quot;camera&quot;:&quot;&quot;,&quot;caption&quot;:&quot;&quot;,&quot;created_timestamp&quot;:&quot;0&quot;,&quot;copyright&quot;:&quot;&quot;,&quot;focal_length&quot;:&quot;0&quot;,&quot;iso&quot;:&quot;0&quot;,&quot;shutter_speed&quot;:&quot;0&quot;,&quot;title&quot;:&quot;&quot;,&quot;orientation&quot;:&quot;0&quot;}\" data-image-title=\"IMG-20231111-WA0081-1\" data-image-description=\"\" data-image-caption=\"\" data-medium-file=\"https:\/\/cdsde.com.ar\/wp-content\/uploads\/2023\/11\/IMG-20231111-WA0081-1-300x225.jpg\" data-large-file=\"https:\/\/cdsde.com.ar\/wp-content\/uploads\/2023\/11\/IMG-20231111-WA0081-1-1024x768.jpg\" data-id=\"2243\" data-lazy-loaded=\"1\"><\/noscript><\/figure>\n<figure class=\"wp-block-image size-large\"><img decoding=\"async\" data-src=\"https:\/\/cdsde.com.ar\/wp-content\/uploads\/2023\/11\/IMG-20231111-WA0080-1-1024x768.jpg\" data-srcset=\"https:\/\/cdsde.com.ar\/wp-content\/uploads\/2023\/11\/IMG-20231111-WA0080-1-1024x768.jpg 1024w, https:\/\/cdsde.com.ar\/wp-content\/uploads\/2023\/11\/IMG-20231111-WA0080-1-300x225.jpg 300w, https:\/\/cdsde.com.ar\/wp-content\/uploads\/2023\/11\/IMG-20231111-WA0080-1-768x576.jpg 768w, https:\/\/cdsde.com.ar\/wp-content\/uploads\/2023\/11\/IMG-20231111-WA0080-1-1536x1153.jpg 1536w, https:\/\/cdsde.com.ar\/wp-content\/uploads\/2023\/11\/IMG-20231111-WA0080-1.jpg 1599w\" class=\"wp-image-2244 jetpack-lazy-image jetpack-lazy-image--handled lazyload\" src=\"data:image\/gif;base64,R0lGODlhAQABAIAAAAAAAP\/\/\/yH5BAEAAAAALAAAAAABAAEAAAIBRAA7\" sizes=\"(max-width: 1024px) 100vw, 1024px\"  alt=\"\" width=\"1024\" height=\"768\" data-attachment-id=\"2244\" data-permalink=\"https:\/\/cdsde.com.ar\/index\/2023\/11\/11\/el-hcd-en-la-plaza-cristoforo-juarez\/img-20231111-wa0080-1\/\" data-orig-file=\"https:\/\/cdsde.com.ar\/wp-content\/uploads\/2023\/11\/IMG-20231111-WA0080-1.jpg\" data-orig-size=\"1599,1200\" data-comments-opened=\"1\" data-image-meta=\"{&quot;aperture&quot;:&quot;0&quot;,&quot;credit&quot;:&quot;&quot;,&quot;camera&quot;:&quot;&quot;,&quot;caption&quot;:&quot;&quot;,&quot;created_timestamp&quot;:&quot;0&quot;,&quot;copyright&quot;:&quot;&quot;,&quot;focal_length&quot;:&quot;0&quot;,&quot;iso&quot;:&quot;0&quot;,&quot;shutter_speed&quot;:&quot;0&quot;,&quot;title&quot;:&quot;&quot;,&quot;orientation&quot;:&quot;0&quot;}\" data-image-title=\"IMG-20231111-WA0080-1\" data-image-description=\"\" data-image-caption=\"\" data-medium-file=\"https:\/\/cdsde.com.ar\/wp-content\/uploads\/2023\/11\/IMG-20231111-WA0080-1-300x225.jpg\" data-large-file=\"https:\/\/cdsde.com.ar\/wp-content\/uploads\/2023\/11\/IMG-20231111-WA0080-1-1024x768.jpg\" data-id=\"2244\" data-lazy-loaded=\"1\" \/><noscript><img decoding=\"async\" class=\"wp-image-2244 jetpack-lazy-image jetpack-lazy-image--handled\" src=\"https:\/\/cdsde.com.ar\/wp-content\/uploads\/2023\/11\/IMG-20231111-WA0080-1-1024x768.jpg\" sizes=\"(max-width: 1024px) 100vw, 1024px\" srcset=\"https:\/\/cdsde.com.ar\/wp-content\/uploads\/2023\/11\/IMG-20231111-WA0080-1-1024x768.jpg 1024w, https:\/\/cdsde.com.ar\/wp-content\/uploads\/2023\/11\/IMG-20231111-WA0080-1-300x225.jpg 300w, https:\/\/cdsde.com.ar\/wp-content\/uploads\/2023\/11\/IMG-20231111-WA0080-1-768x576.jpg 768w, https:\/\/cdsde.com.ar\/wp-content\/uploads\/2023\/11\/IMG-20231111-WA0080-1-1536x1153.jpg 1536w, https:\/\/cdsde.com.ar\/wp-content\/uploads\/2023\/11\/IMG-20231111-WA0080-1.jpg 1599w\" alt=\"\" width=\"1024\" height=\"768\" data-attachment-id=\"2244\" data-permalink=\"https:\/\/cdsde.com.ar\/index\/2023\/11\/11\/el-hcd-en-la-plaza-cristoforo-juarez\/img-20231111-wa0080-1\/\" data-orig-file=\"https:\/\/cdsde.com.ar\/wp-content\/uploads\/2023\/11\/IMG-20231111-WA0080-1.jpg\" data-orig-size=\"1599,1200\" data-comments-opened=\"1\" data-image-meta=\"{&quot;aperture&quot;:&quot;0&quot;,&quot;credit&quot;:&quot;&quot;,&quot;camera&quot;:&quot;&quot;,&quot;caption&quot;:&quot;&quot;,&quot;created_timestamp&quot;:&quot;0&quot;,&quot;copyright&quot;:&quot;&quot;,&quot;focal_length&quot;:&quot;0&quot;,&quot;iso&quot;:&quot;0&quot;,&quot;shutter_speed&quot;:&quot;0&quot;,&quot;title&quot;:&quot;&quot;,&quot;orientation&quot;:&quot;0&quot;}\" data-image-title=\"IMG-20231111-WA0080-1\" data-image-description=\"\" data-image-caption=\"\" data-medium-file=\"https:\/\/cdsde.com.ar\/wp-content\/uploads\/2023\/11\/IMG-20231111-WA0080-1-300x225.jpg\" data-large-file=\"https:\/\/cdsde.com.ar\/wp-content\/uploads\/2023\/11\/IMG-20231111-WA0080-1-1024x768.jpg\" data-id=\"2244\" data-lazy-loaded=\"1\"><\/noscript><\/figure>\n<figure class=\"wp-block-image size-large\"><img decoding=\"async\" data-src=\"https:\/\/cdsde.com.ar\/wp-content\/uploads\/2023\/11\/IMG-20231111-WA0072-1024x768.jpg\" data-srcset=\"https:\/\/cdsde.com.ar\/wp-content\/uploads\/2023\/11\/IMG-20231111-WA0072-1024x768.jpg 1024w, https:\/\/cdsde.com.ar\/wp-content\/uploads\/2023\/11\/IMG-20231111-WA0072-300x225.jpg 300w, https:\/\/cdsde.com.ar\/wp-content\/uploads\/2023\/11\/IMG-20231111-WA0072-768x576.jpg 768w, https:\/\/cdsde.com.ar\/wp-content\/uploads\/2023\/11\/IMG-20231111-WA0072-1536x1153.jpg 1536w, https:\/\/cdsde.com.ar\/wp-content\/uploads\/2023\/11\/IMG-20231111-WA0072.jpg 1599w\" class=\"wp-image-2245 jetpack-lazy-image jetpack-lazy-image--handled lazyload\" src=\"data:image\/gif;base64,R0lGODlhAQABAIAAAAAAAP\/\/\/yH5BAEAAAAALAAAAAABAAEAAAIBRAA7\" sizes=\"(max-width: 1024px) 100vw, 1024px\"  alt=\"\" width=\"1024\" height=\"768\" data-attachment-id=\"2245\" data-permalink=\"https:\/\/cdsde.com.ar\/index\/2023\/11\/11\/el-hcd-en-la-plaza-cristoforo-juarez\/img-20231111-wa0072\/\" data-orig-file=\"https:\/\/cdsde.com.ar\/wp-content\/uploads\/2023\/11\/IMG-20231111-WA0072.jpg\" data-orig-size=\"1599,1200\" data-comments-opened=\"1\" data-image-meta=\"{&quot;aperture&quot;:&quot;0&quot;,&quot;credit&quot;:&quot;&quot;,&quot;camera&quot;:&quot;&quot;,&quot;caption&quot;:&quot;&quot;,&quot;created_timestamp&quot;:&quot;0&quot;,&quot;copyright&quot;:&quot;&quot;,&quot;focal_length&quot;:&quot;0&quot;,&quot;iso&quot;:&quot;0&quot;,&quot;shutter_speed&quot;:&quot;0&quot;,&quot;title&quot;:&quot;&quot;,&quot;orientation&quot;:&quot;0&quot;}\" data-image-title=\"IMG-20231111-WA0072\" data-image-description=\"\" data-image-caption=\"\" data-medium-file=\"https:\/\/cdsde.com.ar\/wp-content\/uploads\/2023\/11\/IMG-20231111-WA0072-300x225.jpg\" data-large-file=\"https:\/\/cdsde.com.ar\/wp-content\/uploads\/2023\/11\/IMG-20231111-WA0072-1024x768.jpg\" data-id=\"2245\" data-lazy-loaded=\"1\" \/><noscript><img decoding=\"async\" class=\"wp-image-2245 jetpack-lazy-image jetpack-lazy-image--handled\" src=\"https:\/\/cdsde.com.ar\/wp-content\/uploads\/2023\/11\/IMG-20231111-WA0072-1024x768.jpg\" sizes=\"(max-width: 1024px) 100vw, 1024px\" srcset=\"https:\/\/cdsde.com.ar\/wp-content\/uploads\/2023\/11\/IMG-20231111-WA0072-1024x768.jpg 1024w, https:\/\/cdsde.com.ar\/wp-content\/uploads\/2023\/11\/IMG-20231111-WA0072-300x225.jpg 300w, https:\/\/cdsde.com.ar\/wp-content\/uploads\/2023\/11\/IMG-20231111-WA0072-768x576.jpg 768w, https:\/\/cdsde.com.ar\/wp-content\/uploads\/2023\/11\/IMG-20231111-WA0072-1536x1153.jpg 1536w, https:\/\/cdsde.com.ar\/wp-content\/uploads\/2023\/11\/IMG-20231111-WA0072.jpg 1599w\" alt=\"\" width=\"1024\" height=\"768\" data-attachment-id=\"2245\" data-permalink=\"https:\/\/cdsde.com.ar\/index\/2023\/11\/11\/el-hcd-en-la-plaza-cristoforo-juarez\/img-20231111-wa0072\/\" data-orig-file=\"https:\/\/cdsde.com.ar\/wp-content\/uploads\/2023\/11\/IMG-20231111-WA0072.jpg\" data-orig-size=\"1599,1200\" data-comments-opened=\"1\" data-image-meta=\"{&quot;aperture&quot;:&quot;0&quot;,&quot;credit&quot;:&quot;&quot;,&quot;camera&quot;:&quot;&quot;,&quot;caption&quot;:&quot;&quot;,&quot;created_timestamp&quot;:&quot;0&quot;,&quot;copyright&quot;:&quot;&quot;,&quot;focal_length&quot;:&quot;0&quot;,&quot;iso&quot;:&quot;0&quot;,&quot;shutter_speed&quot;:&quot;0&quot;,&quot;title&quot;:&quot;&quot;,&quot;orientation&quot;:&quot;0&quot;}\" data-image-title=\"IMG-20231111-WA0072\" data-image-description=\"\" data-image-caption=\"\" data-medium-file=\"https:\/\/cdsde.com.ar\/wp-content\/uploads\/2023\/11\/IMG-20231111-WA0072-300x225.jpg\" data-large-file=\"https:\/\/cdsde.com.ar\/wp-content\/uploads\/2023\/11\/IMG-20231111-WA0072-1024x768.jpg\" data-id=\"2245\" data-lazy-loaded=\"1\"><\/noscript><\/figure>\n<figure class=\"wp-block-image size-large\"><img decoding=\"async\" data-src=\"https:\/\/cdsde.com.ar\/wp-content\/uploads\/2023\/11\/IMG-20231111-WA0070-1024x768.jpg\" data-srcset=\"https:\/\/cdsde.com.ar\/wp-content\/uploads\/2023\/11\/IMG-20231111-WA0070-1024x768.jpg 1024w, https:\/\/cdsde.com.ar\/wp-content\/uploads\/2023\/11\/IMG-20231111-WA0070-300x225.jpg 300w, https:\/\/cdsde.com.ar\/wp-content\/uploads\/2023\/11\/IMG-20231111-WA0070-768x576.jpg 768w, https:\/\/cdsde.com.ar\/wp-content\/uploads\/2023\/11\/IMG-20231111-WA0070-1536x1153.jpg 1536w, https:\/\/cdsde.com.ar\/wp-content\/uploads\/2023\/11\/IMG-20231111-WA0070.jpg 1599w\" class=\"wp-image-2246 jetpack-lazy-image jetpack-lazy-image--handled lazyload\" src=\"data:image\/gif;base64,R0lGODlhAQABAIAAAAAAAP\/\/\/yH5BAEAAAAALAAAAAABAAEAAAIBRAA7\" sizes=\"(max-width: 1024px) 100vw, 1024px\"  alt=\"\" width=\"1024\" height=\"768\" data-attachment-id=\"2246\" data-permalink=\"https:\/\/cdsde.com.ar\/index\/2023\/11\/11\/el-hcd-en-la-plaza-cristoforo-juarez\/img-20231111-wa0070\/\" data-orig-file=\"https:\/\/cdsde.com.ar\/wp-content\/uploads\/2023\/11\/IMG-20231111-WA0070.jpg\" data-orig-size=\"1599,1200\" data-comments-opened=\"1\" data-image-meta=\"{&quot;aperture&quot;:&quot;0&quot;,&quot;credit&quot;:&quot;&quot;,&quot;camera&quot;:&quot;&quot;,&quot;caption&quot;:&quot;&quot;,&quot;created_timestamp&quot;:&quot;0&quot;,&quot;copyright&quot;:&quot;&quot;,&quot;focal_length&quot;:&quot;0&quot;,&quot;iso&quot;:&quot;0&quot;,&quot;shutter_speed&quot;:&quot;0&quot;,&quot;title&quot;:&quot;&quot;,&quot;orientation&quot;:&quot;0&quot;}\" data-image-title=\"IMG-20231111-WA0070\" data-image-description=\"\" data-image-caption=\"\" data-medium-file=\"https:\/\/cdsde.com.ar\/wp-content\/uploads\/2023\/11\/IMG-20231111-WA0070-300x225.jpg\" data-large-file=\"https:\/\/cdsde.com.ar\/wp-content\/uploads\/2023\/11\/IMG-20231111-WA0070-1024x768.jpg\" data-id=\"2246\" data-lazy-loaded=\"1\" \/><noscript><img decoding=\"async\" class=\"wp-image-2246 jetpack-lazy-image jetpack-lazy-image--handled\" src=\"https:\/\/cdsde.com.ar\/wp-content\/uploads\/2023\/11\/IMG-20231111-WA0070-1024x768.jpg\" sizes=\"(max-width: 1024px) 100vw, 1024px\" srcset=\"https:\/\/cdsde.com.ar\/wp-content\/uploads\/2023\/11\/IMG-20231111-WA0070-1024x768.jpg 1024w, https:\/\/cdsde.com.ar\/wp-content\/uploads\/2023\/11\/IMG-20231111-WA0070-300x225.jpg 300w, https:\/\/cdsde.com.ar\/wp-content\/uploads\/2023\/11\/IMG-20231111-WA0070-768x576.jpg 768w, https:\/\/cdsde.com.ar\/wp-content\/uploads\/2023\/11\/IMG-20231111-WA0070-1536x1153.jpg 1536w, https:\/\/cdsde.com.ar\/wp-content\/uploads\/2023\/11\/IMG-20231111-WA0070.jpg 1599w\" alt=\"\" width=\"1024\" height=\"768\" data-attachment-id=\"2246\" data-permalink=\"https:\/\/cdsde.com.ar\/index\/2023\/11\/11\/el-hcd-en-la-plaza-cristoforo-juarez\/img-20231111-wa0070\/\" data-orig-file=\"https:\/\/cdsde.com.ar\/wp-content\/uploads\/2023\/11\/IMG-20231111-WA0070.jpg\" data-orig-size=\"1599,1200\" data-comments-opened=\"1\" data-image-meta=\"{&quot;aperture&quot;:&quot;0&quot;,&quot;credit&quot;:&quot;&quot;,&quot;camera&quot;:&quot;&quot;,&quot;caption&quot;:&quot;&quot;,&quot;created_timestamp&quot;:&quot;0&quot;,&quot;copyright&quot;:&quot;&quot;,&quot;focal_length&quot;:&quot;0&quot;,&quot;iso&quot;:&quot;0&quot;,&quot;shutter_speed&quot;:&quot;0&quot;,&quot;title&quot;:&quot;&quot;,&quot;orientation&quot;:&quot;0&quot;}\" data-image-title=\"IMG-20231111-WA0070\" data-image-description=\"\" data-image-caption=\"\" data-medium-file=\"https:\/\/cdsde.com.ar\/wp-content\/uploads\/2023\/11\/IMG-20231111-WA0070-300x225.jpg\" data-large-file=\"https:\/\/cdsde.com.ar\/wp-content\/uploads\/2023\/11\/IMG-20231111-WA0070-1024x768.jpg\" data-id=\"2246\" data-lazy-loaded=\"1\"><\/noscript><\/figure>\n<\/figure>\n","protected":false},"excerpt":{"rendered":"<p>10.11.23. Durante esta ma\u00f1ana del ultimo viernes, la intendente Norma Fuentes junto a funcionarios municipales, el presidente del Honorable Concejo Deliberante don Humberto Eduardo Santill\u00e1n y los concejales Aida Luz Soria, Gustavo Salvatierra Rodr\u00edguez y Mario Nazer, visitaron la Plaza \u00abCrist\u00f3foro Ju\u00e1rez\u00bb ubicada en calle Jap\u00f3n entre Alemania y Grecia del barrio Los Inmigrantes. Tambi\u00e9n fueron acompa\u00f1ados por vecinos que se acercaron, saludaron y agradecieron a la sra intendente la realizaci\u00f3n de esta obra, que viene a embellecer la zona y ser\u00e1 espacio de esparcimiento para todos ellos.<\/p>\n","protected":false},"author":1,"featured_media":0,"comment_status":"open","ping_status":"closed","sticky":false,"template":"","format":"standard","meta":{"footnotes":""},"categories":[3],"tags":[],"class_list":["post-5026","post","type-post","status-publish","format-standard","hentry","category-hcd-capital"],"rttpg_featured_image_url":null,"rttpg_author":{"display_name":"rober","author_link":"https:\/\/livingmultimediosde.net.ar\/INDEX\/author\/rober\/"},"rttpg_comment":0,"rttpg_category":"<a href=\"https:\/\/livingmultimediosde.net.ar\/INDEX\/category\/hcd-capital\/\" rel=\"category tag\">HCD CAPITAL<\/a>","rttpg_excerpt":"10.11.23. Durante esta ma\u00f1ana del ultimo viernes, la intendente Norma Fuentes junto a funcionarios municipales, el presidente del Honorable Concejo Deliberante don Humberto Eduardo Santill\u00e1n y los concejales Aida Luz Soria, Gustavo Salvatierra Rodr\u00edguez y Mario Nazer, visitaron la Plaza \u00abCrist\u00f3foro Ju\u00e1rez\u00bb ubicada en calle Jap\u00f3n entre Alemania y Grecia del barrio Los Inmigrantes. Tambi\u00e9n&hellip;","_links":{"self":[{"href":"https:\/\/livingmultimediosde.net.ar\/INDEX\/wp-json\/wp\/v2\/posts\/5026","targetHints":{"allow":["GET"]}}],"collection":[{"href":"https:\/\/livingmultimediosde.net.ar\/INDEX\/wp-json\/wp\/v2\/posts"}],"about":[{"href":"https:\/\/livingmultimediosde.net.ar\/INDEX\/wp-json\/wp\/v2\/types\/post"}],"author":[{"embeddable":true,"href":"https:\/\/livingmultimediosde.net.ar\/INDEX\/wp-json\/wp\/v2\/users\/1"}],"replies":[{"embeddable":true,"href":"https:\/\/livingmultimediosde.net.ar\/INDEX\/wp-json\/wp\/v2\/comments?post=5026"}],"version-history":[{"count":1,"href":"https:\/\/livingmultimediosde.net.ar\/INDEX\/wp-json\/wp\/v2\/posts\/5026\/revisions"}],"predecessor-version":[{"id":5028,"href":"https:\/\/livingmultimediosde.net.ar\/INDEX\/wp-json\/wp\/v2\/posts\/5026\/revisions\/5028"}],"wp:attachment":[{"href":"https:\/\/livingmultimediosde.net.ar\/INDEX\/wp-json\/wp\/v2\/media?parent=5026"}],"wp:term":[{"taxonomy":"category","embeddable":true,"href":"https:\/\/livingmultimediosde.net.ar\/INDEX\/wp-json\/wp\/v2\/categories?post=5026"},{"taxonomy":"post_tag","embeddable":true,"href":"https:\/\/livingmultimediosde.net.ar\/INDEX\/wp-json\/wp\/v2\/tags?post=5026"}],"curies":[{"name":"wp","href":"https:\/\/api.w.org\/{rel}","templated":true}]}}